{"id":10260,"date":"2024-11-20T10:11:33","date_gmt":"2024-11-20T09:11:33","guid":{"rendered":"https:\/\/mairieassinie.com\/web\/?p=10260"},"modified":"2024-11-25T10:27:00","modified_gmt":"2024-11-25T09:27:00","slug":"%f0%9d%90%95%f0%9d%90%a2%f0%9d%90%ac%f0%9d%90%a2%f0%9d%90%ad%f0%9d%90%9e-%f0%9d%90%9d%f0%9d%90%ae-%f0%9d%90%a9%f0%9d%90%ab%f0%9d%90%9e%f0%9d%90%ac%f0%9d%90%a2%f0%9d%90%9d%f0%9d%90%9e%f0%9d%90%a7","status":"publish","type":"post","link":"https:\/\/mairieassinie.com\/web\/%f0%9d%90%95%f0%9d%90%a2%f0%9d%90%ac%f0%9d%90%a2%f0%9d%90%ad%f0%9d%90%9e-%f0%9d%90%9d%f0%9d%90%ae-%f0%9d%90%a9%f0%9d%90%ab%f0%9d%90%9e%f0%9d%90%ac%f0%9d%90%a2%f0%9d%90%9d%f0%9d%90%9e%f0%9d%90%a7\/","title":{"rendered":"\ud835\udc15\ud835\udc22\ud835\udc2c\ud835\udc22\ud835\udc2d\ud835\udc1e \ud835\udc1d\ud835\udc2e \ud835\udc29\ud835\udc2b\ud835\udc1e\u0301\ud835\udc2c\ud835\udc22\ud835\udc1d\ud835\udc1e\ud835\udc27\ud835\udc2d \ud835\udc1d\ud835\udc2e \ud835\udc1c\ud835\udc28\ud835\udc27\ud835\udc2c\ud835\udc1e\ud835\udc22\ud835\udc25 \ud835\udc1e\u0301\ud835\udc1c\ud835\udc28\ud835\udc27\ud835\udc28\ud835\udc26\ud835\udc22\ud835\udc2a\ud835\udc2e\ud835\udc1e"},"content":{"rendered":"\n<p>Sous la direction du Dr Eug\u00e8ne Aka Aou\u00e9l\u00e9, Pr\u00e9sident du Conseil \u00c9conomique, Social, Environnemental et Culturel (CESEC), une mission importante a eu lieu \u00e0 Assinie le mardi 19 novembre afin d\u2019\u00e9valuer les effets de l\u2019\u00e9rosion c\u00f4ti\u00e8re.<\/p>\n\n\n\n<p>Accompagn\u00e9 de conseillers \u00e9conomiques, sociaux, environnementaux et culturels, ainsi que <a><\/a>de repr\u00e9sentants de l\u2019Organisation Internationale pour les Migrations (OIM), et d\u2019autorit\u00e9s administratives et coutumi\u00e8res, le pr\u00e9sident Aka Aou\u00e9l\u00e9 a pu constater les destructions occasionn\u00e9es par ce ph\u00e9nom\u00e8ne.<\/p>\n\n\n\n<p>Chaque ann\u00e9e, la mer progresse de deux m\u00e8tres, mena\u00e7ant ainsi les habitations, les activit\u00e9s de p\u00eache et le patrimoine culturel local.<\/p>\n\n\n\n<p>Lors de la rencontre avec Sa Majest\u00e9 Awoula\u00e9 Fian Mossou V, roi d\u2019Assinie Mafia, et le maire Pierre Magne, le pr\u00e9sident du CESEC a soulign\u00e9 l\u2019urgence de mettre en place des actions coordonn\u00e9es pour prot\u00e9ger le littoral.<\/p>\n\n\n\n<p>Le CESEC a pris l\u2019engagement de r\u00e9diger un rapport d\u00e9taill\u00e9 et de soumettre des recommandations concr\u00e8tes au gouvernement, afin de pr\u00e9server ces espaces vitaux et de garantir la protection des g\u00e9n\u00e9rations futures.<\/p>\n\n\n\n<figure class=\"wp-block-gallery has-nested-images columns-default is-cropped wp-block-gallery-1 is-layout-flex wp-block-gallery-is-layout-flex\">\n<figure class=\"wp-block-image size-large\"><a href=\"https:\/\/mairieassinie.com\/web\/wp-content\/uploads\/2024\/11\/IMG-20241121-WA0472.jpg\"><img fetchpriority=\"high\" decoding=\"async\" width=\"1024\" height=\"768\" data-id=\"10261\" src=\"https:\/\/mairieassinie.com\/web\/wp-content\/uploads\/2024\/11\/IMG-20241121-WA0472-1024x768.jpg\" alt=\"\" class=\"wp-image-10261\" srcset=\"https:\/\/mairieassinie.com\/web\/wp-content\/uploads\/2024\/11\/IMG-20241121-WA0472-1024x768.jpg 1024w, https:\/\/mairieassinie.com\/web\/wp-content\/uploads\/2024\/11\/IMG-20241121-WA0472-300x225.jpg 300w, https:\/\/mairieassinie.com\/web\/wp-content\/uploads\/2024\/11\/IMG-20241121-WA0472-768x576.jpg 768w, https:\/\/mairieassinie.com\/web\/wp-content\/uploads\/2024\/11\/IMG-20241121-WA0472-304x228.jpg 304w, https:\/\/mairieassinie.com\/web\/wp-content\/uploads\/2024\/11\/IMG-20241121-WA0472.jpg 1080w\" sizes=\"(max-width: 1024px) 100vw, 1024px\" \/><\/a><\/figure>\n\n\n\n<figure class=\"wp-block-image size-large\"><a href=\"https:\/\/mairieassinie.com\/web\/wp-content\/uploads\/2024\/11\/IMG-20241121-WA0473.jpg\"><img decoding=\"async\" width=\"1024\" height=\"768\" data-id=\"10262\" src=\"https:\/\/mairieassinie.com\/web\/wp-content\/uploads\/2024\/11\/IMG-20241121-WA0473-1024x768.jpg\" alt=\"\" class=\"wp-image-10262\" srcset=\"https:\/\/mairieassinie.com\/web\/wp-content\/uploads\/2024\/11\/IMG-20241121-WA0473-1024x768.jpg 1024w, https:\/\/mairieassinie.com\/web\/wp-content\/uploads\/2024\/11\/IMG-20241121-WA0473-300x225.jpg 300w, https:\/\/mairieassinie.com\/web\/wp-content\/uploads\/2024\/11\/IMG-20241121-WA0473-768x576.jpg 768w, https:\/\/mairieassinie.com\/web\/wp-content\/uploads\/2024\/11\/IMG-20241121-WA0473-304x228.jpg 304w, https:\/\/mairieassinie.com\/web\/wp-content\/uploads\/2024\/11\/IMG-20241121-WA0473.jpg 1080w\" sizes=\"(max-width: 1024px) 100vw, 1024px\" \/><\/a><\/figure>\n\n\n\n<figure class=\"wp-block-image size-large\"><a href=\"https:\/\/mairieassinie.com\/web\/wp-content\/uploads\/2024\/11\/IMG-20241121-WA0475.jpg\"><img decoding=\"async\" width=\"1024\" height=\"768\" data-id=\"10263\" src=\"https:\/\/mairieassinie.com\/web\/wp-content\/uploads\/2024\/11\/IMG-20241121-WA0475-1024x768.jpg\" alt=\"\" class=\"wp-image-10263\" srcset=\"https:\/\/mairieassinie.com\/web\/wp-content\/uploads\/2024\/11\/IMG-20241121-WA0475-1024x768.jpg 1024w, https:\/\/mairieassinie.com\/web\/wp-content\/uploads\/2024\/11\/IMG-20241121-WA0475-300x225.jpg 300w, https:\/\/mairieassinie.com\/web\/wp-content\/uploads\/2024\/11\/IMG-20241121-WA0475-768x576.jpg 768w, https:\/\/mairieassinie.com\/web\/wp-content\/uploads\/2024\/11\/IMG-20241121-WA0475-304x228.jpg 304w, https:\/\/mairieassinie.com\/web\/wp-content\/uploads\/2024\/11\/IMG-20241121-WA0475.jpg 1080w\" sizes=\"(max-width: 1024px) 100vw, 1024px\" \/><\/a><\/figure>\n\n\n\n<figure class=\"wp-block-image size-large\"><a href=\"https:\/\/mairieassinie.com\/web\/wp-content\/uploads\/2024\/11\/IMG-20241121-WA0476.jpg\"><img loading=\"lazy\" decoding=\"async\" width=\"1024\" height=\"682\" data-id=\"10264\" src=\"https:\/\/mairieassinie.com\/web\/wp-content\/uploads\/2024\/11\/IMG-20241121-WA0476-1024x682.jpg\" alt=\"\" class=\"wp-image-10264\" srcset=\"https:\/\/mairieassinie.com\/web\/wp-content\/uploads\/2024\/11\/IMG-20241121-WA0476-1024x682.jpg 1024w, https:\/\/mairieassinie.com\/web\/wp-content\/uploads\/2024\/11\/IMG-20241121-WA0476-300x200.jpg 300w, https:\/\/mairieassinie.com\/web\/wp-content\/uploads\/2024\/11\/IMG-20241121-WA0476-768x511.jpg 768w, https:\/\/mairieassinie.com\/web\/wp-content\/uploads\/2024\/11\/IMG-20241121-WA0476-342x228.jpg 342w, https:\/\/mairieassinie.com\/web\/wp-content\/uploads\/2024\/11\/IMG-20241121-WA0476.jpg 1080w\" sizes=\"(max-width: 1024px) 100vw, 1024px\" \/><\/a><\/figure>\n\n\n\n<figure class=\"wp-block-image size-large\"><a href=\"https:\/\/mairieassinie.com\/web\/wp-content\/uploads\/2024\/11\/IMG-20241121-WA0477.jpg\"><img loading=\"lazy\" decoding=\"async\" width=\"1024\" height=\"768\" data-id=\"10265\" src=\"https:\/\/mairieassinie.com\/web\/wp-content\/uploads\/2024\/11\/IMG-20241121-WA0477-1024x768.jpg\" alt=\"\" class=\"wp-image-10265\" srcset=\"https:\/\/mairieassinie.com\/web\/wp-content\/uploads\/2024\/11\/IMG-20241121-WA0477-1024x768.jpg 1024w, https:\/\/mairieassinie.com\/web\/wp-content\/uploads\/2024\/11\/IMG-20241121-WA0477-300x225.jpg 300w, https:\/\/mairieassinie.com\/web\/wp-content\/uploads\/2024\/11\/IMG-20241121-WA0477-768x576.jpg 768w, https:\/\/mairieassinie.com\/web\/wp-content\/uploads\/2024\/11\/IMG-20241121-WA0477-304x228.jpg 304w, https:\/\/mairieassinie.com\/web\/wp-content\/uploads\/2024\/11\/IMG-20241121-WA0477.jpg 1080w\" sizes=\"(max-width: 1024px) 100vw, 1024px\" \/><\/a><\/figure>\n\n\n\n<figure class=\"wp-block-image size-large\"><a href=\"https:\/\/mairieassinie.com\/web\/wp-content\/uploads\/2024\/11\/IMG-20241121-WA0478.jpg\"><img loading=\"lazy\" decoding=\"async\" width=\"1024\" height=\"768\" data-id=\"10266\" src=\"https:\/\/mairieassinie.com\/web\/wp-content\/uploads\/2024\/11\/IMG-20241121-WA0478-1024x768.jpg\" alt=\"\" class=\"wp-image-10266\" srcset=\"https:\/\/mairieassinie.com\/web\/wp-content\/uploads\/2024\/11\/IMG-20241121-WA0478-1024x768.jpg 1024w, https:\/\/mairieassinie.com\/web\/wp-content\/uploads\/2024\/11\/IMG-20241121-WA0478-300x225.jpg 300w, https:\/\/mairieassinie.com\/web\/wp-content\/uploads\/2024\/11\/IMG-20241121-WA0478-768x576.jpg 768w, https:\/\/mairieassinie.com\/web\/wp-content\/uploads\/2024\/11\/IMG-20241121-WA0478-304x228.jpg 304w, https:\/\/mairieassinie.com\/web\/wp-content\/uploads\/2024\/11\/IMG-20241121-WA0478.jpg 1080w\" sizes=\"(max-width: 1024px) 100vw, 1024px\" \/><\/a><\/figure>\n\n\n\n<figure class=\"wp-block-image size-large\"><a href=\"https:\/\/mairieassinie.com\/web\/wp-content\/uploads\/2024\/11\/IMG-20241121-WA0480.jpg\"><img loading=\"lazy\" decoding=\"async\" width=\"1024\" height=\"768\" data-id=\"10267\" src=\"https:\/\/mairieassinie.com\/web\/wp-content\/uploads\/2024\/11\/IMG-20241121-WA0480-1024x768.jpg\" alt=\"\" class=\"wp-image-10267\" srcset=\"https:\/\/mairieassinie.com\/web\/wp-content\/uploads\/2024\/11\/IMG-20241121-WA0480-1024x768.jpg 1024w, https:\/\/mairieassinie.com\/web\/wp-content\/uploads\/2024\/11\/IMG-20241121-WA0480-300x225.jpg 300w, https:\/\/mairieassinie.com\/web\/wp-content\/uploads\/2024\/11\/IMG-20241121-WA0480-768x576.jpg 768w, https:\/\/mairieassinie.com\/web\/wp-content\/uploads\/2024\/11\/IMG-20241121-WA0480-304x228.jpg 304w, https:\/\/mairieassinie.com\/web\/wp-content\/uploads\/2024\/11\/IMG-20241121-WA0480.jpg 1080w\" sizes=\"(max-width: 1024px) 100vw, 1024px\" \/><\/a><\/figure>\n\n\n\n<figure class=\"wp-block-image size-large\"><a href=\"https:\/\/mairieassinie.com\/web\/wp-content\/uploads\/2024\/11\/IMG-20241121-WA0481.jpg\"><img loading=\"lazy\" decoding=\"async\" width=\"852\" height=\"1024\" data-id=\"10268\" src=\"https:\/\/mairieassinie.com\/web\/wp-content\/uploads\/2024\/11\/IMG-20241121-WA0481-852x1024.jpg\" alt=\"\" class=\"wp-image-10268\" srcset=\"https:\/\/mairieassinie.com\/web\/wp-content\/uploads\/2024\/11\/IMG-20241121-WA0481-852x1024.jpg 852w, https:\/\/mairieassinie.com\/web\/wp-content\/uploads\/2024\/11\/IMG-20241121-WA0481-250x300.jpg 250w, https:\/\/mairieassinie.com\/web\/wp-content\/uploads\/2024\/11\/IMG-20241121-WA0481-768x923.jpg 768w, https:\/\/mairieassinie.com\/web\/wp-content\/uploads\/2024\/11\/IMG-20241121-WA0481-190x228.jpg 190w, https:\/\/mairieassinie.com\/web\/wp-content\/uploads\/2024\/11\/IMG-20241121-WA0481.jpg 899w\" sizes=\"(max-width: 852px) 100vw, 852px\" \/><\/a><\/figure>\n\n\n\n<figure class=\"wp-block-image size-large\"><a href=\"https:\/\/mairieassinie.com\/web\/wp-content\/uploads\/2024\/11\/IMG-20241121-WA0482.jpg\"><img loading=\"lazy\" decoding=\"async\" width=\"1024\" height=\"682\" data-id=\"10269\" src=\"https:\/\/mairieassinie.com\/web\/wp-content\/uploads\/2024\/11\/IMG-20241121-WA0482-1024x682.jpg\" alt=\"\" class=\"wp-image-10269\" srcset=\"https:\/\/mairieassinie.com\/web\/wp-content\/uploads\/2024\/11\/IMG-20241121-WA0482-1024x682.jpg 1024w, https:\/\/mairieassinie.com\/web\/wp-content\/uploads\/2024\/11\/IMG-20241121-WA0482-300x200.jpg 300w, https:\/\/mairieassinie.com\/web\/wp-content\/uploads\/2024\/11\/IMG-20241121-WA0482-768x511.jpg 768w, https:\/\/mairieassinie.com\/web\/wp-content\/uploads\/2024\/11\/IMG-20241121-WA0482-342x228.jpg 342w, https:\/\/mairieassinie.com\/web\/wp-content\/uploads\/2024\/11\/IMG-20241121-WA0482.jpg 1080w\" sizes=\"(max-width: 1024px) 100vw, 1024px\" \/><\/a><\/figure>\n\n\n\n<figure class=\"wp-block-image size-large\"><a href=\"https:\/\/mairieassinie.com\/web\/wp-content\/uploads\/2024\/11\/IMG-20241121-WA0483.jpg\"><img loading=\"lazy\" decoding=\"async\" width=\"1024\" height=\"682\" data-id=\"10271\" src=\"https:\/\/mairieassinie.com\/web\/wp-content\/uploads\/2024\/11\/IMG-20241121-WA0483-1024x682.jpg\" alt=\"\" class=\"wp-image-10271\" srcset=\"https:\/\/mairieassinie.com\/web\/wp-content\/uploads\/2024\/11\/IMG-20241121-WA0483-1024x682.jpg 1024w, https:\/\/mairieassinie.com\/web\/wp-content\/uploads\/2024\/11\/IMG-20241121-WA0483-300x200.jpg 300w, https:\/\/mairieassinie.com\/web\/wp-content\/uploads\/2024\/11\/IMG-20241121-WA0483-768x511.jpg 768w, https:\/\/mairieassinie.com\/web\/wp-content\/uploads\/2024\/11\/IMG-20241121-WA0483-342x228.jpg 342w, https:\/\/mairieassinie.com\/web\/wp-content\/uploads\/2024\/11\/IMG-20241121-WA0483.jpg 1080w\" sizes=\"(max-width: 1024px) 100vw, 1024px\" \/><\/a><\/figure>\n\n\n\n<figure class=\"wp-block-image size-large\"><a href=\"https:\/\/mairieassinie.com\/web\/wp-content\/uploads\/2024\/11\/IMG-20241121-WA0525.jpg\"><img loading=\"lazy\" decoding=\"async\" width=\"1024\" height=\"1014\" data-id=\"10270\" src=\"https:\/\/mairieassinie.com\/web\/wp-content\/uploads\/2024\/11\/IMG-20241121-WA0525-1024x1014.jpg\" alt=\"\" class=\"wp-image-10270\" srcset=\"https:\/\/mairieassinie.com\/web\/wp-content\/uploads\/2024\/11\/IMG-20241121-WA0525-1024x1014.jpg 1024w, https:\/\/mairieassinie.com\/web\/wp-content\/uploads\/2024\/11\/IMG-20241121-WA0525-300x297.jpg 300w, https:\/\/mairieassinie.com\/web\/wp-content\/uploads\/2024\/11\/IMG-20241121-WA0525-150x150.jpg 150w, https:\/\/mairieassinie.com\/web\/wp-content\/uploads\/2024\/11\/IMG-20241121-WA0525-768x760.jpg 768w, https:\/\/mairieassinie.com\/web\/wp-content\/uploads\/2024\/11\/IMG-20241121-WA0525-230x228.jpg 230w, https:\/\/mairieassinie.com\/web\/wp-content\/uploads\/2024\/11\/IMG-20241121-WA0525.jpg 1080w\" sizes=\"(max-width: 1024px) 100vw, 1024px\" \/><\/a><\/figure>\n<\/figure>\n\n    <div class=\"xs_social_share_widget xs_share_url after_content \t\tmain_content  wslu-style-1 wslu-share-box-shaped wslu-fill-colored wslu-none wslu-share-horizontal wslu-theme-font-no wslu-main_content\">\n\n\t\t\n        <ul>\n\t\t\t        <\/ul>\n    <\/div> \n","protected":false},"excerpt":{"rendered":"<p>Sous la direction du Dr Eug&egrave;ne Aka Aou&eacute;l&eacute;, Pr&eacute;sident du Conseil &Eacute;conomique, Social, Environnemental et Culturel (CESEC), une mission importante a eu lieu &agrave; Assinie le mardi 19 novembre afin d&rsquo;&eacute;valuer les effets de l&rsquo;&eacute;rosion c&ocirc;ti&egrave;re. Accompagn&eacute; de conseillers &eacute;conomiques, sociaux, environnementaux et culturels, ainsi que de repr&eacute;sentants de l&rsquo;Organisation Internationale pour les Migrations (OIM), [&hellip;]<\/p>\n","protected":false},"author":2,"featured_media":10272,"comment_status":"closed","ping_status":"open","sticky":false,"template":"","format":"standard","meta":{"footnotes":""},"categories":[127,3,129],"tags":[],"class_list":["post-10260","post","type-post","status-publish","format-standard","has-post-thumbnail","hentry","category-activites","category-actualite","category-infos"],"yoast_head":"<!-- This site is optimized with the Yoast SEO plugin v25.9 - https:\/\/yoast.com\/wordpress\/plugins\/seo\/ -->\n<title>\ud835\udc15\ud835\udc22\ud835\udc2c\ud835\udc22\ud835\udc2d\ud835\udc1e \ud835\udc1d\ud835\udc2e \ud835\udc29\ud835\udc2b\ud835\udc1e\u0301\ud835\udc2c\ud835\udc22\ud835\udc1d\ud835\udc1e\ud835\udc27\ud835\udc2d \ud835\udc1d\ud835\udc2e \ud835\udc1c\ud835\udc28\ud835\udc27\ud835\udc2c\ud835\udc1e\ud835\udc22\ud835\udc25 \ud835\udc1e\u0301\ud835\udc1c\ud835\udc28\ud835\udc27\ud835\udc28\ud835\udc26\ud835\udc22\ud835\udc2a\ud835\udc2e\ud835\udc1e - Mairie d&#039;Assinie-Mairie<\/title>\n<meta name=\"robots\" content=\"index, follow, max-snippet:-1, max-image-preview:large, max-video-preview:-1\" \/>\n<link rel=\"canonical\" href=\"https:\/\/mairieassinie.com\/web\/\ud835\udc15\ud835\udc22\ud835\udc2c\ud835\udc22\ud835\udc2d\ud835\udc1e-\ud835\udc1d\ud835\udc2e-\ud835\udc29\ud835\udc2b\ud835\udc1e\ud835\udc2c\ud835\udc22\ud835\udc1d\ud835\udc1e\ud835\udc27\/\" \/>\n<meta property=\"og:locale\" content=\"fr_FR\" \/>\n<meta property=\"og:type\" content=\"article\" \/>\n<meta property=\"og:title\" content=\"\ud835\udc15\ud835\udc22\ud835\udc2c\ud835\udc22\ud835\udc2d\ud835\udc1e \ud835\udc1d\ud835\udc2e \ud835\udc29\ud835\udc2b\ud835\udc1e\u0301\ud835\udc2c\ud835\udc22\ud835\udc1d\ud835\udc1e\ud835\udc27\ud835\udc2d \ud835\udc1d\ud835\udc2e \ud835\udc1c\ud835\udc28\ud835\udc27\ud835\udc2c\ud835\udc1e\ud835\udc22\ud835\udc25 \ud835\udc1e\u0301\ud835\udc1c\ud835\udc28\ud835\udc27\ud835\udc28\ud835\udc26\ud835\udc22\ud835\udc2a\ud835\udc2e\ud835\udc1e - Mairie d&#039;Assinie-Mairie\" \/>\n<meta property=\"og:description\" content=\"Sous la direction du Dr Eug&egrave;ne Aka Aou&eacute;l&eacute;, Pr&eacute;sident du Conseil &Eacute;conomique, Social, Environnemental et Culturel (CESEC), une mission importante a eu lieu &agrave; Assinie le mardi 19 novembre afin d&rsquo;&eacute;valuer les effets de l&rsquo;&eacute;rosion c&ocirc;ti&egrave;re. Accompagn&eacute; de conseillers &eacute;conomiques, sociaux, environnementaux et culturels, ainsi que de repr&eacute;sentants de l&rsquo;Organisation Internationale pour les Migrations (OIM), [&hellip;]\" \/>\n<meta property=\"og:url\" content=\"https:\/\/mairieassinie.com\/web\/\ud835\udc15\ud835\udc22\ud835\udc2c\ud835\udc22\ud835\udc2d\ud835\udc1e-\ud835\udc1d\ud835\udc2e-\ud835\udc29\ud835\udc2b\ud835\udc1e\ud835\udc2c\ud835\udc22\ud835\udc1d\ud835\udc1e\ud835\udc27\/\" \/>\n<meta property=\"og:site_name\" content=\"Mairie d&#039;Assinie-Mairie\" \/>\n<meta property=\"article:publisher\" content=\"https:\/\/www.facebook.com\/mairieassinie.officiel\" \/>\n<meta property=\"article:published_time\" content=\"2024-11-20T09:11:33+00:00\" \/>\n<meta property=\"article:modified_time\" content=\"2024-11-25T09:27:00+00:00\" \/>\n<meta property=\"og:image\" content=\"https:\/\/mairieassinie.com\/web\/wp-content\/uploads\/2024\/11\/IMG-20241121-WA0477-1.jpg\" \/>\n\t<meta property=\"og:image:width\" content=\"1080\" \/>\n\t<meta property=\"og:image:height\" content=\"720\" \/>\n\t<meta property=\"og:image:type\" content=\"image\/jpeg\" \/>\n<meta name=\"author\" content=\"Mairie d&#039;Assinie\" \/>\n<meta name=\"twitter:card\" content=\"summary_large_image\" \/>\n<meta name=\"twitter:label1\" content=\"\u00c9crit par\" \/>\n\t<meta name=\"twitter:data1\" content=\"Mairie d&#039;Assinie\" \/>\n\t<meta name=\"twitter:label2\" content=\"Dur\u00e9e de lecture estim\u00e9e\" \/>\n\t<meta name=\"twitter:data2\" content=\"4 minutes\" \/>\n<script type=\"application\/ld+json\" class=\"yoast-schema-graph\">{\"@context\":\"https:\/\/schema.org\",\"@graph\":[{\"@type\":\"WebPage\",\"@id\":\"https:\/\/mairieassinie.com\/web\/%f0%9d%90%95%f0%9d%90%a2%f0%9d%90%ac%f0%9d%90%a2%f0%9d%90%ad%f0%9d%90%9e-%f0%9d%90%9d%f0%9d%90%ae-%f0%9d%90%a9%f0%9d%90%ab%f0%9d%90%9e%f0%9d%90%ac%f0%9d%90%a2%f0%9d%90%9d%f0%9d%90%9e%f0%9d%90%a7\/\",\"url\":\"https:\/\/mairieassinie.com\/web\/%f0%9d%90%95%f0%9d%90%a2%f0%9d%90%ac%f0%9d%90%a2%f0%9d%90%ad%f0%9d%90%9e-%f0%9d%90%9d%f0%9d%90%ae-%f0%9d%90%a9%f0%9d%90%ab%f0%9d%90%9e%f0%9d%90%ac%f0%9d%90%a2%f0%9d%90%9d%f0%9d%90%9e%f0%9d%90%a7\/\",\"name\":\"\ud835\udc15\ud835\udc22\ud835\udc2c\ud835\udc22\ud835\udc2d\ud835\udc1e \ud835\udc1d\ud835\udc2e \ud835\udc29\ud835\udc2b\ud835\udc1e\u0301\ud835\udc2c\ud835\udc22\ud835\udc1d\ud835\udc1e\ud835\udc27\ud835\udc2d \ud835\udc1d\ud835\udc2e \ud835\udc1c\ud835\udc28\ud835\udc27\ud835\udc2c\ud835\udc1e\ud835\udc22\ud835\udc25 \ud835\udc1e\u0301\ud835\udc1c\ud835\udc28\ud835\udc27\ud835\udc28\ud835\udc26\ud835\udc22\ud835\udc2a\ud835\udc2e\ud835\udc1e - Mairie d&#039;Assinie-Mairie\",\"isPartOf\":{\"@id\":\"https:\/\/mairieassinie.com\/web\/#website\"},\"primaryImageOfPage\":{\"@id\":\"https:\/\/mairieassinie.com\/web\/%f0%9d%90%95%f0%9d%90%a2%f0%9d%90%ac%f0%9d%90%a2%f0%9d%90%ad%f0%9d%90%9e-%f0%9d%90%9d%f0%9d%90%ae-%f0%9d%90%a9%f0%9d%90%ab%f0%9d%90%9e%f0%9d%90%ac%f0%9d%90%a2%f0%9d%90%9d%f0%9d%90%9e%f0%9d%90%a7\/#primaryimage\"},\"image\":{\"@id\":\"https:\/\/mairieassinie.com\/web\/%f0%9d%90%95%f0%9d%90%a2%f0%9d%90%ac%f0%9d%90%a2%f0%9d%90%ad%f0%9d%90%9e-%f0%9d%90%9d%f0%9d%90%ae-%f0%9d%90%a9%f0%9d%90%ab%f0%9d%90%9e%f0%9d%90%ac%f0%9d%90%a2%f0%9d%90%9d%f0%9d%90%9e%f0%9d%90%a7\/#primaryimage\"},\"thumbnailUrl\":\"https:\/\/mairieassinie.com\/web\/wp-content\/uploads\/2024\/11\/IMG-20241121-WA0477-1.jpg\",\"datePublished\":\"2024-11-20T09:11:33+00:00\",\"dateModified\":\"2024-11-25T09:27:00+00:00\",\"author\":{\"@id\":\"https:\/\/mairieassinie.com\/web\/#\/schema\/person\/ec7ccc40765baa860f4f4018fc599539\"},\"breadcrumb\":{\"@id\":\"https:\/\/mairieassinie.com\/web\/%f0%9d%90%95%f0%9d%90%a2%f0%9d%90%ac%f0%9d%90%a2%f0%9d%90%ad%f0%9d%90%9e-%f0%9d%90%9d%f0%9d%90%ae-%f0%9d%90%a9%f0%9d%90%ab%f0%9d%90%9e%f0%9d%90%ac%f0%9d%90%a2%f0%9d%90%9d%f0%9d%90%9e%f0%9d%90%a7\/#breadcrumb\"},\"inLanguage\":\"fr-FR\",\"potentialAction\":[{\"@type\":\"ReadAction\",\"target\":[\"https:\/\/mairieassinie.com\/web\/%f0%9d%90%95%f0%9d%90%a2%f0%9d%90%ac%f0%9d%90%a2%f0%9d%90%ad%f0%9d%90%9e-%f0%9d%90%9d%f0%9d%90%ae-%f0%9d%90%a9%f0%9d%90%ab%f0%9d%90%9e%f0%9d%90%ac%f0%9d%90%a2%f0%9d%90%9d%f0%9d%90%9e%f0%9d%90%a7\/\"]}]},{\"@type\":\"ImageObject\",\"inLanguage\":\"fr-FR\",\"@id\":\"https:\/\/mairieassinie.com\/web\/%f0%9d%90%95%f0%9d%90%a2%f0%9d%90%ac%f0%9d%90%a2%f0%9d%90%ad%f0%9d%90%9e-%f0%9d%90%9d%f0%9d%90%ae-%f0%9d%90%a9%f0%9d%90%ab%f0%9d%90%9e%f0%9d%90%ac%f0%9d%90%a2%f0%9d%90%9d%f0%9d%90%9e%f0%9d%90%a7\/#primaryimage\",\"url\":\"https:\/\/mairieassinie.com\/web\/wp-content\/uploads\/2024\/11\/IMG-20241121-WA0477-1.jpg\",\"contentUrl\":\"https:\/\/mairieassinie.com\/web\/wp-content\/uploads\/2024\/11\/IMG-20241121-WA0477-1.jpg\",\"width\":1080,\"height\":720},{\"@type\":\"BreadcrumbList\",\"@id\":\"https:\/\/mairieassinie.com\/web\/%f0%9d%90%95%f0%9d%90%a2%f0%9d%90%ac%f0%9d%90%a2%f0%9d%90%ad%f0%9d%90%9e-%f0%9d%90%9d%f0%9d%90%ae-%f0%9d%90%a9%f0%9d%90%ab%f0%9d%90%9e%f0%9d%90%ac%f0%9d%90%a2%f0%9d%90%9d%f0%9d%90%9e%f0%9d%90%a7\/#breadcrumb\",\"itemListElement\":[{\"@type\":\"ListItem\",\"position\":1,\"name\":\"Accueil\",\"item\":\"https:\/\/mairieassinie.com\/web\/\"},{\"@type\":\"ListItem\",\"position\":2,\"name\":\"\ud835\udc15\ud835\udc22\ud835\udc2c\ud835\udc22\ud835\udc2d\ud835\udc1e \ud835\udc1d\ud835\udc2e \ud835\udc29\ud835\udc2b\ud835\udc1e\u0301\ud835\udc2c\ud835\udc22\ud835\udc1d\ud835\udc1e\ud835\udc27\ud835\udc2d \ud835\udc1d\ud835\udc2e \ud835\udc1c\ud835\udc28\ud835\udc27\ud835\udc2c\ud835\udc1e\ud835\udc22\ud835\udc25 \ud835\udc1e\u0301\ud835\udc1c\ud835\udc28\ud835\udc27\ud835\udc28\ud835\udc26\ud835\udc22\ud835\udc2a\ud835\udc2e\ud835\udc1e\"}]},{\"@type\":\"WebSite\",\"@id\":\"https:\/\/mairieassinie.com\/web\/#website\",\"url\":\"https:\/\/mairieassinie.com\/web\/\",\"name\":\"Mairie d'Assinie\",\"description\":\"Une cit\u00e9 baln\u00e9aire exceptionnelle.\",\"potentialAction\":[{\"@type\":\"SearchAction\",\"target\":{\"@type\":\"EntryPoint\",\"urlTemplate\":\"https:\/\/mairieassinie.com\/web\/?s={search_term_string}\"},\"query-input\":{\"@type\":\"PropertyValueSpecification\",\"valueRequired\":true,\"valueName\":\"search_term_string\"}}],\"inLanguage\":\"fr-FR\"},{\"@type\":\"Person\",\"@id\":\"https:\/\/mairieassinie.com\/web\/#\/schema\/person\/ec7ccc40765baa860f4f4018fc599539\",\"name\":\"Mairie d'Assinie\",\"image\":{\"@type\":\"ImageObject\",\"inLanguage\":\"fr-FR\",\"@id\":\"https:\/\/mairieassinie.com\/web\/#\/schema\/person\/image\/\",\"url\":\"https:\/\/secure.gravatar.com\/avatar\/fc7b38665fad664f31346ac2ed5c06693cf6558ef5a53cc39eb7aa16409fc1b7?s=96&d=mm&r=g\",\"contentUrl\":\"https:\/\/secure.gravatar.com\/avatar\/fc7b38665fad664f31346ac2ed5c06693cf6558ef5a53cc39eb7aa16409fc1b7?s=96&d=mm&r=g\",\"caption\":\"Mairie d'Assinie\"},\"url\":\"https:\/\/mairieassinie.com\/web\/author\/webmaster\/\"}]}<\/script>\n<!-- \/ Yoast SEO plugin. -->","yoast_head_json":{"title":"\ud835\udc15\ud835\udc22\ud835\udc2c\ud835\udc22\ud835\udc2d\ud835\udc1e \ud835\udc1d\ud835\udc2e \ud835\udc29\ud835\udc2b\ud835\udc1e\u0301\ud835\udc2c\ud835\udc22\ud835\udc1d\ud835\udc1e\ud835\udc27\ud835\udc2d \ud835\udc1d\ud835\udc2e \ud835\udc1c\ud835\udc28\ud835\udc27\ud835\udc2c\ud835\udc1e\ud835\udc22\ud835\udc25 \ud835\udc1e\u0301\ud835\udc1c\ud835\udc28\ud835\udc27\ud835\udc28\ud835\udc26\ud835\udc22\ud835\udc2a\ud835\udc2e\ud835\udc1e - Mairie d&#039;Assinie-Mairie","robots":{"index":"index","follow":"follow","max-snippet":"max-snippet:-1","max-image-preview":"max-image-preview:large","max-video-preview":"max-video-preview:-1"},"canonical":"https:\/\/mairieassinie.com\/web\/\ud835\udc15\ud835\udc22\ud835\udc2c\ud835\udc22\ud835\udc2d\ud835\udc1e-\ud835\udc1d\ud835\udc2e-\ud835\udc29\ud835\udc2b\ud835\udc1e\ud835\udc2c\ud835\udc22\ud835\udc1d\ud835\udc1e\ud835\udc27\/","og_locale":"fr_FR","og_type":"article","og_title":"\ud835\udc15\ud835\udc22\ud835\udc2c\ud835\udc22\ud835\udc2d\ud835\udc1e \ud835\udc1d\ud835\udc2e \ud835\udc29\ud835\udc2b\ud835\udc1e\u0301\ud835\udc2c\ud835\udc22\ud835\udc1d\ud835\udc1e\ud835\udc27\ud835\udc2d \ud835\udc1d\ud835\udc2e \ud835\udc1c\ud835\udc28\ud835\udc27\ud835\udc2c\ud835\udc1e\ud835\udc22\ud835\udc25 \ud835\udc1e\u0301\ud835\udc1c\ud835\udc28\ud835\udc27\ud835\udc28\ud835\udc26\ud835\udc22\ud835\udc2a\ud835\udc2e\ud835\udc1e - Mairie d&#039;Assinie-Mairie","og_description":"Sous la direction du Dr Eug&egrave;ne Aka Aou&eacute;l&eacute;, Pr&eacute;sident du Conseil &Eacute;conomique, Social, Environnemental et Culturel (CESEC), une mission importante a eu lieu &agrave; Assinie le mardi 19 novembre afin d&rsquo;&eacute;valuer les effets de l&rsquo;&eacute;rosion c&ocirc;ti&egrave;re. Accompagn&eacute; de conseillers &eacute;conomiques, sociaux, environnementaux et culturels, ainsi que de repr&eacute;sentants de l&rsquo;Organisation Internationale pour les Migrations (OIM), [&hellip;]","og_url":"https:\/\/mairieassinie.com\/web\/\ud835\udc15\ud835\udc22\ud835\udc2c\ud835\udc22\ud835\udc2d\ud835\udc1e-\ud835\udc1d\ud835\udc2e-\ud835\udc29\ud835\udc2b\ud835\udc1e\ud835\udc2c\ud835\udc22\ud835\udc1d\ud835\udc1e\ud835\udc27\/","og_site_name":"Mairie d&#039;Assinie-Mairie","article_publisher":"https:\/\/www.facebook.com\/mairieassinie.officiel","article_published_time":"2024-11-20T09:11:33+00:00","article_modified_time":"2024-11-25T09:27:00+00:00","og_image":[{"width":1080,"height":720,"url":"https:\/\/mairieassinie.com\/web\/wp-content\/uploads\/2024\/11\/IMG-20241121-WA0477-1.jpg","type":"image\/jpeg"}],"author":"Mairie d'Assinie","twitter_card":"summary_large_image","twitter_misc":{"\u00c9crit par":"Mairie d'Assinie","Dur\u00e9e de lecture estim\u00e9e":"4 minutes"},"schema":{"@context":"https:\/\/schema.org","@graph":[{"@type":"WebPage","@id":"https:\/\/mairieassinie.com\/web\/%f0%9d%90%95%f0%9d%90%a2%f0%9d%90%ac%f0%9d%90%a2%f0%9d%90%ad%f0%9d%90%9e-%f0%9d%90%9d%f0%9d%90%ae-%f0%9d%90%a9%f0%9d%90%ab%f0%9d%90%9e%f0%9d%90%ac%f0%9d%90%a2%f0%9d%90%9d%f0%9d%90%9e%f0%9d%90%a7\/","url":"https:\/\/mairieassinie.com\/web\/%f0%9d%90%95%f0%9d%90%a2%f0%9d%90%ac%f0%9d%90%a2%f0%9d%90%ad%f0%9d%90%9e-%f0%9d%90%9d%f0%9d%90%ae-%f0%9d%90%a9%f0%9d%90%ab%f0%9d%90%9e%f0%9d%90%ac%f0%9d%90%a2%f0%9d%90%9d%f0%9d%90%9e%f0%9d%90%a7\/","name":"\ud835\udc15\ud835\udc22\ud835\udc2c\ud835\udc22\ud835\udc2d\ud835\udc1e \ud835\udc1d\ud835\udc2e \ud835\udc29\ud835\udc2b\ud835\udc1e\u0301\ud835\udc2c\ud835\udc22\ud835\udc1d\ud835\udc1e\ud835\udc27\ud835\udc2d \ud835\udc1d\ud835\udc2e \ud835\udc1c\ud835\udc28\ud835\udc27\ud835\udc2c\ud835\udc1e\ud835\udc22\ud835\udc25 \ud835\udc1e\u0301\ud835\udc1c\ud835\udc28\ud835\udc27\ud835\udc28\ud835\udc26\ud835\udc22\ud835\udc2a\ud835\udc2e\ud835\udc1e - Mairie d&#039;Assinie-Mairie","isPartOf":{"@id":"https:\/\/mairieassinie.com\/web\/#website"},"primaryImageOfPage":{"@id":"https:\/\/mairieassinie.com\/web\/%f0%9d%90%95%f0%9d%90%a2%f0%9d%90%ac%f0%9d%90%a2%f0%9d%90%ad%f0%9d%90%9e-%f0%9d%90%9d%f0%9d%90%ae-%f0%9d%90%a9%f0%9d%90%ab%f0%9d%90%9e%f0%9d%90%ac%f0%9d%90%a2%f0%9d%90%9d%f0%9d%90%9e%f0%9d%90%a7\/#primaryimage"},"image":{"@id":"https:\/\/mairieassinie.com\/web\/%f0%9d%90%95%f0%9d%90%a2%f0%9d%90%ac%f0%9d%90%a2%f0%9d%90%ad%f0%9d%90%9e-%f0%9d%90%9d%f0%9d%90%ae-%f0%9d%90%a9%f0%9d%90%ab%f0%9d%90%9e%f0%9d%90%ac%f0%9d%90%a2%f0%9d%90%9d%f0%9d%90%9e%f0%9d%90%a7\/#primaryimage"},"thumbnailUrl":"https:\/\/mairieassinie.com\/web\/wp-content\/uploads\/2024\/11\/IMG-20241121-WA0477-1.jpg","datePublished":"2024-11-20T09:11:33+00:00","dateModified":"2024-11-25T09:27:00+00:00","author":{"@id":"https:\/\/mairieassinie.com\/web\/#\/schema\/person\/ec7ccc40765baa860f4f4018fc599539"},"breadcrumb":{"@id":"https:\/\/mairieassinie.com\/web\/%f0%9d%90%95%f0%9d%90%a2%f0%9d%90%ac%f0%9d%90%a2%f0%9d%90%ad%f0%9d%90%9e-%f0%9d%90%9d%f0%9d%90%ae-%f0%9d%90%a9%f0%9d%90%ab%f0%9d%90%9e%f0%9d%90%ac%f0%9d%90%a2%f0%9d%90%9d%f0%9d%90%9e%f0%9d%90%a7\/#breadcrumb"},"inLanguage":"fr-FR","potentialAction":[{"@type":"ReadAction","target":["https:\/\/mairieassinie.com\/web\/%f0%9d%90%95%f0%9d%90%a2%f0%9d%90%ac%f0%9d%90%a2%f0%9d%90%ad%f0%9d%90%9e-%f0%9d%90%9d%f0%9d%90%ae-%f0%9d%90%a9%f0%9d%90%ab%f0%9d%90%9e%f0%9d%90%ac%f0%9d%90%a2%f0%9d%90%9d%f0%9d%90%9e%f0%9d%90%a7\/"]}]},{"@type":"ImageObject","inLanguage":"fr-FR","@id":"https:\/\/mairieassinie.com\/web\/%f0%9d%90%95%f0%9d%90%a2%f0%9d%90%ac%f0%9d%90%a2%f0%9d%90%ad%f0%9d%90%9e-%f0%9d%90%9d%f0%9d%90%ae-%f0%9d%90%a9%f0%9d%90%ab%f0%9d%90%9e%f0%9d%90%ac%f0%9d%90%a2%f0%9d%90%9d%f0%9d%90%9e%f0%9d%90%a7\/#primaryimage","url":"https:\/\/mairieassinie.com\/web\/wp-content\/uploads\/2024\/11\/IMG-20241121-WA0477-1.jpg","contentUrl":"https:\/\/mairieassinie.com\/web\/wp-content\/uploads\/2024\/11\/IMG-20241121-WA0477-1.jpg","width":1080,"height":720},{"@type":"BreadcrumbList","@id":"https:\/\/mairieassinie.com\/web\/%f0%9d%90%95%f0%9d%90%a2%f0%9d%90%ac%f0%9d%90%a2%f0%9d%90%ad%f0%9d%90%9e-%f0%9d%90%9d%f0%9d%90%ae-%f0%9d%90%a9%f0%9d%90%ab%f0%9d%90%9e%f0%9d%90%ac%f0%9d%90%a2%f0%9d%90%9d%f0%9d%90%9e%f0%9d%90%a7\/#breadcrumb","itemListElement":[{"@type":"ListItem","position":1,"name":"Accueil","item":"https:\/\/mairieassinie.com\/web\/"},{"@type":"ListItem","position":2,"name":"\ud835\udc15\ud835\udc22\ud835\udc2c\ud835\udc22\ud835\udc2d\ud835\udc1e \ud835\udc1d\ud835\udc2e \ud835\udc29\ud835\udc2b\ud835\udc1e\u0301\ud835\udc2c\ud835\udc22\ud835\udc1d\ud835\udc1e\ud835\udc27\ud835\udc2d \ud835\udc1d\ud835\udc2e \ud835\udc1c\ud835\udc28\ud835\udc27\ud835\udc2c\ud835\udc1e\ud835\udc22\ud835\udc25 \ud835\udc1e\u0301\ud835\udc1c\ud835\udc28\ud835\udc27\ud835\udc28\ud835\udc26\ud835\udc22\ud835\udc2a\ud835\udc2e\ud835\udc1e"}]},{"@type":"WebSite","@id":"https:\/\/mairieassinie.com\/web\/#website","url":"https:\/\/mairieassinie.com\/web\/","name":"Mairie d'Assinie","description":"Une cit\u00e9 baln\u00e9aire exceptionnelle.","potentialAction":[{"@type":"SearchAction","target":{"@type":"EntryPoint","urlTemplate":"https:\/\/mairieassinie.com\/web\/?s={search_term_string}"},"query-input":{"@type":"PropertyValueSpecification","valueRequired":true,"valueName":"search_term_string"}}],"inLanguage":"fr-FR"},{"@type":"Person","@id":"https:\/\/mairieassinie.com\/web\/#\/schema\/person\/ec7ccc40765baa860f4f4018fc599539","name":"Mairie d'Assinie","image":{"@type":"ImageObject","inLanguage":"fr-FR","@id":"https:\/\/mairieassinie.com\/web\/#\/schema\/person\/image\/","url":"https:\/\/secure.gravatar.com\/avatar\/fc7b38665fad664f31346ac2ed5c06693cf6558ef5a53cc39eb7aa16409fc1b7?s=96&d=mm&r=g","contentUrl":"https:\/\/secure.gravatar.com\/avatar\/fc7b38665fad664f31346ac2ed5c06693cf6558ef5a53cc39eb7aa16409fc1b7?s=96&d=mm&r=g","caption":"Mairie d'Assinie"},"url":"https:\/\/mairieassinie.com\/web\/author\/webmaster\/"}]}},"_links":{"self":[{"href":"https:\/\/mairieassinie.com\/web\/wp-json\/wp\/v2\/posts\/10260","targetHints":{"allow":["GET"]}}],"collection":[{"href":"https:\/\/mairieassinie.com\/web\/wp-json\/wp\/v2\/posts"}],"about":[{"href":"https:\/\/mairieassinie.com\/web\/wp-json\/wp\/v2\/types\/post"}],"author":[{"embeddable":true,"href":"https:\/\/mairieassinie.com\/web\/wp-json\/wp\/v2\/users\/2"}],"replies":[{"embeddable":true,"href":"https:\/\/mairieassinie.com\/web\/wp-json\/wp\/v2\/comments?post=10260"}],"version-history":[{"count":2,"href":"https:\/\/mairieassinie.com\/web\/wp-json\/wp\/v2\/posts\/10260\/revisions"}],"predecessor-version":[{"id":10274,"href":"https:\/\/mairieassinie.com\/web\/wp-json\/wp\/v2\/posts\/10260\/revisions\/10274"}],"wp:featuredmedia":[{"embeddable":true,"href":"https:\/\/mairieassinie.com\/web\/wp-json\/wp\/v2\/media\/10272"}],"wp:attachment":[{"href":"https:\/\/mairieassinie.com\/web\/wp-json\/wp\/v2\/media?parent=10260"}],"wp:term":[{"taxonomy":"category","embeddable":true,"href":"https:\/\/mairieassinie.com\/web\/wp-json\/wp\/v2\/categories?post=10260"},{"taxonomy":"post_tag","embeddable":true,"href":"https:\/\/mairieassinie.com\/web\/wp-json\/wp\/v2\/tags?post=10260"}],"curies":[{"name":"wp","href":"https:\/\/api.w.org\/{rel}","templated":true}]}}