{"id":10310,"date":"2024-12-23T12:39:55","date_gmt":"2024-12-23T11:39:55","guid":{"rendered":"https:\/\/mairieassinie.com\/web\/?p=10310"},"modified":"2024-12-23T12:59:41","modified_gmt":"2024-12-23T11:59:41","slug":"%f0%9d%90%8b%f0%9d%90%9a%f0%9d%90%a7%f0%9d%90%9c%f0%9d%90%9e%f0%9d%90%a6%f0%9d%90%9e%f0%9d%90%a7%f0%9d%90%ad-%f0%9d%90%9d%f0%9d%90%9e-%f0%9d%90%a5%f0%9d%90%a8%f0%9d%90%a9%f0%9d%90%9e","status":"publish","type":"post","link":"https:\/\/mairieassinie.com\/web\/%f0%9d%90%8b%f0%9d%90%9a%f0%9d%90%a7%f0%9d%90%9c%f0%9d%90%9e%f0%9d%90%a6%f0%9d%90%9e%f0%9d%90%a7%f0%9d%90%ad-%f0%9d%90%9d%f0%9d%90%9e-%f0%9d%90%a5%f0%9d%90%a8%f0%9d%90%a9%f0%9d%90%9e\/","title":{"rendered":"\ud835\udc0b\ud835\udc1a\ud835\udc27\ud835\udc1c\ud835\udc1e\ud835\udc26\ud835\udc1e\ud835\udc27\ud835\udc2d \ud835\udc1d\ud835\udc1e \ud835\udc25\u2019\ud835\udc28\ud835\udc29\ud835\udc1e\u0301\ud835\udc2b\ud835\udc1a\ud835\udc2d\ud835\udc22\ud835\udc28\ud835\udc27 \ud835\udc04\ud835\udc2c\ud835\udc29\ud835\udc1a\ud835\udc1d\ud835\udc28\ud835\udc27 \ud835\udc08\ud835\udc08\ud835\udc08"},"content":{"rendered":"\n<p>Le vendredi 20 d\u00e9cembre 2024, l\u2019Antenne Maritime d\u2019Assinie a accueilli le lancement de l\u2019op\u00e9ration Espadon III, pr\u00e9sid\u00e9e par le Dr C\u00e9lestin Serey Doh, Ministre D\u00e9l\u00e9gu\u00e9 charg\u00e9 des Affaires Maritimes.<\/p>\n\n\n\n<p>Cette initiative mobilise 471 agents des Affaires Maritimes et Portuaires pour s\u00e9curiser les plages et renforcer les effectifs des arrondissements maritimes. L\u2019objectif est ambitieux : z\u00e9ro noyade et z\u00e9ro acte <a><\/a>criminel durant les f\u00eates de fin d\u2019ann\u00e9e 2024.<\/p>\n\n\n\n<p>Pour y parvenir, la DGAMP a remis des kits de propret\u00e9, des v\u00e9hicules, des quads, des engins navals et des motos afin de renforcer la surveillance et promouvoir la salubrit\u00e9 des plages.<\/p>\n\n\n\n<p>Espadon III met l\u2019accent sur la s\u00e9curit\u00e9 des baigneurs et la protection de l\u2019environnement, tout en soutenant le d\u00e9veloppement du tourisme c\u00f4tier.<\/p>\n\n\n\n<figure class=\"wp-block-gallery has-nested-images columns-default is-cropped wp-block-gallery-1 is-layout-flex wp-block-gallery-is-layout-flex\">\n<figure class=\"wp-block-image size-large\"><a href=\"https:\/\/mairieassinie.com\/web\/wp-content\/uploads\/2024\/12\/IMG-20241223-WA0424.jpg\"><img fetchpriority=\"high\" decoding=\"async\" width=\"1024\" height=\"576\" data-id=\"10312\" src=\"https:\/\/mairieassinie.com\/web\/wp-content\/uploads\/2024\/12\/IMG-20241223-WA0424-1024x576.jpg\" alt=\"\" class=\"wp-image-10312\" srcset=\"https:\/\/mairieassinie.com\/web\/wp-content\/uploads\/2024\/12\/IMG-20241223-WA0424-1024x576.jpg 1024w, https:\/\/mairieassinie.com\/web\/wp-content\/uploads\/2024\/12\/IMG-20241223-WA0424-300x169.jpg 300w, https:\/\/mairieassinie.com\/web\/wp-content\/uploads\/2024\/12\/IMG-20241223-WA0424-768x432.jpg 768w, https:\/\/mairieassinie.com\/web\/wp-content\/uploads\/2024\/12\/IMG-20241223-WA0424-406x228.jpg 406w, https:\/\/mairieassinie.com\/web\/wp-content\/uploads\/2024\/12\/IMG-20241223-WA0424.jpg 1080w\" sizes=\"(max-width: 1024px) 100vw, 1024px\" \/><\/a><\/figure>\n\n\n\n<figure class=\"wp-block-image size-large\"><a href=\"https:\/\/mairieassinie.com\/web\/wp-content\/uploads\/2024\/12\/IMG-20241223-WA0425.jpg\"><img decoding=\"async\" width=\"1024\" height=\"768\" data-id=\"10311\" src=\"https:\/\/mairieassinie.com\/web\/wp-content\/uploads\/2024\/12\/IMG-20241223-WA0425-1024x768.jpg\" alt=\"\" class=\"wp-image-10311\" srcset=\"https:\/\/mairieassinie.com\/web\/wp-content\/uploads\/2024\/12\/IMG-20241223-WA0425-1024x768.jpg 1024w, https:\/\/mairieassinie.com\/web\/wp-content\/uploads\/2024\/12\/IMG-20241223-WA0425-300x225.jpg 300w, https:\/\/mairieassinie.com\/web\/wp-content\/uploads\/2024\/12\/IMG-20241223-WA0425-768x576.jpg 768w, https:\/\/mairieassinie.com\/web\/wp-content\/uploads\/2024\/12\/IMG-20241223-WA0425-304x228.jpg 304w, https:\/\/mairieassinie.com\/web\/wp-content\/uploads\/2024\/12\/IMG-20241223-WA0425.jpg 1080w\" sizes=\"(max-width: 1024px) 100vw, 1024px\" \/><\/a><\/figure>\n\n\n\n<figure class=\"wp-block-image size-large\"><a href=\"https:\/\/mairieassinie.com\/web\/wp-content\/uploads\/2024\/12\/IMG-20241223-WA0426.jpg\"><img decoding=\"async\" width=\"1024\" height=\"576\" data-id=\"10316\" src=\"https:\/\/mairieassinie.com\/web\/wp-content\/uploads\/2024\/12\/IMG-20241223-WA0426-1024x576.jpg\" alt=\"\" class=\"wp-image-10316\" srcset=\"https:\/\/mairieassinie.com\/web\/wp-content\/uploads\/2024\/12\/IMG-20241223-WA0426-1024x576.jpg 1024w, https:\/\/mairieassinie.com\/web\/wp-content\/uploads\/2024\/12\/IMG-20241223-WA0426-300x169.jpg 300w, https:\/\/mairieassinie.com\/web\/wp-content\/uploads\/2024\/12\/IMG-20241223-WA0426-768x432.jpg 768w, https:\/\/mairieassinie.com\/web\/wp-content\/uploads\/2024\/12\/IMG-20241223-WA0426-406x228.jpg 406w, https:\/\/mairieassinie.com\/web\/wp-content\/uploads\/2024\/12\/IMG-20241223-WA0426.jpg 1080w\" sizes=\"(max-width: 1024px) 100vw, 1024px\" \/><\/a><\/figure>\n\n\n\n<figure class=\"wp-block-image size-large\"><a href=\"https:\/\/mairieassinie.com\/web\/wp-content\/uploads\/2024\/12\/IMG-20241223-WA0427.jpg\"><img loading=\"lazy\" decoding=\"async\" width=\"1024\" height=\"768\" data-id=\"10313\" src=\"https:\/\/mairieassinie.com\/web\/wp-content\/uploads\/2024\/12\/IMG-20241223-WA0427-1024x768.jpg\" alt=\"\" class=\"wp-image-10313\" srcset=\"https:\/\/mairieassinie.com\/web\/wp-content\/uploads\/2024\/12\/IMG-20241223-WA0427-1024x768.jpg 1024w, https:\/\/mairieassinie.com\/web\/wp-content\/uploads\/2024\/12\/IMG-20241223-WA0427-300x225.jpg 300w, https:\/\/mairieassinie.com\/web\/wp-content\/uploads\/2024\/12\/IMG-20241223-WA0427-768x576.jpg 768w, https:\/\/mairieassinie.com\/web\/wp-content\/uploads\/2024\/12\/IMG-20241223-WA0427-304x228.jpg 304w, https:\/\/mairieassinie.com\/web\/wp-content\/uploads\/2024\/12\/IMG-20241223-WA0427.jpg 1080w\" sizes=\"(max-width: 1024px) 100vw, 1024px\" \/><\/a><\/figure>\n\n\n\n<figure class=\"wp-block-image size-large\"><a href=\"https:\/\/mairieassinie.com\/web\/wp-content\/uploads\/2024\/12\/IMG-20241223-WA0428.jpg\"><img loading=\"lazy\" decoding=\"async\" width=\"1024\" height=\"768\" data-id=\"10314\" src=\"https:\/\/mairieassinie.com\/web\/wp-content\/uploads\/2024\/12\/IMG-20241223-WA0428-1024x768.jpg\" alt=\"\" class=\"wp-image-10314\" srcset=\"https:\/\/mairieassinie.com\/web\/wp-content\/uploads\/2024\/12\/IMG-20241223-WA0428-1024x768.jpg 1024w, https:\/\/mairieassinie.com\/web\/wp-content\/uploads\/2024\/12\/IMG-20241223-WA0428-300x225.jpg 300w, https:\/\/mairieassinie.com\/web\/wp-content\/uploads\/2024\/12\/IMG-20241223-WA0428-768x576.jpg 768w, https:\/\/mairieassinie.com\/web\/wp-content\/uploads\/2024\/12\/IMG-20241223-WA0428-304x228.jpg 304w, https:\/\/mairieassinie.com\/web\/wp-content\/uploads\/2024\/12\/IMG-20241223-WA0428.jpg 1080w\" sizes=\"(max-width: 1024px) 100vw, 1024px\" \/><\/a><\/figure>\n\n\n\n<figure class=\"wp-block-image size-large\"><a href=\"https:\/\/mairieassinie.com\/web\/wp-content\/uploads\/2024\/12\/IMG-20241223-WA0429.jpg\"><img loading=\"lazy\" decoding=\"async\" width=\"1024\" height=\"768\" data-id=\"10315\" src=\"https:\/\/mairieassinie.com\/web\/wp-content\/uploads\/2024\/12\/IMG-20241223-WA0429-1024x768.jpg\" alt=\"\" class=\"wp-image-10315\" srcset=\"https:\/\/mairieassinie.com\/web\/wp-content\/uploads\/2024\/12\/IMG-20241223-WA0429-1024x768.jpg 1024w, https:\/\/mairieassinie.com\/web\/wp-content\/uploads\/2024\/12\/IMG-20241223-WA0429-300x225.jpg 300w, https:\/\/mairieassinie.com\/web\/wp-content\/uploads\/2024\/12\/IMG-20241223-WA0429-768x576.jpg 768w, https:\/\/mairieassinie.com\/web\/wp-content\/uploads\/2024\/12\/IMG-20241223-WA0429-304x228.jpg 304w, https:\/\/mairieassinie.com\/web\/wp-content\/uploads\/2024\/12\/IMG-20241223-WA0429.jpg 1080w\" sizes=\"(max-width: 1024px) 100vw, 1024px\" \/><\/a><\/figure>\n\n\n\n<figure class=\"wp-block-image size-large\"><a href=\"https:\/\/mairieassinie.com\/web\/wp-content\/uploads\/2024\/12\/IMG-20241223-WA0430.jpg\"><img loading=\"lazy\" decoding=\"async\" width=\"1024\" height=\"768\" data-id=\"10317\" src=\"https:\/\/mairieassinie.com\/web\/wp-content\/uploads\/2024\/12\/IMG-20241223-WA0430-1024x768.jpg\" alt=\"\" class=\"wp-image-10317\" srcset=\"https:\/\/mairieassinie.com\/web\/wp-content\/uploads\/2024\/12\/IMG-20241223-WA0430-1024x768.jpg 1024w, https:\/\/mairieassinie.com\/web\/wp-content\/uploads\/2024\/12\/IMG-20241223-WA0430-300x225.jpg 300w, https:\/\/mairieassinie.com\/web\/wp-content\/uploads\/2024\/12\/IMG-20241223-WA0430-768x576.jpg 768w, https:\/\/mairieassinie.com\/web\/wp-content\/uploads\/2024\/12\/IMG-20241223-WA0430-304x228.jpg 304w, https:\/\/mairieassinie.com\/web\/wp-content\/uploads\/2024\/12\/IMG-20241223-WA0430.jpg 1080w\" sizes=\"(max-width: 1024px) 100vw, 1024px\" \/><\/a><\/figure>\n<\/figure>\n\n    <div class=\"xs_social_share_widget xs_share_url after_content \t\tmain_content  wslu-style-1 wslu-share-box-shaped wslu-fill-colored wslu-none wslu-share-horizontal wslu-theme-font-no wslu-main_content\">\n\n\t\t\n        <ul>\n\t\t\t        <\/ul>\n    <\/div> \n","protected":false},"excerpt":{"rendered":"<p>Le vendredi 20 d&eacute;cembre 2024, l&rsquo;Antenne Maritime d&rsquo;Assinie a accueilli le lancement de l&rsquo;op&eacute;ration Espadon III, pr&eacute;sid&eacute;e par le Dr C&eacute;lestin Serey Doh, Ministre D&eacute;l&eacute;gu&eacute; charg&eacute; des Affaires Maritimes. Cette initiative mobilise 471 agents des Affaires Maritimes et Portuaires pour s&eacute;curiser les plages et renforcer les effectifs des arrondissements maritimes. L&rsquo;objectif est ambitieux : z&eacute;ro [&hellip;]<\/p>\n","protected":false},"author":2,"featured_media":10318,"comment_status":"closed","ping_status":"open","sticky":false,"template":"","format":"standard","meta":{"footnotes":""},"categories":[127,3,129],"tags":[],"class_list":["post-10310","post","type-post","status-publish","format-standard","has-post-thumbnail","hentry","category-activites","category-actualite","category-infos"],"yoast_head":"<!-- This site is optimized with the Yoast SEO plugin v25.9 - https:\/\/yoast.com\/wordpress\/plugins\/seo\/ -->\n<title>\ud835\udc0b\ud835\udc1a\ud835\udc27\ud835\udc1c\ud835\udc1e\ud835\udc26\ud835\udc1e\ud835\udc27\ud835\udc2d \ud835\udc1d\ud835\udc1e \ud835\udc25\u2019\ud835\udc28\ud835\udc29\ud835\udc1e\u0301\ud835\udc2b\ud835\udc1a\ud835\udc2d\ud835\udc22\ud835\udc28\ud835\udc27 \ud835\udc04\ud835\udc2c\ud835\udc29\ud835\udc1a\ud835\udc1d\ud835\udc28\ud835\udc27 \ud835\udc08\ud835\udc08\ud835\udc08 - Mairie d&#039;Assinie-Mairie<\/title>\n<meta name=\"robots\" content=\"index, follow, max-snippet:-1, max-image-preview:large, max-video-preview:-1\" \/>\n<link rel=\"canonical\" href=\"https:\/\/mairieassinie.com\/web\/\ud835\udc0b\ud835\udc1a\ud835\udc27\ud835\udc1c\ud835\udc1e\ud835\udc26\ud835\udc1e\ud835\udc27\ud835\udc2d-\ud835\udc1d\ud835\udc1e-\ud835\udc25\ud835\udc28\ud835\udc29\ud835\udc1e\/\" \/>\n<meta property=\"og:locale\" content=\"fr_FR\" \/>\n<meta property=\"og:type\" content=\"article\" \/>\n<meta property=\"og:title\" content=\"\ud835\udc0b\ud835\udc1a\ud835\udc27\ud835\udc1c\ud835\udc1e\ud835\udc26\ud835\udc1e\ud835\udc27\ud835\udc2d \ud835\udc1d\ud835\udc1e \ud835\udc25\u2019\ud835\udc28\ud835\udc29\ud835\udc1e\u0301\ud835\udc2b\ud835\udc1a\ud835\udc2d\ud835\udc22\ud835\udc28\ud835\udc27 \ud835\udc04\ud835\udc2c\ud835\udc29\ud835\udc1a\ud835\udc1d\ud835\udc28\ud835\udc27 \ud835\udc08\ud835\udc08\ud835\udc08 - Mairie d&#039;Assinie-Mairie\" \/>\n<meta property=\"og:description\" content=\"Le vendredi 20 d&eacute;cembre 2024, l&rsquo;Antenne Maritime d&rsquo;Assinie a accueilli le lancement de l&rsquo;op&eacute;ration Espadon III, pr&eacute;sid&eacute;e par le Dr C&eacute;lestin Serey Doh, Ministre D&eacute;l&eacute;gu&eacute; charg&eacute; des Affaires Maritimes. Cette initiative mobilise 471 agents des Affaires Maritimes et Portuaires pour s&eacute;curiser les plages et renforcer les effectifs des arrondissements maritimes. L&rsquo;objectif est ambitieux : z&eacute;ro [&hellip;]\" \/>\n<meta property=\"og:url\" content=\"https:\/\/mairieassinie.com\/web\/\ud835\udc0b\ud835\udc1a\ud835\udc27\ud835\udc1c\ud835\udc1e\ud835\udc26\ud835\udc1e\ud835\udc27\ud835\udc2d-\ud835\udc1d\ud835\udc1e-\ud835\udc25\ud835\udc28\ud835\udc29\ud835\udc1e\/\" \/>\n<meta property=\"og:site_name\" content=\"Mairie d&#039;Assinie-Mairie\" \/>\n<meta property=\"article:publisher\" content=\"https:\/\/www.facebook.com\/mairieassinie.officiel\" \/>\n<meta property=\"article:published_time\" content=\"2024-12-23T11:39:55+00:00\" \/>\n<meta property=\"article:modified_time\" content=\"2024-12-23T11:59:41+00:00\" \/>\n<meta property=\"og:image\" content=\"https:\/\/mairieassinie.com\/web\/wp-content\/uploads\/2024\/12\/IMG-20241223-WA0427-1.jpg\" \/>\n\t<meta property=\"og:image:width\" content=\"1080\" \/>\n\t<meta property=\"og:image:height\" content=\"720\" \/>\n\t<meta property=\"og:image:type\" content=\"image\/jpeg\" \/>\n<meta name=\"author\" content=\"Mairie d&#039;Assinie\" \/>\n<meta name=\"twitter:card\" content=\"summary_large_image\" \/>\n<meta name=\"twitter:label1\" content=\"\u00c9crit par\" \/>\n\t<meta name=\"twitter:data1\" content=\"Mairie d&#039;Assinie\" \/>\n\t<meta name=\"twitter:label2\" content=\"Dur\u00e9e de lecture estim\u00e9e\" \/>\n\t<meta name=\"twitter:data2\" content=\"3 minutes\" \/>\n<script type=\"application\/ld+json\" class=\"yoast-schema-graph\">{\"@context\":\"https:\/\/schema.org\",\"@graph\":[{\"@type\":\"WebPage\",\"@id\":\"https:\/\/mairieassinie.com\/web\/%f0%9d%90%8b%f0%9d%90%9a%f0%9d%90%a7%f0%9d%90%9c%f0%9d%90%9e%f0%9d%90%a6%f0%9d%90%9e%f0%9d%90%a7%f0%9d%90%ad-%f0%9d%90%9d%f0%9d%90%9e-%f0%9d%90%a5%f0%9d%90%a8%f0%9d%90%a9%f0%9d%90%9e\/\",\"url\":\"https:\/\/mairieassinie.com\/web\/%f0%9d%90%8b%f0%9d%90%9a%f0%9d%90%a7%f0%9d%90%9c%f0%9d%90%9e%f0%9d%90%a6%f0%9d%90%9e%f0%9d%90%a7%f0%9d%90%ad-%f0%9d%90%9d%f0%9d%90%9e-%f0%9d%90%a5%f0%9d%90%a8%f0%9d%90%a9%f0%9d%90%9e\/\",\"name\":\"\ud835\udc0b\ud835\udc1a\ud835\udc27\ud835\udc1c\ud835\udc1e\ud835\udc26\ud835\udc1e\ud835\udc27\ud835\udc2d \ud835\udc1d\ud835\udc1e \ud835\udc25\u2019\ud835\udc28\ud835\udc29\ud835\udc1e\u0301\ud835\udc2b\ud835\udc1a\ud835\udc2d\ud835\udc22\ud835\udc28\ud835\udc27 \ud835\udc04\ud835\udc2c\ud835\udc29\ud835\udc1a\ud835\udc1d\ud835\udc28\ud835\udc27 \ud835\udc08\ud835\udc08\ud835\udc08 - Mairie d&#039;Assinie-Mairie\",\"isPartOf\":{\"@id\":\"https:\/\/mairieassinie.com\/web\/#website\"},\"primaryImageOfPage\":{\"@id\":\"https:\/\/mairieassinie.com\/web\/%f0%9d%90%8b%f0%9d%90%9a%f0%9d%90%a7%f0%9d%90%9c%f0%9d%90%9e%f0%9d%90%a6%f0%9d%90%9e%f0%9d%90%a7%f0%9d%90%ad-%f0%9d%90%9d%f0%9d%90%9e-%f0%9d%90%a5%f0%9d%90%a8%f0%9d%90%a9%f0%9d%90%9e\/#primaryimage\"},\"image\":{\"@id\":\"https:\/\/mairieassinie.com\/web\/%f0%9d%90%8b%f0%9d%90%9a%f0%9d%90%a7%f0%9d%90%9c%f0%9d%90%9e%f0%9d%90%a6%f0%9d%90%9e%f0%9d%90%a7%f0%9d%90%ad-%f0%9d%90%9d%f0%9d%90%9e-%f0%9d%90%a5%f0%9d%90%a8%f0%9d%90%a9%f0%9d%90%9e\/#primaryimage\"},\"thumbnailUrl\":\"https:\/\/mairieassinie.com\/web\/wp-content\/uploads\/2024\/12\/IMG-20241223-WA0427-1.jpg\",\"datePublished\":\"2024-12-23T11:39:55+00:00\",\"dateModified\":\"2024-12-23T11:59:41+00:00\",\"author\":{\"@id\":\"https:\/\/mairieassinie.com\/web\/#\/schema\/person\/ec7ccc40765baa860f4f4018fc599539\"},\"breadcrumb\":{\"@id\":\"https:\/\/mairieassinie.com\/web\/%f0%9d%90%8b%f0%9d%90%9a%f0%9d%90%a7%f0%9d%90%9c%f0%9d%90%9e%f0%9d%90%a6%f0%9d%90%9e%f0%9d%90%a7%f0%9d%90%ad-%f0%9d%90%9d%f0%9d%90%9e-%f0%9d%90%a5%f0%9d%90%a8%f0%9d%90%a9%f0%9d%90%9e\/#breadcrumb\"},\"inLanguage\":\"fr-FR\",\"potentialAction\":[{\"@type\":\"ReadAction\",\"target\":[\"https:\/\/mairieassinie.com\/web\/%f0%9d%90%8b%f0%9d%90%9a%f0%9d%90%a7%f0%9d%90%9c%f0%9d%90%9e%f0%9d%90%a6%f0%9d%90%9e%f0%9d%90%a7%f0%9d%90%ad-%f0%9d%90%9d%f0%9d%90%9e-%f0%9d%90%a5%f0%9d%90%a8%f0%9d%90%a9%f0%9d%90%9e\/\"]}]},{\"@type\":\"ImageObject\",\"inLanguage\":\"fr-FR\",\"@id\":\"https:\/\/mairieassinie.com\/web\/%f0%9d%90%8b%f0%9d%90%9a%f0%9d%90%a7%f0%9d%90%9c%f0%9d%90%9e%f0%9d%90%a6%f0%9d%90%9e%f0%9d%90%a7%f0%9d%90%ad-%f0%9d%90%9d%f0%9d%90%9e-%f0%9d%90%a5%f0%9d%90%a8%f0%9d%90%a9%f0%9d%90%9e\/#primaryimage\",\"url\":\"https:\/\/mairieassinie.com\/web\/wp-content\/uploads\/2024\/12\/IMG-20241223-WA0427-1.jpg\",\"contentUrl\":\"https:\/\/mairieassinie.com\/web\/wp-content\/uploads\/2024\/12\/IMG-20241223-WA0427-1.jpg\",\"width\":1080,\"height\":720},{\"@type\":\"BreadcrumbList\",\"@id\":\"https:\/\/mairieassinie.com\/web\/%f0%9d%90%8b%f0%9d%90%9a%f0%9d%90%a7%f0%9d%90%9c%f0%9d%90%9e%f0%9d%90%a6%f0%9d%90%9e%f0%9d%90%a7%f0%9d%90%ad-%f0%9d%90%9d%f0%9d%90%9e-%f0%9d%90%a5%f0%9d%90%a8%f0%9d%90%a9%f0%9d%90%9e\/#breadcrumb\",\"itemListElement\":[{\"@type\":\"ListItem\",\"position\":1,\"name\":\"Accueil\",\"item\":\"https:\/\/mairieassinie.com\/web\/\"},{\"@type\":\"ListItem\",\"position\":2,\"name\":\"\ud835\udc0b\ud835\udc1a\ud835\udc27\ud835\udc1c\ud835\udc1e\ud835\udc26\ud835\udc1e\ud835\udc27\ud835\udc2d \ud835\udc1d\ud835\udc1e \ud835\udc25\u2019\ud835\udc28\ud835\udc29\ud835\udc1e\u0301\ud835\udc2b\ud835\udc1a\ud835\udc2d\ud835\udc22\ud835\udc28\ud835\udc27 \ud835\udc04\ud835\udc2c\ud835\udc29\ud835\udc1a\ud835\udc1d\ud835\udc28\ud835\udc27 \ud835\udc08\ud835\udc08\ud835\udc08\"}]},{\"@type\":\"WebSite\",\"@id\":\"https:\/\/mairieassinie.com\/web\/#website\",\"url\":\"https:\/\/mairieassinie.com\/web\/\",\"name\":\"Mairie d'Assinie\",\"description\":\"Une cit\u00e9 baln\u00e9aire exceptionnelle.\",\"potentialAction\":[{\"@type\":\"SearchAction\",\"target\":{\"@type\":\"EntryPoint\",\"urlTemplate\":\"https:\/\/mairieassinie.com\/web\/?s={search_term_string}\"},\"query-input\":{\"@type\":\"PropertyValueSpecification\",\"valueRequired\":true,\"valueName\":\"search_term_string\"}}],\"inLanguage\":\"fr-FR\"},{\"@type\":\"Person\",\"@id\":\"https:\/\/mairieassinie.com\/web\/#\/schema\/person\/ec7ccc40765baa860f4f4018fc599539\",\"name\":\"Mairie d'Assinie\",\"image\":{\"@type\":\"ImageObject\",\"inLanguage\":\"fr-FR\",\"@id\":\"https:\/\/mairieassinie.com\/web\/#\/schema\/person\/image\/\",\"url\":\"https:\/\/secure.gravatar.com\/avatar\/fc7b38665fad664f31346ac2ed5c06693cf6558ef5a53cc39eb7aa16409fc1b7?s=96&d=mm&r=g\",\"contentUrl\":\"https:\/\/secure.gravatar.com\/avatar\/fc7b38665fad664f31346ac2ed5c06693cf6558ef5a53cc39eb7aa16409fc1b7?s=96&d=mm&r=g\",\"caption\":\"Mairie d'Assinie\"},\"url\":\"https:\/\/mairieassinie.com\/web\/author\/webmaster\/\"}]}<\/script>\n<!-- \/ Yoast SEO plugin. -->","yoast_head_json":{"title":"\ud835\udc0b\ud835\udc1a\ud835\udc27\ud835\udc1c\ud835\udc1e\ud835\udc26\ud835\udc1e\ud835\udc27\ud835\udc2d \ud835\udc1d\ud835\udc1e \ud835\udc25\u2019\ud835\udc28\ud835\udc29\ud835\udc1e\u0301\ud835\udc2b\ud835\udc1a\ud835\udc2d\ud835\udc22\ud835\udc28\ud835\udc27 \ud835\udc04\ud835\udc2c\ud835\udc29\ud835\udc1a\ud835\udc1d\ud835\udc28\ud835\udc27 \ud835\udc08\ud835\udc08\ud835\udc08 - Mairie d&#039;Assinie-Mairie","robots":{"index":"index","follow":"follow","max-snippet":"max-snippet:-1","max-image-preview":"max-image-preview:large","max-video-preview":"max-video-preview:-1"},"canonical":"https:\/\/mairieassinie.com\/web\/\ud835\udc0b\ud835\udc1a\ud835\udc27\ud835\udc1c\ud835\udc1e\ud835\udc26\ud835\udc1e\ud835\udc27\ud835\udc2d-\ud835\udc1d\ud835\udc1e-\ud835\udc25\ud835\udc28\ud835\udc29\ud835\udc1e\/","og_locale":"fr_FR","og_type":"article","og_title":"\ud835\udc0b\ud835\udc1a\ud835\udc27\ud835\udc1c\ud835\udc1e\ud835\udc26\ud835\udc1e\ud835\udc27\ud835\udc2d \ud835\udc1d\ud835\udc1e \ud835\udc25\u2019\ud835\udc28\ud835\udc29\ud835\udc1e\u0301\ud835\udc2b\ud835\udc1a\ud835\udc2d\ud835\udc22\ud835\udc28\ud835\udc27 \ud835\udc04\ud835\udc2c\ud835\udc29\ud835\udc1a\ud835\udc1d\ud835\udc28\ud835\udc27 \ud835\udc08\ud835\udc08\ud835\udc08 - Mairie d&#039;Assinie-Mairie","og_description":"Le vendredi 20 d&eacute;cembre 2024, l&rsquo;Antenne Maritime d&rsquo;Assinie a accueilli le lancement de l&rsquo;op&eacute;ration Espadon III, pr&eacute;sid&eacute;e par le Dr C&eacute;lestin Serey Doh, Ministre D&eacute;l&eacute;gu&eacute; charg&eacute; des Affaires Maritimes. Cette initiative mobilise 471 agents des Affaires Maritimes et Portuaires pour s&eacute;curiser les plages et renforcer les effectifs des arrondissements maritimes. L&rsquo;objectif est ambitieux : z&eacute;ro [&hellip;]","og_url":"https:\/\/mairieassinie.com\/web\/\ud835\udc0b\ud835\udc1a\ud835\udc27\ud835\udc1c\ud835\udc1e\ud835\udc26\ud835\udc1e\ud835\udc27\ud835\udc2d-\ud835\udc1d\ud835\udc1e-\ud835\udc25\ud835\udc28\ud835\udc29\ud835\udc1e\/","og_site_name":"Mairie d&#039;Assinie-Mairie","article_publisher":"https:\/\/www.facebook.com\/mairieassinie.officiel","article_published_time":"2024-12-23T11:39:55+00:00","article_modified_time":"2024-12-23T11:59:41+00:00","og_image":[{"width":1080,"height":720,"url":"https:\/\/mairieassinie.com\/web\/wp-content\/uploads\/2024\/12\/IMG-20241223-WA0427-1.jpg","type":"image\/jpeg"}],"author":"Mairie d'Assinie","twitter_card":"summary_large_image","twitter_misc":{"\u00c9crit par":"Mairie d'Assinie","Dur\u00e9e de lecture estim\u00e9e":"3 minutes"},"schema":{"@context":"https:\/\/schema.org","@graph":[{"@type":"WebPage","@id":"https:\/\/mairieassinie.com\/web\/%f0%9d%90%8b%f0%9d%90%9a%f0%9d%90%a7%f0%9d%90%9c%f0%9d%90%9e%f0%9d%90%a6%f0%9d%90%9e%f0%9d%90%a7%f0%9d%90%ad-%f0%9d%90%9d%f0%9d%90%9e-%f0%9d%90%a5%f0%9d%90%a8%f0%9d%90%a9%f0%9d%90%9e\/","url":"https:\/\/mairieassinie.com\/web\/%f0%9d%90%8b%f0%9d%90%9a%f0%9d%90%a7%f0%9d%90%9c%f0%9d%90%9e%f0%9d%90%a6%f0%9d%90%9e%f0%9d%90%a7%f0%9d%90%ad-%f0%9d%90%9d%f0%9d%90%9e-%f0%9d%90%a5%f0%9d%90%a8%f0%9d%90%a9%f0%9d%90%9e\/","name":"\ud835\udc0b\ud835\udc1a\ud835\udc27\ud835\udc1c\ud835\udc1e\ud835\udc26\ud835\udc1e\ud835\udc27\ud835\udc2d \ud835\udc1d\ud835\udc1e \ud835\udc25\u2019\ud835\udc28\ud835\udc29\ud835\udc1e\u0301\ud835\udc2b\ud835\udc1a\ud835\udc2d\ud835\udc22\ud835\udc28\ud835\udc27 \ud835\udc04\ud835\udc2c\ud835\udc29\ud835\udc1a\ud835\udc1d\ud835\udc28\ud835\udc27 \ud835\udc08\ud835\udc08\ud835\udc08 - Mairie d&#039;Assinie-Mairie","isPartOf":{"@id":"https:\/\/mairieassinie.com\/web\/#website"},"primaryImageOfPage":{"@id":"https:\/\/mairieassinie.com\/web\/%f0%9d%90%8b%f0%9d%90%9a%f0%9d%90%a7%f0%9d%90%9c%f0%9d%90%9e%f0%9d%90%a6%f0%9d%90%9e%f0%9d%90%a7%f0%9d%90%ad-%f0%9d%90%9d%f0%9d%90%9e-%f0%9d%90%a5%f0%9d%90%a8%f0%9d%90%a9%f0%9d%90%9e\/#primaryimage"},"image":{"@id":"https:\/\/mairieassinie.com\/web\/%f0%9d%90%8b%f0%9d%90%9a%f0%9d%90%a7%f0%9d%90%9c%f0%9d%90%9e%f0%9d%90%a6%f0%9d%90%9e%f0%9d%90%a7%f0%9d%90%ad-%f0%9d%90%9d%f0%9d%90%9e-%f0%9d%90%a5%f0%9d%90%a8%f0%9d%90%a9%f0%9d%90%9e\/#primaryimage"},"thumbnailUrl":"https:\/\/mairieassinie.com\/web\/wp-content\/uploads\/2024\/12\/IMG-20241223-WA0427-1.jpg","datePublished":"2024-12-23T11:39:55+00:00","dateModified":"2024-12-23T11:59:41+00:00","author":{"@id":"https:\/\/mairieassinie.com\/web\/#\/schema\/person\/ec7ccc40765baa860f4f4018fc599539"},"breadcrumb":{"@id":"https:\/\/mairieassinie.com\/web\/%f0%9d%90%8b%f0%9d%90%9a%f0%9d%90%a7%f0%9d%90%9c%f0%9d%90%9e%f0%9d%90%a6%f0%9d%90%9e%f0%9d%90%a7%f0%9d%90%ad-%f0%9d%90%9d%f0%9d%90%9e-%f0%9d%90%a5%f0%9d%90%a8%f0%9d%90%a9%f0%9d%90%9e\/#breadcrumb"},"inLanguage":"fr-FR","potentialAction":[{"@type":"ReadAction","target":["https:\/\/mairieassinie.com\/web\/%f0%9d%90%8b%f0%9d%90%9a%f0%9d%90%a7%f0%9d%90%9c%f0%9d%90%9e%f0%9d%90%a6%f0%9d%90%9e%f0%9d%90%a7%f0%9d%90%ad-%f0%9d%90%9d%f0%9d%90%9e-%f0%9d%90%a5%f0%9d%90%a8%f0%9d%90%a9%f0%9d%90%9e\/"]}]},{"@type":"ImageObject","inLanguage":"fr-FR","@id":"https:\/\/mairieassinie.com\/web\/%f0%9d%90%8b%f0%9d%90%9a%f0%9d%90%a7%f0%9d%90%9c%f0%9d%90%9e%f0%9d%90%a6%f0%9d%90%9e%f0%9d%90%a7%f0%9d%90%ad-%f0%9d%90%9d%f0%9d%90%9e-%f0%9d%90%a5%f0%9d%90%a8%f0%9d%90%a9%f0%9d%90%9e\/#primaryimage","url":"https:\/\/mairieassinie.com\/web\/wp-content\/uploads\/2024\/12\/IMG-20241223-WA0427-1.jpg","contentUrl":"https:\/\/mairieassinie.com\/web\/wp-content\/uploads\/2024\/12\/IMG-20241223-WA0427-1.jpg","width":1080,"height":720},{"@type":"BreadcrumbList","@id":"https:\/\/mairieassinie.com\/web\/%f0%9d%90%8b%f0%9d%90%9a%f0%9d%90%a7%f0%9d%90%9c%f0%9d%90%9e%f0%9d%90%a6%f0%9d%90%9e%f0%9d%90%a7%f0%9d%90%ad-%f0%9d%90%9d%f0%9d%90%9e-%f0%9d%90%a5%f0%9d%90%a8%f0%9d%90%a9%f0%9d%90%9e\/#breadcrumb","itemListElement":[{"@type":"ListItem","position":1,"name":"Accueil","item":"https:\/\/mairieassinie.com\/web\/"},{"@type":"ListItem","position":2,"name":"\ud835\udc0b\ud835\udc1a\ud835\udc27\ud835\udc1c\ud835\udc1e\ud835\udc26\ud835\udc1e\ud835\udc27\ud835\udc2d \ud835\udc1d\ud835\udc1e \ud835\udc25\u2019\ud835\udc28\ud835\udc29\ud835\udc1e\u0301\ud835\udc2b\ud835\udc1a\ud835\udc2d\ud835\udc22\ud835\udc28\ud835\udc27 \ud835\udc04\ud835\udc2c\ud835\udc29\ud835\udc1a\ud835\udc1d\ud835\udc28\ud835\udc27 \ud835\udc08\ud835\udc08\ud835\udc08"}]},{"@type":"WebSite","@id":"https:\/\/mairieassinie.com\/web\/#website","url":"https:\/\/mairieassinie.com\/web\/","name":"Mairie d'Assinie","description":"Une cit\u00e9 baln\u00e9aire exceptionnelle.","potentialAction":[{"@type":"SearchAction","target":{"@type":"EntryPoint","urlTemplate":"https:\/\/mairieassinie.com\/web\/?s={search_term_string}"},"query-input":{"@type":"PropertyValueSpecification","valueRequired":true,"valueName":"search_term_string"}}],"inLanguage":"fr-FR"},{"@type":"Person","@id":"https:\/\/mairieassinie.com\/web\/#\/schema\/person\/ec7ccc40765baa860f4f4018fc599539","name":"Mairie d'Assinie","image":{"@type":"ImageObject","inLanguage":"fr-FR","@id":"https:\/\/mairieassinie.com\/web\/#\/schema\/person\/image\/","url":"https:\/\/secure.gravatar.com\/avatar\/fc7b38665fad664f31346ac2ed5c06693cf6558ef5a53cc39eb7aa16409fc1b7?s=96&d=mm&r=g","contentUrl":"https:\/\/secure.gravatar.com\/avatar\/fc7b38665fad664f31346ac2ed5c06693cf6558ef5a53cc39eb7aa16409fc1b7?s=96&d=mm&r=g","caption":"Mairie d'Assinie"},"url":"https:\/\/mairieassinie.com\/web\/author\/webmaster\/"}]}},"_links":{"self":[{"href":"https:\/\/mairieassinie.com\/web\/wp-json\/wp\/v2\/posts\/10310","targetHints":{"allow":["GET"]}}],"collection":[{"href":"https:\/\/mairieassinie.com\/web\/wp-json\/wp\/v2\/posts"}],"about":[{"href":"https:\/\/mairieassinie.com\/web\/wp-json\/wp\/v2\/types\/post"}],"author":[{"embeddable":true,"href":"https:\/\/mairieassinie.com\/web\/wp-json\/wp\/v2\/users\/2"}],"replies":[{"embeddable":true,"href":"https:\/\/mairieassinie.com\/web\/wp-json\/wp\/v2\/comments?post=10310"}],"version-history":[{"count":1,"href":"https:\/\/mairieassinie.com\/web\/wp-json\/wp\/v2\/posts\/10310\/revisions"}],"predecessor-version":[{"id":10319,"href":"https:\/\/mairieassinie.com\/web\/wp-json\/wp\/v2\/posts\/10310\/revisions\/10319"}],"wp:featuredmedia":[{"embeddable":true,"href":"https:\/\/mairieassinie.com\/web\/wp-json\/wp\/v2\/media\/10318"}],"wp:attachment":[{"href":"https:\/\/mairieassinie.com\/web\/wp-json\/wp\/v2\/media?parent=10310"}],"wp:term":[{"taxonomy":"category","embeddable":true,"href":"https:\/\/mairieassinie.com\/web\/wp-json\/wp\/v2\/categories?post=10310"},{"taxonomy":"post_tag","embeddable":true,"href":"https:\/\/mairieassinie.com\/web\/wp-json\/wp\/v2\/tags?post=10310"}],"curies":[{"name":"wp","href":"https:\/\/api.w.org\/{rel}","templated":true}]}}