{"id":10382,"date":"2024-12-25T15:21:08","date_gmt":"2024-12-25T14:21:08","guid":{"rendered":"https:\/\/mairieassinie.com\/web\/?p=10382"},"modified":"2024-12-26T15:24:43","modified_gmt":"2024-12-26T14:24:43","slug":"dejeuner-avec-la-chefferie-de-la-commune","status":"publish","type":"post","link":"https:\/\/mairieassinie.com\/web\/dejeuner-avec-la-chefferie-de-la-commune\/","title":{"rendered":"D\u00e9jeuner avec la chefferie de la Commune"},"content":{"rendered":"\n<p>\u00c0 l\u2019occasion de cette fin d\u2019ann\u00e9e 2024, le Maire d\u2019Assinie-Mafia, Pierre Magne Woelfell a convi\u00e9, ce dimanche 22 d\u00e9cembre, tous les chefs de village de la commune \u00e0 un d\u00e9jeuner convivial organis\u00e9 \u00e0 son domicile.<\/p>\n\n\n\n<p>Ce moment de partage, marqu\u00e9 par des \u00e9changes fraternels et chaleureux, a permis de c\u00e9l\u00e9brer l\u2019unit\u00e9 et la coh\u00e9sion sociale.<\/p>\n\n\n\n<p>En <a><\/a>t\u00e9moignage de respect et de gratitude pour leur r\u00f4le essentiel dans la pr\u00e9servation des valeurs et des traditions de la culture de la localit\u00e9, un cadeau symbolique a \u00e9t\u00e9 offert \u00e0 chaque chef.<\/p>\n\n\n\n<figure class=\"wp-block-gallery has-nested-images columns-default is-cropped wp-block-gallery-1 is-layout-flex wp-block-gallery-is-layout-flex\">\n<figure class=\"wp-block-image size-large\"><a href=\"https:\/\/mairieassinie.com\/web\/wp-content\/uploads\/2024\/12\/IMG-20241226-WA0223.jpg\"><img fetchpriority=\"high\" decoding=\"async\" width=\"1024\" height=\"683\" data-id=\"10383\" src=\"https:\/\/mairieassinie.com\/web\/wp-content\/uploads\/2024\/12\/IMG-20241226-WA0223-1024x683.jpg\" alt=\"\" class=\"wp-image-10383\" srcset=\"https:\/\/mairieassinie.com\/web\/wp-content\/uploads\/2024\/12\/IMG-20241226-WA0223-1024x683.jpg 1024w, https:\/\/mairieassinie.com\/web\/wp-content\/uploads\/2024\/12\/IMG-20241226-WA0223-300x200.jpg 300w, https:\/\/mairieassinie.com\/web\/wp-content\/uploads\/2024\/12\/IMG-20241226-WA0223-768x512.jpg 768w, https:\/\/mairieassinie.com\/web\/wp-content\/uploads\/2024\/12\/IMG-20241226-WA0223-342x228.jpg 342w, https:\/\/mairieassinie.com\/web\/wp-content\/uploads\/2024\/12\/IMG-20241226-WA0223.jpg 1080w\" sizes=\"(max-width: 1024px) 100vw, 1024px\" \/><\/a><\/figure>\n\n\n\n<figure class=\"wp-block-image size-large\"><a href=\"https:\/\/mairieassinie.com\/web\/wp-content\/uploads\/2024\/12\/IMG-20241226-WA0224.jpg\"><img decoding=\"async\" width=\"1024\" height=\"683\" data-id=\"10387\" src=\"https:\/\/mairieassinie.com\/web\/wp-content\/uploads\/2024\/12\/IMG-20241226-WA0224-1024x683.jpg\" alt=\"\" class=\"wp-image-10387\" srcset=\"https:\/\/mairieassinie.com\/web\/wp-content\/uploads\/2024\/12\/IMG-20241226-WA0224-1024x683.jpg 1024w, https:\/\/mairieassinie.com\/web\/wp-content\/uploads\/2024\/12\/IMG-20241226-WA0224-300x200.jpg 300w, https:\/\/mairieassinie.com\/web\/wp-content\/uploads\/2024\/12\/IMG-20241226-WA0224-768x512.jpg 768w, https:\/\/mairieassinie.com\/web\/wp-content\/uploads\/2024\/12\/IMG-20241226-WA0224-342x228.jpg 342w, https:\/\/mairieassinie.com\/web\/wp-content\/uploads\/2024\/12\/IMG-20241226-WA0224.jpg 1080w\" sizes=\"(max-width: 1024px) 100vw, 1024px\" \/><\/a><\/figure>\n\n\n\n<figure class=\"wp-block-image size-large\"><a href=\"https:\/\/mairieassinie.com\/web\/wp-content\/uploads\/2024\/12\/IMG-20241226-WA0225.jpg\"><img decoding=\"async\" width=\"1024\" height=\"683\" data-id=\"10384\" src=\"https:\/\/mairieassinie.com\/web\/wp-content\/uploads\/2024\/12\/IMG-20241226-WA0225-1024x683.jpg\" alt=\"\" class=\"wp-image-10384\" srcset=\"https:\/\/mairieassinie.com\/web\/wp-content\/uploads\/2024\/12\/IMG-20241226-WA0225-1024x683.jpg 1024w, https:\/\/mairieassinie.com\/web\/wp-content\/uploads\/2024\/12\/IMG-20241226-WA0225-300x200.jpg 300w, https:\/\/mairieassinie.com\/web\/wp-content\/uploads\/2024\/12\/IMG-20241226-WA0225-768x512.jpg 768w, https:\/\/mairieassinie.com\/web\/wp-content\/uploads\/2024\/12\/IMG-20241226-WA0225-342x228.jpg 342w, https:\/\/mairieassinie.com\/web\/wp-content\/uploads\/2024\/12\/IMG-20241226-WA0225.jpg 1080w\" sizes=\"(max-width: 1024px) 100vw, 1024px\" \/><\/a><\/figure>\n\n\n\n<figure class=\"wp-block-image size-large\"><a href=\"https:\/\/mairieassinie.com\/web\/wp-content\/uploads\/2024\/12\/IMG-20241226-WA0226.jpg\"><img loading=\"lazy\" decoding=\"async\" width=\"1024\" height=\"683\" data-id=\"10386\" src=\"https:\/\/mairieassinie.com\/web\/wp-content\/uploads\/2024\/12\/IMG-20241226-WA0226-1024x683.jpg\" alt=\"\" class=\"wp-image-10386\" srcset=\"https:\/\/mairieassinie.com\/web\/wp-content\/uploads\/2024\/12\/IMG-20241226-WA0226-1024x683.jpg 1024w, https:\/\/mairieassinie.com\/web\/wp-content\/uploads\/2024\/12\/IMG-20241226-WA0226-300x200.jpg 300w, https:\/\/mairieassinie.com\/web\/wp-content\/uploads\/2024\/12\/IMG-20241226-WA0226-768x512.jpg 768w, https:\/\/mairieassinie.com\/web\/wp-content\/uploads\/2024\/12\/IMG-20241226-WA0226-342x228.jpg 342w, https:\/\/mairieassinie.com\/web\/wp-content\/uploads\/2024\/12\/IMG-20241226-WA0226.jpg 1080w\" sizes=\"(max-width: 1024px) 100vw, 1024px\" \/><\/a><\/figure>\n\n\n\n<figure class=\"wp-block-image size-large\"><a href=\"https:\/\/mairieassinie.com\/web\/wp-content\/uploads\/2024\/12\/IMG-20241226-WA0227.jpg\"><img loading=\"lazy\" decoding=\"async\" width=\"1024\" height=\"683\" data-id=\"10388\" src=\"https:\/\/mairieassinie.com\/web\/wp-content\/uploads\/2024\/12\/IMG-20241226-WA0227-1024x683.jpg\" alt=\"\" class=\"wp-image-10388\" srcset=\"https:\/\/mairieassinie.com\/web\/wp-content\/uploads\/2024\/12\/IMG-20241226-WA0227-1024x683.jpg 1024w, https:\/\/mairieassinie.com\/web\/wp-content\/uploads\/2024\/12\/IMG-20241226-WA0227-300x200.jpg 300w, https:\/\/mairieassinie.com\/web\/wp-content\/uploads\/2024\/12\/IMG-20241226-WA0227-768x512.jpg 768w, https:\/\/mairieassinie.com\/web\/wp-content\/uploads\/2024\/12\/IMG-20241226-WA0227-342x228.jpg 342w, https:\/\/mairieassinie.com\/web\/wp-content\/uploads\/2024\/12\/IMG-20241226-WA0227.jpg 1080w\" sizes=\"(max-width: 1024px) 100vw, 1024px\" \/><\/a><\/figure>\n\n\n\n<figure class=\"wp-block-image size-large\"><a href=\"https:\/\/mairieassinie.com\/web\/wp-content\/uploads\/2024\/12\/IMG-20241226-WA0228.jpg\"><img loading=\"lazy\" decoding=\"async\" width=\"1024\" height=\"683\" data-id=\"10385\" src=\"https:\/\/mairieassinie.com\/web\/wp-content\/uploads\/2024\/12\/IMG-20241226-WA0228-1024x683.jpg\" alt=\"\" class=\"wp-image-10385\" srcset=\"https:\/\/mairieassinie.com\/web\/wp-content\/uploads\/2024\/12\/IMG-20241226-WA0228-1024x683.jpg 1024w, https:\/\/mairieassinie.com\/web\/wp-content\/uploads\/2024\/12\/IMG-20241226-WA0228-300x200.jpg 300w, https:\/\/mairieassinie.com\/web\/wp-content\/uploads\/2024\/12\/IMG-20241226-WA0228-768x512.jpg 768w, https:\/\/mairieassinie.com\/web\/wp-content\/uploads\/2024\/12\/IMG-20241226-WA0228-342x228.jpg 342w, https:\/\/mairieassinie.com\/web\/wp-content\/uploads\/2024\/12\/IMG-20241226-WA0228.jpg 1080w\" sizes=\"(max-width: 1024px) 100vw, 1024px\" \/><\/a><\/figure>\n\n\n\n<figure class=\"wp-block-image size-large\"><a href=\"https:\/\/mairieassinie.com\/web\/wp-content\/uploads\/2024\/12\/IMG-20241226-WA0229.jpg\"><img loading=\"lazy\" decoding=\"async\" width=\"1024\" height=\"683\" data-id=\"10391\" src=\"https:\/\/mairieassinie.com\/web\/wp-content\/uploads\/2024\/12\/IMG-20241226-WA0229-1024x683.jpg\" alt=\"\" class=\"wp-image-10391\" srcset=\"https:\/\/mairieassinie.com\/web\/wp-content\/uploads\/2024\/12\/IMG-20241226-WA0229-1024x683.jpg 1024w, https:\/\/mairieassinie.com\/web\/wp-content\/uploads\/2024\/12\/IMG-20241226-WA0229-300x200.jpg 300w, https:\/\/mairieassinie.com\/web\/wp-content\/uploads\/2024\/12\/IMG-20241226-WA0229-768x512.jpg 768w, https:\/\/mairieassinie.com\/web\/wp-content\/uploads\/2024\/12\/IMG-20241226-WA0229-342x228.jpg 342w, https:\/\/mairieassinie.com\/web\/wp-content\/uploads\/2024\/12\/IMG-20241226-WA0229.jpg 1080w\" sizes=\"(max-width: 1024px) 100vw, 1024px\" \/><\/a><\/figure>\n\n\n\n<figure class=\"wp-block-image size-large\"><a href=\"https:\/\/mairieassinie.com\/web\/wp-content\/uploads\/2024\/12\/IMG-20241226-WA0230.jpg\"><img loading=\"lazy\" decoding=\"async\" width=\"1024\" height=\"683\" data-id=\"10392\" src=\"https:\/\/mairieassinie.com\/web\/wp-content\/uploads\/2024\/12\/IMG-20241226-WA0230-1024x683.jpg\" alt=\"\" class=\"wp-image-10392\" srcset=\"https:\/\/mairieassinie.com\/web\/wp-content\/uploads\/2024\/12\/IMG-20241226-WA0230-1024x683.jpg 1024w, https:\/\/mairieassinie.com\/web\/wp-content\/uploads\/2024\/12\/IMG-20241226-WA0230-300x200.jpg 300w, https:\/\/mairieassinie.com\/web\/wp-content\/uploads\/2024\/12\/IMG-20241226-WA0230-768x512.jpg 768w, https:\/\/mairieassinie.com\/web\/wp-content\/uploads\/2024\/12\/IMG-20241226-WA0230-342x228.jpg 342w, https:\/\/mairieassinie.com\/web\/wp-content\/uploads\/2024\/12\/IMG-20241226-WA0230.jpg 1080w\" sizes=\"(max-width: 1024px) 100vw, 1024px\" \/><\/a><\/figure>\n\n\n\n<figure class=\"wp-block-image size-large\"><a href=\"https:\/\/mairieassinie.com\/web\/wp-content\/uploads\/2024\/12\/IMG-20241226-WA0231.jpg\"><img loading=\"lazy\" decoding=\"async\" width=\"1024\" height=\"683\" data-id=\"10390\" src=\"https:\/\/mairieassinie.com\/web\/wp-content\/uploads\/2024\/12\/IMG-20241226-WA0231-1024x683.jpg\" alt=\"\" class=\"wp-image-10390\" srcset=\"https:\/\/mairieassinie.com\/web\/wp-content\/uploads\/2024\/12\/IMG-20241226-WA0231-1024x683.jpg 1024w, https:\/\/mairieassinie.com\/web\/wp-content\/uploads\/2024\/12\/IMG-20241226-WA0231-300x200.jpg 300w, https:\/\/mairieassinie.com\/web\/wp-content\/uploads\/2024\/12\/IMG-20241226-WA0231-768x512.jpg 768w, https:\/\/mairieassinie.com\/web\/wp-content\/uploads\/2024\/12\/IMG-20241226-WA0231-342x228.jpg 342w, https:\/\/mairieassinie.com\/web\/wp-content\/uploads\/2024\/12\/IMG-20241226-WA0231.jpg 1080w\" sizes=\"(max-width: 1024px) 100vw, 1024px\" \/><\/a><\/figure>\n\n\n\n<figure class=\"wp-block-image size-large\"><a href=\"https:\/\/mairieassinie.com\/web\/wp-content\/uploads\/2024\/12\/IMG-20241226-WA0232.jpg\"><img loading=\"lazy\" decoding=\"async\" width=\"1024\" height=\"683\" data-id=\"10389\" src=\"https:\/\/mairieassinie.com\/web\/wp-content\/uploads\/2024\/12\/IMG-20241226-WA0232-1024x683.jpg\" alt=\"\" class=\"wp-image-10389\" srcset=\"https:\/\/mairieassinie.com\/web\/wp-content\/uploads\/2024\/12\/IMG-20241226-WA0232-1024x683.jpg 1024w, https:\/\/mairieassinie.com\/web\/wp-content\/uploads\/2024\/12\/IMG-20241226-WA0232-300x200.jpg 300w, https:\/\/mairieassinie.com\/web\/wp-content\/uploads\/2024\/12\/IMG-20241226-WA0232-768x512.jpg 768w, https:\/\/mairieassinie.com\/web\/wp-content\/uploads\/2024\/12\/IMG-20241226-WA0232-342x228.jpg 342w, https:\/\/mairieassinie.com\/web\/wp-content\/uploads\/2024\/12\/IMG-20241226-WA0232.jpg 1080w\" sizes=\"(max-width: 1024px) 100vw, 1024px\" \/><\/a><\/figure>\n<\/figure>\n\n    <div class=\"xs_social_share_widget xs_share_url after_content \t\tmain_content  wslu-style-1 wslu-share-box-shaped wslu-fill-colored wslu-none wslu-share-horizontal wslu-theme-font-no wslu-main_content\">\n\n\t\t\n        <ul>\n\t\t\t        <\/ul>\n    <\/div> \n","protected":false},"excerpt":{"rendered":"<p>&Agrave; l&rsquo;occasion de cette fin d&rsquo;ann&eacute;e 2024, le Maire d&rsquo;Assinie-Mafia, Pierre Magne Woelfell a convi&eacute;, ce dimanche 22 d&eacute;cembre, tous les chefs de village de la commune &agrave; un d&eacute;jeuner convivial organis&eacute; &agrave; son domicile. Ce moment de partage, marqu&eacute; par des &eacute;changes fraternels et chaleureux, a permis de c&eacute;l&eacute;brer l&rsquo;unit&eacute; et la coh&eacute;sion sociale. [&hellip;]<\/p>\n","protected":false},"author":2,"featured_media":10390,"comment_status":"closed","ping_status":"open","sticky":false,"template":"","format":"standard","meta":{"footnotes":""},"categories":[127,3,129],"tags":[],"class_list":["post-10382","post","type-post","status-publish","format-standard","has-post-thumbnail","hentry","category-activites","category-actualite","category-infos"],"yoast_head":"<!-- This site is optimized with the Yoast SEO plugin v25.9 - https:\/\/yoast.com\/wordpress\/plugins\/seo\/ -->\n<title>D\u00e9jeuner avec la chefferie de la Commune - Mairie d&#039;Assinie-Mairie<\/title>\n<meta name=\"robots\" content=\"index, follow, max-snippet:-1, max-image-preview:large, max-video-preview:-1\" \/>\n<link rel=\"canonical\" href=\"https:\/\/mairieassinie.com\/web\/dejeuner-avec-la-chefferie-de-la-commune\/\" \/>\n<meta property=\"og:locale\" content=\"fr_FR\" \/>\n<meta property=\"og:type\" content=\"article\" \/>\n<meta property=\"og:title\" content=\"D\u00e9jeuner avec la chefferie de la Commune - Mairie d&#039;Assinie-Mairie\" \/>\n<meta property=\"og:description\" content=\"&Agrave; l&rsquo;occasion de cette fin d&rsquo;ann&eacute;e 2024, le Maire d&rsquo;Assinie-Mafia, Pierre Magne Woelfell a convi&eacute;, ce dimanche 22 d&eacute;cembre, tous les chefs de village de la commune &agrave; un d&eacute;jeuner convivial organis&eacute; &agrave; son domicile. Ce moment de partage, marqu&eacute; par des &eacute;changes fraternels et chaleureux, a permis de c&eacute;l&eacute;brer l&rsquo;unit&eacute; et la coh&eacute;sion sociale. [&hellip;]\" \/>\n<meta property=\"og:url\" content=\"https:\/\/mairieassinie.com\/web\/dejeuner-avec-la-chefferie-de-la-commune\/\" \/>\n<meta property=\"og:site_name\" content=\"Mairie d&#039;Assinie-Mairie\" \/>\n<meta property=\"article:publisher\" content=\"https:\/\/www.facebook.com\/mairieassinie.officiel\" \/>\n<meta property=\"article:published_time\" content=\"2024-12-25T14:21:08+00:00\" \/>\n<meta property=\"article:modified_time\" content=\"2024-12-26T14:24:43+00:00\" \/>\n<meta property=\"og:image\" content=\"https:\/\/mairieassinie.com\/web\/wp-content\/uploads\/2024\/12\/IMG-20241226-WA0231.jpg\" \/>\n\t<meta property=\"og:image:width\" content=\"1080\" \/>\n\t<meta property=\"og:image:height\" content=\"720\" \/>\n\t<meta property=\"og:image:type\" content=\"image\/jpeg\" \/>\n<meta name=\"author\" content=\"Mairie d&#039;Assinie\" \/>\n<meta name=\"twitter:card\" content=\"summary_large_image\" \/>\n<meta name=\"twitter:label1\" content=\"\u00c9crit par\" \/>\n\t<meta name=\"twitter:data1\" content=\"Mairie d&#039;Assinie\" \/>\n\t<meta name=\"twitter:label2\" content=\"Dur\u00e9e de lecture estim\u00e9e\" \/>\n\t<meta name=\"twitter:data2\" content=\"3 minutes\" \/>\n<script type=\"application\/ld+json\" class=\"yoast-schema-graph\">{\"@context\":\"https:\/\/schema.org\",\"@graph\":[{\"@type\":\"WebPage\",\"@id\":\"https:\/\/mairieassinie.com\/web\/dejeuner-avec-la-chefferie-de-la-commune\/\",\"url\":\"https:\/\/mairieassinie.com\/web\/dejeuner-avec-la-chefferie-de-la-commune\/\",\"name\":\"D\u00e9jeuner avec la chefferie de la Commune - Mairie d&#039;Assinie-Mairie\",\"isPartOf\":{\"@id\":\"https:\/\/mairieassinie.com\/web\/#website\"},\"primaryImageOfPage\":{\"@id\":\"https:\/\/mairieassinie.com\/web\/dejeuner-avec-la-chefferie-de-la-commune\/#primaryimage\"},\"image\":{\"@id\":\"https:\/\/mairieassinie.com\/web\/dejeuner-avec-la-chefferie-de-la-commune\/#primaryimage\"},\"thumbnailUrl\":\"https:\/\/mairieassinie.com\/web\/wp-content\/uploads\/2024\/12\/IMG-20241226-WA0231.jpg\",\"datePublished\":\"2024-12-25T14:21:08+00:00\",\"dateModified\":\"2024-12-26T14:24:43+00:00\",\"author\":{\"@id\":\"https:\/\/mairieassinie.com\/web\/#\/schema\/person\/ec7ccc40765baa860f4f4018fc599539\"},\"breadcrumb\":{\"@id\":\"https:\/\/mairieassinie.com\/web\/dejeuner-avec-la-chefferie-de-la-commune\/#breadcrumb\"},\"inLanguage\":\"fr-FR\",\"potentialAction\":[{\"@type\":\"ReadAction\",\"target\":[\"https:\/\/mairieassinie.com\/web\/dejeuner-avec-la-chefferie-de-la-commune\/\"]}]},{\"@type\":\"ImageObject\",\"inLanguage\":\"fr-FR\",\"@id\":\"https:\/\/mairieassinie.com\/web\/dejeuner-avec-la-chefferie-de-la-commune\/#primaryimage\",\"url\":\"https:\/\/mairieassinie.com\/web\/wp-content\/uploads\/2024\/12\/IMG-20241226-WA0231.jpg\",\"contentUrl\":\"https:\/\/mairieassinie.com\/web\/wp-content\/uploads\/2024\/12\/IMG-20241226-WA0231.jpg\",\"width\":1080,\"height\":720},{\"@type\":\"BreadcrumbList\",\"@id\":\"https:\/\/mairieassinie.com\/web\/dejeuner-avec-la-chefferie-de-la-commune\/#breadcrumb\",\"itemListElement\":[{\"@type\":\"ListItem\",\"position\":1,\"name\":\"Accueil\",\"item\":\"https:\/\/mairieassinie.com\/web\/\"},{\"@type\":\"ListItem\",\"position\":2,\"name\":\"D\u00e9jeuner avec la chefferie de la Commune\"}]},{\"@type\":\"WebSite\",\"@id\":\"https:\/\/mairieassinie.com\/web\/#website\",\"url\":\"https:\/\/mairieassinie.com\/web\/\",\"name\":\"Mairie d'Assinie\",\"description\":\"Une cit\u00e9 baln\u00e9aire exceptionnelle.\",\"potentialAction\":[{\"@type\":\"SearchAction\",\"target\":{\"@type\":\"EntryPoint\",\"urlTemplate\":\"https:\/\/mairieassinie.com\/web\/?s={search_term_string}\"},\"query-input\":{\"@type\":\"PropertyValueSpecification\",\"valueRequired\":true,\"valueName\":\"search_term_string\"}}],\"inLanguage\":\"fr-FR\"},{\"@type\":\"Person\",\"@id\":\"https:\/\/mairieassinie.com\/web\/#\/schema\/person\/ec7ccc40765baa860f4f4018fc599539\",\"name\":\"Mairie d'Assinie\",\"image\":{\"@type\":\"ImageObject\",\"inLanguage\":\"fr-FR\",\"@id\":\"https:\/\/mairieassinie.com\/web\/#\/schema\/person\/image\/\",\"url\":\"https:\/\/secure.gravatar.com\/avatar\/fc7b38665fad664f31346ac2ed5c06693cf6558ef5a53cc39eb7aa16409fc1b7?s=96&d=mm&r=g\",\"contentUrl\":\"https:\/\/secure.gravatar.com\/avatar\/fc7b38665fad664f31346ac2ed5c06693cf6558ef5a53cc39eb7aa16409fc1b7?s=96&d=mm&r=g\",\"caption\":\"Mairie d'Assinie\"},\"url\":\"https:\/\/mairieassinie.com\/web\/author\/webmaster\/\"}]}<\/script>\n<!-- \/ Yoast SEO plugin. -->","yoast_head_json":{"title":"D\u00e9jeuner avec la chefferie de la Commune - Mairie d&#039;Assinie-Mairie","robots":{"index":"index","follow":"follow","max-snippet":"max-snippet:-1","max-image-preview":"max-image-preview:large","max-video-preview":"max-video-preview:-1"},"canonical":"https:\/\/mairieassinie.com\/web\/dejeuner-avec-la-chefferie-de-la-commune\/","og_locale":"fr_FR","og_type":"article","og_title":"D\u00e9jeuner avec la chefferie de la Commune - Mairie d&#039;Assinie-Mairie","og_description":"&Agrave; l&rsquo;occasion de cette fin d&rsquo;ann&eacute;e 2024, le Maire d&rsquo;Assinie-Mafia, Pierre Magne Woelfell a convi&eacute;, ce dimanche 22 d&eacute;cembre, tous les chefs de village de la commune &agrave; un d&eacute;jeuner convivial organis&eacute; &agrave; son domicile. Ce moment de partage, marqu&eacute; par des &eacute;changes fraternels et chaleureux, a permis de c&eacute;l&eacute;brer l&rsquo;unit&eacute; et la coh&eacute;sion sociale. [&hellip;]","og_url":"https:\/\/mairieassinie.com\/web\/dejeuner-avec-la-chefferie-de-la-commune\/","og_site_name":"Mairie d&#039;Assinie-Mairie","article_publisher":"https:\/\/www.facebook.com\/mairieassinie.officiel","article_published_time":"2024-12-25T14:21:08+00:00","article_modified_time":"2024-12-26T14:24:43+00:00","og_image":[{"width":1080,"height":720,"url":"https:\/\/mairieassinie.com\/web\/wp-content\/uploads\/2024\/12\/IMG-20241226-WA0231.jpg","type":"image\/jpeg"}],"author":"Mairie d'Assinie","twitter_card":"summary_large_image","twitter_misc":{"\u00c9crit par":"Mairie d'Assinie","Dur\u00e9e de lecture estim\u00e9e":"3 minutes"},"schema":{"@context":"https:\/\/schema.org","@graph":[{"@type":"WebPage","@id":"https:\/\/mairieassinie.com\/web\/dejeuner-avec-la-chefferie-de-la-commune\/","url":"https:\/\/mairieassinie.com\/web\/dejeuner-avec-la-chefferie-de-la-commune\/","name":"D\u00e9jeuner avec la chefferie de la Commune - Mairie d&#039;Assinie-Mairie","isPartOf":{"@id":"https:\/\/mairieassinie.com\/web\/#website"},"primaryImageOfPage":{"@id":"https:\/\/mairieassinie.com\/web\/dejeuner-avec-la-chefferie-de-la-commune\/#primaryimage"},"image":{"@id":"https:\/\/mairieassinie.com\/web\/dejeuner-avec-la-chefferie-de-la-commune\/#primaryimage"},"thumbnailUrl":"https:\/\/mairieassinie.com\/web\/wp-content\/uploads\/2024\/12\/IMG-20241226-WA0231.jpg","datePublished":"2024-12-25T14:21:08+00:00","dateModified":"2024-12-26T14:24:43+00:00","author":{"@id":"https:\/\/mairieassinie.com\/web\/#\/schema\/person\/ec7ccc40765baa860f4f4018fc599539"},"breadcrumb":{"@id":"https:\/\/mairieassinie.com\/web\/dejeuner-avec-la-chefferie-de-la-commune\/#breadcrumb"},"inLanguage":"fr-FR","potentialAction":[{"@type":"ReadAction","target":["https:\/\/mairieassinie.com\/web\/dejeuner-avec-la-chefferie-de-la-commune\/"]}]},{"@type":"ImageObject","inLanguage":"fr-FR","@id":"https:\/\/mairieassinie.com\/web\/dejeuner-avec-la-chefferie-de-la-commune\/#primaryimage","url":"https:\/\/mairieassinie.com\/web\/wp-content\/uploads\/2024\/12\/IMG-20241226-WA0231.jpg","contentUrl":"https:\/\/mairieassinie.com\/web\/wp-content\/uploads\/2024\/12\/IMG-20241226-WA0231.jpg","width":1080,"height":720},{"@type":"BreadcrumbList","@id":"https:\/\/mairieassinie.com\/web\/dejeuner-avec-la-chefferie-de-la-commune\/#breadcrumb","itemListElement":[{"@type":"ListItem","position":1,"name":"Accueil","item":"https:\/\/mairieassinie.com\/web\/"},{"@type":"ListItem","position":2,"name":"D\u00e9jeuner avec la chefferie de la Commune"}]},{"@type":"WebSite","@id":"https:\/\/mairieassinie.com\/web\/#website","url":"https:\/\/mairieassinie.com\/web\/","name":"Mairie d'Assinie","description":"Une cit\u00e9 baln\u00e9aire exceptionnelle.","potentialAction":[{"@type":"SearchAction","target":{"@type":"EntryPoint","urlTemplate":"https:\/\/mairieassinie.com\/web\/?s={search_term_string}"},"query-input":{"@type":"PropertyValueSpecification","valueRequired":true,"valueName":"search_term_string"}}],"inLanguage":"fr-FR"},{"@type":"Person","@id":"https:\/\/mairieassinie.com\/web\/#\/schema\/person\/ec7ccc40765baa860f4f4018fc599539","name":"Mairie d'Assinie","image":{"@type":"ImageObject","inLanguage":"fr-FR","@id":"https:\/\/mairieassinie.com\/web\/#\/schema\/person\/image\/","url":"https:\/\/secure.gravatar.com\/avatar\/fc7b38665fad664f31346ac2ed5c06693cf6558ef5a53cc39eb7aa16409fc1b7?s=96&d=mm&r=g","contentUrl":"https:\/\/secure.gravatar.com\/avatar\/fc7b38665fad664f31346ac2ed5c06693cf6558ef5a53cc39eb7aa16409fc1b7?s=96&d=mm&r=g","caption":"Mairie d'Assinie"},"url":"https:\/\/mairieassinie.com\/web\/author\/webmaster\/"}]}},"_links":{"self":[{"href":"https:\/\/mairieassinie.com\/web\/wp-json\/wp\/v2\/posts\/10382","targetHints":{"allow":["GET"]}}],"collection":[{"href":"https:\/\/mairieassinie.com\/web\/wp-json\/wp\/v2\/posts"}],"about":[{"href":"https:\/\/mairieassinie.com\/web\/wp-json\/wp\/v2\/types\/post"}],"author":[{"embeddable":true,"href":"https:\/\/mairieassinie.com\/web\/wp-json\/wp\/v2\/users\/2"}],"replies":[{"embeddable":true,"href":"https:\/\/mairieassinie.com\/web\/wp-json\/wp\/v2\/comments?post=10382"}],"version-history":[{"count":1,"href":"https:\/\/mairieassinie.com\/web\/wp-json\/wp\/v2\/posts\/10382\/revisions"}],"predecessor-version":[{"id":10393,"href":"https:\/\/mairieassinie.com\/web\/wp-json\/wp\/v2\/posts\/10382\/revisions\/10393"}],"wp:featuredmedia":[{"embeddable":true,"href":"https:\/\/mairieassinie.com\/web\/wp-json\/wp\/v2\/media\/10390"}],"wp:attachment":[{"href":"https:\/\/mairieassinie.com\/web\/wp-json\/wp\/v2\/media?parent=10382"}],"wp:term":[{"taxonomy":"category","embeddable":true,"href":"https:\/\/mairieassinie.com\/web\/wp-json\/wp\/v2\/categories?post=10382"},{"taxonomy":"post_tag","embeddable":true,"href":"https:\/\/mairieassinie.com\/web\/wp-json\/wp\/v2\/tags?post=10382"}],"curies":[{"name":"wp","href":"https:\/\/api.w.org\/{rel}","templated":true}]}}