{"id":10432,"date":"2024-12-31T09:45:28","date_gmt":"2024-12-31T08:45:28","guid":{"rendered":"https:\/\/mairieassinie.com\/web\/?p=10432"},"modified":"2025-01-02T18:35:28","modified_gmt":"2025-01-02T17:35:28","slug":"%f0%9d%91%b3%f0%9d%92%86-%f0%9d%91%b4%f0%9d%92%82%f0%9d%92%8a%f0%9d%92%93%f0%9d%92%86-%f0%9d%92%85%f0%9d%91%a8%f0%9d%92%94%f0%9d%92%94%f0%9d%92%8a%f0%9d%92%8f%f0%9d%92%8a%f0%9d%92%86","status":"publish","type":"post","link":"https:\/\/mairieassinie.com\/web\/%f0%9d%91%b3%f0%9d%92%86-%f0%9d%91%b4%f0%9d%92%82%f0%9d%92%8a%f0%9d%92%93%f0%9d%92%86-%f0%9d%92%85%f0%9d%91%a8%f0%9d%92%94%f0%9d%92%94%f0%9d%92%8a%f0%9d%92%8f%f0%9d%92%8a%f0%9d%92%86\/","title":{"rendered":"\ud835\udc73\ud835\udc86 \ud835\udc74\ud835\udc82\ud835\udc8a\ud835\udc93\ud835\udc86 \ud835\udc85\u2019\ud835\udc68\ud835\udc94\ud835\udc94\ud835\udc8a\ud835\udc8f\ud835\udc8a\ud835\udc86-\ud835\udc74\ud835\udc82\ud835\udc87\ud835\udc8a\ud835\udc82 \ud835\udc90\ud835\udc87\ud835\udc87\ud835\udc93\ud835\udc86 \ud835\udc85\ud835\udc86\ud835\udc94 \ud835\udc97\ud835\udc8a\ud835\udc97\ud835\udc93\ud835\udc86\ud835\udc94 \ud835\udc82\ud835\udc96\ud835\udc99 \ud835\udc87\ud835\udc90\ud835\udc93\ud835\udc84\ud835\udc86\ud835\udc94 \ud835\udc85\ud835\udc86 \ud835\udc94\ud835\udc86\u0301\ud835\udc84\ud835\udc96\ud835\udc93\ud835\udc8a\ud835\udc95\ud835\udc86\u0301"},"content":{"rendered":"\n<p><\/p>\n\n\n\n<p>Dans le cadre des festivit\u00e9s de fin d\u2019ann\u00e9e, le Maire d\u2019Assinie-Mafia a proc\u00e9d\u00e9, ce lundi 30 d\u00e9cembre 2024, \u00e0 la remise de vivres aux forces de s\u00e9curit\u00e9, notamment \u00e0 la gendarmerie et \u00e0 la police nationale.<\/p>\n\n\n\n<p>Ce <a><\/a>geste symbolique, effectu\u00e9 en pr\u00e9sence des responsables des deux corps, t\u00e9moigne de la reconnaissance et du soutien de la Municipalit\u00e9 envers ces institutions pour leur engagement et leur d\u00e9vouement au service de la s\u00e9curit\u00e9 et du bien-\u00eatre des populations d\u2019Assinie.<\/p>\n\n\n\n<p>\u00c0 cette occasion, le Maire a \u00e9galement profit\u00e9 de la rencontre pour adresser ses v\u0153ux de fin d\u2019ann\u00e9e aux forces de l\u2019ordre, les remerciant pour leur travail acharn\u00e9 tout au long de l\u2019ann\u00e9e.<\/p>\n\n\n\n<p>Cette initiative s\u2019inscrit dans une dynamique de renforcement des liens entre la Municipalit\u00e9 et les forces de s\u00e9curit\u00e9, et refl\u00e8te l\u2019engagement du Maire \u00e0 promouvoir une collaboration harmonieuse en vue du d\u00e9veloppement d\u2019Assinie-Mafia.<\/p>\n\n\n\n<figure class=\"wp-block-gallery has-nested-images columns-default is-cropped wp-block-gallery-1 is-layout-flex wp-block-gallery-is-layout-flex\">\n<figure class=\"wp-block-image size-large\"><a href=\"https:\/\/mairieassinie.com\/web\/wp-content\/uploads\/2025\/01\/IMG-20241231-WA0019.jpg\"><img fetchpriority=\"high\" decoding=\"async\" width=\"1024\" height=\"768\" data-id=\"10433\" src=\"https:\/\/mairieassinie.com\/web\/wp-content\/uploads\/2025\/01\/IMG-20241231-WA0019-1024x768.jpg\" alt=\"\" class=\"wp-image-10433\" srcset=\"https:\/\/mairieassinie.com\/web\/wp-content\/uploads\/2025\/01\/IMG-20241231-WA0019-1024x768.jpg 1024w, https:\/\/mairieassinie.com\/web\/wp-content\/uploads\/2025\/01\/IMG-20241231-WA0019-300x225.jpg 300w, https:\/\/mairieassinie.com\/web\/wp-content\/uploads\/2025\/01\/IMG-20241231-WA0019-768x576.jpg 768w, https:\/\/mairieassinie.com\/web\/wp-content\/uploads\/2025\/01\/IMG-20241231-WA0019-304x228.jpg 304w, https:\/\/mairieassinie.com\/web\/wp-content\/uploads\/2025\/01\/IMG-20241231-WA0019.jpg 1040w\" sizes=\"(max-width: 1024px) 100vw, 1024px\" \/><\/a><\/figure>\n\n\n\n<figure class=\"wp-block-image size-large\"><a href=\"https:\/\/mairieassinie.com\/web\/wp-content\/uploads\/2025\/01\/IMG-20241231-WA0023.jpg\"><img decoding=\"async\" width=\"1024\" height=\"768\" data-id=\"10434\" src=\"https:\/\/mairieassinie.com\/web\/wp-content\/uploads\/2025\/01\/IMG-20241231-WA0023-1024x768.jpg\" alt=\"\" class=\"wp-image-10434\" srcset=\"https:\/\/mairieassinie.com\/web\/wp-content\/uploads\/2025\/01\/IMG-20241231-WA0023-1024x768.jpg 1024w, https:\/\/mairieassinie.com\/web\/wp-content\/uploads\/2025\/01\/IMG-20241231-WA0023-300x225.jpg 300w, https:\/\/mairieassinie.com\/web\/wp-content\/uploads\/2025\/01\/IMG-20241231-WA0023-768x576.jpg 768w, https:\/\/mairieassinie.com\/web\/wp-content\/uploads\/2025\/01\/IMG-20241231-WA0023-304x228.jpg 304w, https:\/\/mairieassinie.com\/web\/wp-content\/uploads\/2025\/01\/IMG-20241231-WA0023.jpg 1040w\" sizes=\"(max-width: 1024px) 100vw, 1024px\" \/><\/a><\/figure>\n<\/figure>\n\n    <div class=\"xs_social_share_widget xs_share_url after_content \t\tmain_content  wslu-style-1 wslu-share-box-shaped wslu-fill-colored wslu-none wslu-share-horizontal wslu-theme-font-no wslu-main_content\">\n\n\t\t\n        <ul>\n\t\t\t        <\/ul>\n    <\/div> \n","protected":false},"excerpt":{"rendered":"<p>Dans le cadre des festivit&eacute;s de fin d&rsquo;ann&eacute;e, le Maire d&rsquo;Assinie-Mafia a proc&eacute;d&eacute;, ce lundi 30 d&eacute;cembre 2024, &agrave; la remise de vivres aux forces de s&eacute;curit&eacute;, notamment &agrave; la gendarmerie et &agrave; la police nationale. Ce geste symbolique, effectu&eacute; en pr&eacute;sence des responsables des deux corps, t&eacute;moigne de la reconnaissance et du soutien de [&hellip;]<\/p>\n","protected":false},"author":2,"featured_media":10435,"comment_status":"closed","ping_status":"open","sticky":false,"template":"","format":"standard","meta":{"footnotes":""},"categories":[127,3,129],"tags":[],"class_list":["post-10432","post","type-post","status-publish","format-standard","has-post-thumbnail","hentry","category-activites","category-actualite","category-infos"],"yoast_head":"<!-- This site is optimized with the Yoast SEO plugin v25.9 - https:\/\/yoast.com\/wordpress\/plugins\/seo\/ -->\n<title>\ud835\udc73\ud835\udc86 \ud835\udc74\ud835\udc82\ud835\udc8a\ud835\udc93\ud835\udc86 \ud835\udc85\u2019\ud835\udc68\ud835\udc94\ud835\udc94\ud835\udc8a\ud835\udc8f\ud835\udc8a\ud835\udc86-\ud835\udc74\ud835\udc82\ud835\udc87\ud835\udc8a\ud835\udc82 \ud835\udc90\ud835\udc87\ud835\udc87\ud835\udc93\ud835\udc86 \ud835\udc85\ud835\udc86\ud835\udc94 \ud835\udc97\ud835\udc8a\ud835\udc97\ud835\udc93\ud835\udc86\ud835\udc94 \ud835\udc82\ud835\udc96\ud835\udc99 \ud835\udc87\ud835\udc90\ud835\udc93\ud835\udc84\ud835\udc86\ud835\udc94 \ud835\udc85\ud835\udc86 \ud835\udc94\ud835\udc86\u0301\ud835\udc84\ud835\udc96\ud835\udc93\ud835\udc8a\ud835\udc95\ud835\udc86\u0301 - Mairie d&#039;Assinie-Mairie<\/title>\n<meta name=\"robots\" content=\"index, follow, max-snippet:-1, max-image-preview:large, max-video-preview:-1\" \/>\n<link rel=\"canonical\" href=\"https:\/\/mairieassinie.com\/web\/\ud835\udc73\ud835\udc86-\ud835\udc74\ud835\udc82\ud835\udc8a\ud835\udc93\ud835\udc86-\ud835\udc85\ud835\udc68\ud835\udc94\ud835\udc94\ud835\udc8a\ud835\udc8f\ud835\udc8a\ud835\udc86\/\" \/>\n<meta property=\"og:locale\" content=\"fr_FR\" \/>\n<meta property=\"og:type\" content=\"article\" \/>\n<meta property=\"og:title\" content=\"\ud835\udc73\ud835\udc86 \ud835\udc74\ud835\udc82\ud835\udc8a\ud835\udc93\ud835\udc86 \ud835\udc85\u2019\ud835\udc68\ud835\udc94\ud835\udc94\ud835\udc8a\ud835\udc8f\ud835\udc8a\ud835\udc86-\ud835\udc74\ud835\udc82\ud835\udc87\ud835\udc8a\ud835\udc82 \ud835\udc90\ud835\udc87\ud835\udc87\ud835\udc93\ud835\udc86 \ud835\udc85\ud835\udc86\ud835\udc94 \ud835\udc97\ud835\udc8a\ud835\udc97\ud835\udc93\ud835\udc86\ud835\udc94 \ud835\udc82\ud835\udc96\ud835\udc99 \ud835\udc87\ud835\udc90\ud835\udc93\ud835\udc84\ud835\udc86\ud835\udc94 \ud835\udc85\ud835\udc86 \ud835\udc94\ud835\udc86\u0301\ud835\udc84\ud835\udc96\ud835\udc93\ud835\udc8a\ud835\udc95\ud835\udc86\u0301 - Mairie d&#039;Assinie-Mairie\" \/>\n<meta property=\"og:description\" content=\"Dans le cadre des festivit&eacute;s de fin d&rsquo;ann&eacute;e, le Maire d&rsquo;Assinie-Mafia a proc&eacute;d&eacute;, ce lundi 30 d&eacute;cembre 2024, &agrave; la remise de vivres aux forces de s&eacute;curit&eacute;, notamment &agrave; la gendarmerie et &agrave; la police nationale. Ce geste symbolique, effectu&eacute; en pr&eacute;sence des responsables des deux corps, t&eacute;moigne de la reconnaissance et du soutien de [&hellip;]\" \/>\n<meta property=\"og:url\" content=\"https:\/\/mairieassinie.com\/web\/\ud835\udc73\ud835\udc86-\ud835\udc74\ud835\udc82\ud835\udc8a\ud835\udc93\ud835\udc86-\ud835\udc85\ud835\udc68\ud835\udc94\ud835\udc94\ud835\udc8a\ud835\udc8f\ud835\udc8a\ud835\udc86\/\" \/>\n<meta property=\"og:site_name\" content=\"Mairie d&#039;Assinie-Mairie\" \/>\n<meta property=\"article:publisher\" content=\"https:\/\/www.facebook.com\/mairieassinie.officiel\" \/>\n<meta property=\"article:published_time\" content=\"2024-12-31T08:45:28+00:00\" \/>\n<meta property=\"article:modified_time\" content=\"2025-01-02T17:35:28+00:00\" \/>\n<meta property=\"og:image\" content=\"https:\/\/mairieassinie.com\/web\/wp-content\/uploads\/2025\/01\/IMG-20241231-WA0019-1.jpg\" \/>\n\t<meta property=\"og:image:width\" content=\"1080\" \/>\n\t<meta property=\"og:image:height\" content=\"720\" \/>\n\t<meta property=\"og:image:type\" content=\"image\/jpeg\" \/>\n<meta name=\"author\" content=\"Mairie d&#039;Assinie\" \/>\n<meta name=\"twitter:card\" content=\"summary_large_image\" \/>\n<meta name=\"twitter:label1\" content=\"\u00c9crit par\" \/>\n\t<meta name=\"twitter:data1\" content=\"Mairie d&#039;Assinie\" \/>\n\t<meta name=\"twitter:label2\" content=\"Dur\u00e9e de lecture estim\u00e9e\" \/>\n\t<meta name=\"twitter:data2\" content=\"2 minutes\" \/>\n<script type=\"application\/ld+json\" class=\"yoast-schema-graph\">{\"@context\":\"https:\/\/schema.org\",\"@graph\":[{\"@type\":\"WebPage\",\"@id\":\"https:\/\/mairieassinie.com\/web\/%f0%9d%91%b3%f0%9d%92%86-%f0%9d%91%b4%f0%9d%92%82%f0%9d%92%8a%f0%9d%92%93%f0%9d%92%86-%f0%9d%92%85%f0%9d%91%a8%f0%9d%92%94%f0%9d%92%94%f0%9d%92%8a%f0%9d%92%8f%f0%9d%92%8a%f0%9d%92%86\/\",\"url\":\"https:\/\/mairieassinie.com\/web\/%f0%9d%91%b3%f0%9d%92%86-%f0%9d%91%b4%f0%9d%92%82%f0%9d%92%8a%f0%9d%92%93%f0%9d%92%86-%f0%9d%92%85%f0%9d%91%a8%f0%9d%92%94%f0%9d%92%94%f0%9d%92%8a%f0%9d%92%8f%f0%9d%92%8a%f0%9d%92%86\/\",\"name\":\"\ud835\udc73\ud835\udc86 \ud835\udc74\ud835\udc82\ud835\udc8a\ud835\udc93\ud835\udc86 \ud835\udc85\u2019\ud835\udc68\ud835\udc94\ud835\udc94\ud835\udc8a\ud835\udc8f\ud835\udc8a\ud835\udc86-\ud835\udc74\ud835\udc82\ud835\udc87\ud835\udc8a\ud835\udc82 \ud835\udc90\ud835\udc87\ud835\udc87\ud835\udc93\ud835\udc86 \ud835\udc85\ud835\udc86\ud835\udc94 \ud835\udc97\ud835\udc8a\ud835\udc97\ud835\udc93\ud835\udc86\ud835\udc94 \ud835\udc82\ud835\udc96\ud835\udc99 \ud835\udc87\ud835\udc90\ud835\udc93\ud835\udc84\ud835\udc86\ud835\udc94 \ud835\udc85\ud835\udc86 \ud835\udc94\ud835\udc86\u0301\ud835\udc84\ud835\udc96\ud835\udc93\ud835\udc8a\ud835\udc95\ud835\udc86\u0301 - Mairie d&#039;Assinie-Mairie\",\"isPartOf\":{\"@id\":\"https:\/\/mairieassinie.com\/web\/#website\"},\"primaryImageOfPage\":{\"@id\":\"https:\/\/mairieassinie.com\/web\/%f0%9d%91%b3%f0%9d%92%86-%f0%9d%91%b4%f0%9d%92%82%f0%9d%92%8a%f0%9d%92%93%f0%9d%92%86-%f0%9d%92%85%f0%9d%91%a8%f0%9d%92%94%f0%9d%92%94%f0%9d%92%8a%f0%9d%92%8f%f0%9d%92%8a%f0%9d%92%86\/#primaryimage\"},\"image\":{\"@id\":\"https:\/\/mairieassinie.com\/web\/%f0%9d%91%b3%f0%9d%92%86-%f0%9d%91%b4%f0%9d%92%82%f0%9d%92%8a%f0%9d%92%93%f0%9d%92%86-%f0%9d%92%85%f0%9d%91%a8%f0%9d%92%94%f0%9d%92%94%f0%9d%92%8a%f0%9d%92%8f%f0%9d%92%8a%f0%9d%92%86\/#primaryimage\"},\"thumbnailUrl\":\"https:\/\/mairieassinie.com\/web\/wp-content\/uploads\/2025\/01\/IMG-20241231-WA0019-1.jpg\",\"datePublished\":\"2024-12-31T08:45:28+00:00\",\"dateModified\":\"2025-01-02T17:35:28+00:00\",\"author\":{\"@id\":\"https:\/\/mairieassinie.com\/web\/#\/schema\/person\/ec7ccc40765baa860f4f4018fc599539\"},\"breadcrumb\":{\"@id\":\"https:\/\/mairieassinie.com\/web\/%f0%9d%91%b3%f0%9d%92%86-%f0%9d%91%b4%f0%9d%92%82%f0%9d%92%8a%f0%9d%92%93%f0%9d%92%86-%f0%9d%92%85%f0%9d%91%a8%f0%9d%92%94%f0%9d%92%94%f0%9d%92%8a%f0%9d%92%8f%f0%9d%92%8a%f0%9d%92%86\/#breadcrumb\"},\"inLanguage\":\"fr-FR\",\"potentialAction\":[{\"@type\":\"ReadAction\",\"target\":[\"https:\/\/mairieassinie.com\/web\/%f0%9d%91%b3%f0%9d%92%86-%f0%9d%91%b4%f0%9d%92%82%f0%9d%92%8a%f0%9d%92%93%f0%9d%92%86-%f0%9d%92%85%f0%9d%91%a8%f0%9d%92%94%f0%9d%92%94%f0%9d%92%8a%f0%9d%92%8f%f0%9d%92%8a%f0%9d%92%86\/\"]}]},{\"@type\":\"ImageObject\",\"inLanguage\":\"fr-FR\",\"@id\":\"https:\/\/mairieassinie.com\/web\/%f0%9d%91%b3%f0%9d%92%86-%f0%9d%91%b4%f0%9d%92%82%f0%9d%92%8a%f0%9d%92%93%f0%9d%92%86-%f0%9d%92%85%f0%9d%91%a8%f0%9d%92%94%f0%9d%92%94%f0%9d%92%8a%f0%9d%92%8f%f0%9d%92%8a%f0%9d%92%86\/#primaryimage\",\"url\":\"https:\/\/mairieassinie.com\/web\/wp-content\/uploads\/2025\/01\/IMG-20241231-WA0019-1.jpg\",\"contentUrl\":\"https:\/\/mairieassinie.com\/web\/wp-content\/uploads\/2025\/01\/IMG-20241231-WA0019-1.jpg\",\"width\":1080,\"height\":720},{\"@type\":\"BreadcrumbList\",\"@id\":\"https:\/\/mairieassinie.com\/web\/%f0%9d%91%b3%f0%9d%92%86-%f0%9d%91%b4%f0%9d%92%82%f0%9d%92%8a%f0%9d%92%93%f0%9d%92%86-%f0%9d%92%85%f0%9d%91%a8%f0%9d%92%94%f0%9d%92%94%f0%9d%92%8a%f0%9d%92%8f%f0%9d%92%8a%f0%9d%92%86\/#breadcrumb\",\"itemListElement\":[{\"@type\":\"ListItem\",\"position\":1,\"name\":\"Accueil\",\"item\":\"https:\/\/mairieassinie.com\/web\/\"},{\"@type\":\"ListItem\",\"position\":2,\"name\":\"\ud835\udc73\ud835\udc86 \ud835\udc74\ud835\udc82\ud835\udc8a\ud835\udc93\ud835\udc86 \ud835\udc85\u2019\ud835\udc68\ud835\udc94\ud835\udc94\ud835\udc8a\ud835\udc8f\ud835\udc8a\ud835\udc86-\ud835\udc74\ud835\udc82\ud835\udc87\ud835\udc8a\ud835\udc82 \ud835\udc90\ud835\udc87\ud835\udc87\ud835\udc93\ud835\udc86 \ud835\udc85\ud835\udc86\ud835\udc94 \ud835\udc97\ud835\udc8a\ud835\udc97\ud835\udc93\ud835\udc86\ud835\udc94 \ud835\udc82\ud835\udc96\ud835\udc99 \ud835\udc87\ud835\udc90\ud835\udc93\ud835\udc84\ud835\udc86\ud835\udc94 \ud835\udc85\ud835\udc86 \ud835\udc94\ud835\udc86\u0301\ud835\udc84\ud835\udc96\ud835\udc93\ud835\udc8a\ud835\udc95\ud835\udc86\u0301\"}]},{\"@type\":\"WebSite\",\"@id\":\"https:\/\/mairieassinie.com\/web\/#website\",\"url\":\"https:\/\/mairieassinie.com\/web\/\",\"name\":\"Mairie d'Assinie\",\"description\":\"Une cit\u00e9 baln\u00e9aire exceptionnelle.\",\"potentialAction\":[{\"@type\":\"SearchAction\",\"target\":{\"@type\":\"EntryPoint\",\"urlTemplate\":\"https:\/\/mairieassinie.com\/web\/?s={search_term_string}\"},\"query-input\":{\"@type\":\"PropertyValueSpecification\",\"valueRequired\":true,\"valueName\":\"search_term_string\"}}],\"inLanguage\":\"fr-FR\"},{\"@type\":\"Person\",\"@id\":\"https:\/\/mairieassinie.com\/web\/#\/schema\/person\/ec7ccc40765baa860f4f4018fc599539\",\"name\":\"Mairie d'Assinie\",\"image\":{\"@type\":\"ImageObject\",\"inLanguage\":\"fr-FR\",\"@id\":\"https:\/\/mairieassinie.com\/web\/#\/schema\/person\/image\/\",\"url\":\"https:\/\/secure.gravatar.com\/avatar\/fc7b38665fad664f31346ac2ed5c06693cf6558ef5a53cc39eb7aa16409fc1b7?s=96&d=mm&r=g\",\"contentUrl\":\"https:\/\/secure.gravatar.com\/avatar\/fc7b38665fad664f31346ac2ed5c06693cf6558ef5a53cc39eb7aa16409fc1b7?s=96&d=mm&r=g\",\"caption\":\"Mairie d'Assinie\"},\"url\":\"https:\/\/mairieassinie.com\/web\/author\/webmaster\/\"}]}<\/script>\n<!-- \/ Yoast SEO plugin. -->","yoast_head_json":{"title":"\ud835\udc73\ud835\udc86 \ud835\udc74\ud835\udc82\ud835\udc8a\ud835\udc93\ud835\udc86 \ud835\udc85\u2019\ud835\udc68\ud835\udc94\ud835\udc94\ud835\udc8a\ud835\udc8f\ud835\udc8a\ud835\udc86-\ud835\udc74\ud835\udc82\ud835\udc87\ud835\udc8a\ud835\udc82 \ud835\udc90\ud835\udc87\ud835\udc87\ud835\udc93\ud835\udc86 \ud835\udc85\ud835\udc86\ud835\udc94 \ud835\udc97\ud835\udc8a\ud835\udc97\ud835\udc93\ud835\udc86\ud835\udc94 \ud835\udc82\ud835\udc96\ud835\udc99 \ud835\udc87\ud835\udc90\ud835\udc93\ud835\udc84\ud835\udc86\ud835\udc94 \ud835\udc85\ud835\udc86 \ud835\udc94\ud835\udc86\u0301\ud835\udc84\ud835\udc96\ud835\udc93\ud835\udc8a\ud835\udc95\ud835\udc86\u0301 - Mairie d&#039;Assinie-Mairie","robots":{"index":"index","follow":"follow","max-snippet":"max-snippet:-1","max-image-preview":"max-image-preview:large","max-video-preview":"max-video-preview:-1"},"canonical":"https:\/\/mairieassinie.com\/web\/\ud835\udc73\ud835\udc86-\ud835\udc74\ud835\udc82\ud835\udc8a\ud835\udc93\ud835\udc86-\ud835\udc85\ud835\udc68\ud835\udc94\ud835\udc94\ud835\udc8a\ud835\udc8f\ud835\udc8a\ud835\udc86\/","og_locale":"fr_FR","og_type":"article","og_title":"\ud835\udc73\ud835\udc86 \ud835\udc74\ud835\udc82\ud835\udc8a\ud835\udc93\ud835\udc86 \ud835\udc85\u2019\ud835\udc68\ud835\udc94\ud835\udc94\ud835\udc8a\ud835\udc8f\ud835\udc8a\ud835\udc86-\ud835\udc74\ud835\udc82\ud835\udc87\ud835\udc8a\ud835\udc82 \ud835\udc90\ud835\udc87\ud835\udc87\ud835\udc93\ud835\udc86 \ud835\udc85\ud835\udc86\ud835\udc94 \ud835\udc97\ud835\udc8a\ud835\udc97\ud835\udc93\ud835\udc86\ud835\udc94 \ud835\udc82\ud835\udc96\ud835\udc99 \ud835\udc87\ud835\udc90\ud835\udc93\ud835\udc84\ud835\udc86\ud835\udc94 \ud835\udc85\ud835\udc86 \ud835\udc94\ud835\udc86\u0301\ud835\udc84\ud835\udc96\ud835\udc93\ud835\udc8a\ud835\udc95\ud835\udc86\u0301 - Mairie d&#039;Assinie-Mairie","og_description":"Dans le cadre des festivit&eacute;s de fin d&rsquo;ann&eacute;e, le Maire d&rsquo;Assinie-Mafia a proc&eacute;d&eacute;, ce lundi 30 d&eacute;cembre 2024, &agrave; la remise de vivres aux forces de s&eacute;curit&eacute;, notamment &agrave; la gendarmerie et &agrave; la police nationale. Ce geste symbolique, effectu&eacute; en pr&eacute;sence des responsables des deux corps, t&eacute;moigne de la reconnaissance et du soutien de [&hellip;]","og_url":"https:\/\/mairieassinie.com\/web\/\ud835\udc73\ud835\udc86-\ud835\udc74\ud835\udc82\ud835\udc8a\ud835\udc93\ud835\udc86-\ud835\udc85\ud835\udc68\ud835\udc94\ud835\udc94\ud835\udc8a\ud835\udc8f\ud835\udc8a\ud835\udc86\/","og_site_name":"Mairie d&#039;Assinie-Mairie","article_publisher":"https:\/\/www.facebook.com\/mairieassinie.officiel","article_published_time":"2024-12-31T08:45:28+00:00","article_modified_time":"2025-01-02T17:35:28+00:00","og_image":[{"width":1080,"height":720,"url":"https:\/\/mairieassinie.com\/web\/wp-content\/uploads\/2025\/01\/IMG-20241231-WA0019-1.jpg","type":"image\/jpeg"}],"author":"Mairie d'Assinie","twitter_card":"summary_large_image","twitter_misc":{"\u00c9crit par":"Mairie d'Assinie","Dur\u00e9e de lecture estim\u00e9e":"2 minutes"},"schema":{"@context":"https:\/\/schema.org","@graph":[{"@type":"WebPage","@id":"https:\/\/mairieassinie.com\/web\/%f0%9d%91%b3%f0%9d%92%86-%f0%9d%91%b4%f0%9d%92%82%f0%9d%92%8a%f0%9d%92%93%f0%9d%92%86-%f0%9d%92%85%f0%9d%91%a8%f0%9d%92%94%f0%9d%92%94%f0%9d%92%8a%f0%9d%92%8f%f0%9d%92%8a%f0%9d%92%86\/","url":"https:\/\/mairieassinie.com\/web\/%f0%9d%91%b3%f0%9d%92%86-%f0%9d%91%b4%f0%9d%92%82%f0%9d%92%8a%f0%9d%92%93%f0%9d%92%86-%f0%9d%92%85%f0%9d%91%a8%f0%9d%92%94%f0%9d%92%94%f0%9d%92%8a%f0%9d%92%8f%f0%9d%92%8a%f0%9d%92%86\/","name":"\ud835\udc73\ud835\udc86 \ud835\udc74\ud835\udc82\ud835\udc8a\ud835\udc93\ud835\udc86 \ud835\udc85\u2019\ud835\udc68\ud835\udc94\ud835\udc94\ud835\udc8a\ud835\udc8f\ud835\udc8a\ud835\udc86-\ud835\udc74\ud835\udc82\ud835\udc87\ud835\udc8a\ud835\udc82 \ud835\udc90\ud835\udc87\ud835\udc87\ud835\udc93\ud835\udc86 \ud835\udc85\ud835\udc86\ud835\udc94 \ud835\udc97\ud835\udc8a\ud835\udc97\ud835\udc93\ud835\udc86\ud835\udc94 \ud835\udc82\ud835\udc96\ud835\udc99 \ud835\udc87\ud835\udc90\ud835\udc93\ud835\udc84\ud835\udc86\ud835\udc94 \ud835\udc85\ud835\udc86 \ud835\udc94\ud835\udc86\u0301\ud835\udc84\ud835\udc96\ud835\udc93\ud835\udc8a\ud835\udc95\ud835\udc86\u0301 - Mairie d&#039;Assinie-Mairie","isPartOf":{"@id":"https:\/\/mairieassinie.com\/web\/#website"},"primaryImageOfPage":{"@id":"https:\/\/mairieassinie.com\/web\/%f0%9d%91%b3%f0%9d%92%86-%f0%9d%91%b4%f0%9d%92%82%f0%9d%92%8a%f0%9d%92%93%f0%9d%92%86-%f0%9d%92%85%f0%9d%91%a8%f0%9d%92%94%f0%9d%92%94%f0%9d%92%8a%f0%9d%92%8f%f0%9d%92%8a%f0%9d%92%86\/#primaryimage"},"image":{"@id":"https:\/\/mairieassinie.com\/web\/%f0%9d%91%b3%f0%9d%92%86-%f0%9d%91%b4%f0%9d%92%82%f0%9d%92%8a%f0%9d%92%93%f0%9d%92%86-%f0%9d%92%85%f0%9d%91%a8%f0%9d%92%94%f0%9d%92%94%f0%9d%92%8a%f0%9d%92%8f%f0%9d%92%8a%f0%9d%92%86\/#primaryimage"},"thumbnailUrl":"https:\/\/mairieassinie.com\/web\/wp-content\/uploads\/2025\/01\/IMG-20241231-WA0019-1.jpg","datePublished":"2024-12-31T08:45:28+00:00","dateModified":"2025-01-02T17:35:28+00:00","author":{"@id":"https:\/\/mairieassinie.com\/web\/#\/schema\/person\/ec7ccc40765baa860f4f4018fc599539"},"breadcrumb":{"@id":"https:\/\/mairieassinie.com\/web\/%f0%9d%91%b3%f0%9d%92%86-%f0%9d%91%b4%f0%9d%92%82%f0%9d%92%8a%f0%9d%92%93%f0%9d%92%86-%f0%9d%92%85%f0%9d%91%a8%f0%9d%92%94%f0%9d%92%94%f0%9d%92%8a%f0%9d%92%8f%f0%9d%92%8a%f0%9d%92%86\/#breadcrumb"},"inLanguage":"fr-FR","potentialAction":[{"@type":"ReadAction","target":["https:\/\/mairieassinie.com\/web\/%f0%9d%91%b3%f0%9d%92%86-%f0%9d%91%b4%f0%9d%92%82%f0%9d%92%8a%f0%9d%92%93%f0%9d%92%86-%f0%9d%92%85%f0%9d%91%a8%f0%9d%92%94%f0%9d%92%94%f0%9d%92%8a%f0%9d%92%8f%f0%9d%92%8a%f0%9d%92%86\/"]}]},{"@type":"ImageObject","inLanguage":"fr-FR","@id":"https:\/\/mairieassinie.com\/web\/%f0%9d%91%b3%f0%9d%92%86-%f0%9d%91%b4%f0%9d%92%82%f0%9d%92%8a%f0%9d%92%93%f0%9d%92%86-%f0%9d%92%85%f0%9d%91%a8%f0%9d%92%94%f0%9d%92%94%f0%9d%92%8a%f0%9d%92%8f%f0%9d%92%8a%f0%9d%92%86\/#primaryimage","url":"https:\/\/mairieassinie.com\/web\/wp-content\/uploads\/2025\/01\/IMG-20241231-WA0019-1.jpg","contentUrl":"https:\/\/mairieassinie.com\/web\/wp-content\/uploads\/2025\/01\/IMG-20241231-WA0019-1.jpg","width":1080,"height":720},{"@type":"BreadcrumbList","@id":"https:\/\/mairieassinie.com\/web\/%f0%9d%91%b3%f0%9d%92%86-%f0%9d%91%b4%f0%9d%92%82%f0%9d%92%8a%f0%9d%92%93%f0%9d%92%86-%f0%9d%92%85%f0%9d%91%a8%f0%9d%92%94%f0%9d%92%94%f0%9d%92%8a%f0%9d%92%8f%f0%9d%92%8a%f0%9d%92%86\/#breadcrumb","itemListElement":[{"@type":"ListItem","position":1,"name":"Accueil","item":"https:\/\/mairieassinie.com\/web\/"},{"@type":"ListItem","position":2,"name":"\ud835\udc73\ud835\udc86 \ud835\udc74\ud835\udc82\ud835\udc8a\ud835\udc93\ud835\udc86 \ud835\udc85\u2019\ud835\udc68\ud835\udc94\ud835\udc94\ud835\udc8a\ud835\udc8f\ud835\udc8a\ud835\udc86-\ud835\udc74\ud835\udc82\ud835\udc87\ud835\udc8a\ud835\udc82 \ud835\udc90\ud835\udc87\ud835\udc87\ud835\udc93\ud835\udc86 \ud835\udc85\ud835\udc86\ud835\udc94 \ud835\udc97\ud835\udc8a\ud835\udc97\ud835\udc93\ud835\udc86\ud835\udc94 \ud835\udc82\ud835\udc96\ud835\udc99 \ud835\udc87\ud835\udc90\ud835\udc93\ud835\udc84\ud835\udc86\ud835\udc94 \ud835\udc85\ud835\udc86 \ud835\udc94\ud835\udc86\u0301\ud835\udc84\ud835\udc96\ud835\udc93\ud835\udc8a\ud835\udc95\ud835\udc86\u0301"}]},{"@type":"WebSite","@id":"https:\/\/mairieassinie.com\/web\/#website","url":"https:\/\/mairieassinie.com\/web\/","name":"Mairie d'Assinie","description":"Une cit\u00e9 baln\u00e9aire exceptionnelle.","potentialAction":[{"@type":"SearchAction","target":{"@type":"EntryPoint","urlTemplate":"https:\/\/mairieassinie.com\/web\/?s={search_term_string}"},"query-input":{"@type":"PropertyValueSpecification","valueRequired":true,"valueName":"search_term_string"}}],"inLanguage":"fr-FR"},{"@type":"Person","@id":"https:\/\/mairieassinie.com\/web\/#\/schema\/person\/ec7ccc40765baa860f4f4018fc599539","name":"Mairie d'Assinie","image":{"@type":"ImageObject","inLanguage":"fr-FR","@id":"https:\/\/mairieassinie.com\/web\/#\/schema\/person\/image\/","url":"https:\/\/secure.gravatar.com\/avatar\/fc7b38665fad664f31346ac2ed5c06693cf6558ef5a53cc39eb7aa16409fc1b7?s=96&d=mm&r=g","contentUrl":"https:\/\/secure.gravatar.com\/avatar\/fc7b38665fad664f31346ac2ed5c06693cf6558ef5a53cc39eb7aa16409fc1b7?s=96&d=mm&r=g","caption":"Mairie d'Assinie"},"url":"https:\/\/mairieassinie.com\/web\/author\/webmaster\/"}]}},"_links":{"self":[{"href":"https:\/\/mairieassinie.com\/web\/wp-json\/wp\/v2\/posts\/10432","targetHints":{"allow":["GET"]}}],"collection":[{"href":"https:\/\/mairieassinie.com\/web\/wp-json\/wp\/v2\/posts"}],"about":[{"href":"https:\/\/mairieassinie.com\/web\/wp-json\/wp\/v2\/types\/post"}],"author":[{"embeddable":true,"href":"https:\/\/mairieassinie.com\/web\/wp-json\/wp\/v2\/users\/2"}],"replies":[{"embeddable":true,"href":"https:\/\/mairieassinie.com\/web\/wp-json\/wp\/v2\/comments?post=10432"}],"version-history":[{"count":2,"href":"https:\/\/mairieassinie.com\/web\/wp-json\/wp\/v2\/posts\/10432\/revisions"}],"predecessor-version":[{"id":10437,"href":"https:\/\/mairieassinie.com\/web\/wp-json\/wp\/v2\/posts\/10432\/revisions\/10437"}],"wp:featuredmedia":[{"embeddable":true,"href":"https:\/\/mairieassinie.com\/web\/wp-json\/wp\/v2\/media\/10435"}],"wp:attachment":[{"href":"https:\/\/mairieassinie.com\/web\/wp-json\/wp\/v2\/media?parent=10432"}],"wp:term":[{"taxonomy":"category","embeddable":true,"href":"https:\/\/mairieassinie.com\/web\/wp-json\/wp\/v2\/categories?post=10432"},{"taxonomy":"post_tag","embeddable":true,"href":"https:\/\/mairieassinie.com\/web\/wp-json\/wp\/v2\/tags?post=10432"}],"curies":[{"name":"wp","href":"https:\/\/api.w.org\/{rel}","templated":true}]}}