{"id":11672,"date":"2025-12-31T17:31:16","date_gmt":"2025-12-31T16:31:16","guid":{"rendered":"https:\/\/mairieassinie.com\/web\/?p=11672"},"modified":"2026-01-06T17:36:12","modified_gmt":"2026-01-06T16:36:12","slug":"partage-de-moments-de-convivialite","status":"publish","type":"post","link":"https:\/\/mairieassinie.com\/web\/partage-de-moments-de-convivialite\/","title":{"rendered":"Partage de moments de convivialit\u00e9"},"content":{"rendered":"\n<p>Monsieur le Maire a partag\u00e9 un moment de convivialit\u00e9 et de fraternit\u00e9 avec les autorit\u00e9s coutumi\u00e8res de la Commune.<\/p>\n\n\n\n<p>Ce dimanche 28 d\u00e9cembre 2025, \u00e0 son domicile, Monsieur le Maire a re\u00e7u l\u2019ensemble des chefs des diff\u00e9rents villages de la Commune, accompagn\u00e9s de leurs notables, autour d\u2019un d\u00e9jeuner convivial, \u00e0 l\u2019approche de la fin d\u2019ann\u00e9e. Cette rencontre s\u2019est d\u00e9roul\u00e9e dans une atmosph\u00e8re empreinte de cordialit\u00e9, de respect mutuel et de coh\u00e9sion sociale.<\/p>\n\n\n\n<p>Les \u00e9changes ont permis de renforcer les liens entre la municipalit\u00e9 et les autorit\u00e9s traditionnelles, dans un esprit de dialogue constructif et de collaboration durable au service du d\u00e9veloppement communal.<\/p>\n\n\n\n<p>\u00c0 cette occasion, des pr\u00e9sents ont \u00e9t\u00e9 offerts par Monsieur le Maire \u00e0 tous les chefs et notables pr\u00e9sents, en signe de reconnaissance et de consid\u00e9ration.<\/p>\n\n\n\n<p>Ce geste symbolique t\u00e9moigne de l\u2019attachement de Monsieur le Maire et de son \u00e9quipe aux valeurs de solidarit\u00e9, de respect des traditions et de collaboration avec les autorit\u00e9s coutumi\u00e8res.<\/p>\n\n\n\n<figure class=\"wp-block-gallery has-nested-images columns-default is-cropped wp-block-gallery-1 is-layout-flex wp-block-gallery-is-layout-flex\">\n<figure class=\"wp-block-image size-large\"><a href=\"https:\/\/mairieassinie.com\/web\/wp-content\/uploads\/2026\/01\/WhatsApp-Image-2025-12-29-at-10.49.10.jpeg\"><img fetchpriority=\"high\" decoding=\"async\" width=\"1024\" height=\"683\" data-id=\"11673\" src=\"https:\/\/mairieassinie.com\/web\/wp-content\/uploads\/2026\/01\/WhatsApp-Image-2025-12-29-at-10.49.10-1024x683.jpeg\" alt=\"\" class=\"wp-image-11673\" srcset=\"https:\/\/mairieassinie.com\/web\/wp-content\/uploads\/2026\/01\/WhatsApp-Image-2025-12-29-at-10.49.10-1024x683.jpeg 1024w, https:\/\/mairieassinie.com\/web\/wp-content\/uploads\/2026\/01\/WhatsApp-Image-2025-12-29-at-10.49.10-300x200.jpeg 300w, https:\/\/mairieassinie.com\/web\/wp-content\/uploads\/2026\/01\/WhatsApp-Image-2025-12-29-at-10.49.10-768x512.jpeg 768w, https:\/\/mairieassinie.com\/web\/wp-content\/uploads\/2026\/01\/WhatsApp-Image-2025-12-29-at-10.49.10-342x228.jpeg 342w, https:\/\/mairieassinie.com\/web\/wp-content\/uploads\/2026\/01\/WhatsApp-Image-2025-12-29-at-10.49.10.jpeg 1080w\" sizes=\"(max-width: 1024px) 100vw, 1024px\" \/><\/a><\/figure>\n\n\n\n<figure class=\"wp-block-image size-large\"><a href=\"https:\/\/mairieassinie.com\/web\/wp-content\/uploads\/2026\/01\/WhatsApp-Image-2025-12-29-at-10.49.12.jpeg\"><img decoding=\"async\" width=\"1024\" height=\"683\" data-id=\"11674\" src=\"https:\/\/mairieassinie.com\/web\/wp-content\/uploads\/2026\/01\/WhatsApp-Image-2025-12-29-at-10.49.12-1024x683.jpeg\" alt=\"\" class=\"wp-image-11674\" srcset=\"https:\/\/mairieassinie.com\/web\/wp-content\/uploads\/2026\/01\/WhatsApp-Image-2025-12-29-at-10.49.12-1024x683.jpeg 1024w, https:\/\/mairieassinie.com\/web\/wp-content\/uploads\/2026\/01\/WhatsApp-Image-2025-12-29-at-10.49.12-300x200.jpeg 300w, https:\/\/mairieassinie.com\/web\/wp-content\/uploads\/2026\/01\/WhatsApp-Image-2025-12-29-at-10.49.12-768x512.jpeg 768w, https:\/\/mairieassinie.com\/web\/wp-content\/uploads\/2026\/01\/WhatsApp-Image-2025-12-29-at-10.49.12-342x228.jpeg 342w, https:\/\/mairieassinie.com\/web\/wp-content\/uploads\/2026\/01\/WhatsApp-Image-2025-12-29-at-10.49.12.jpeg 1080w\" sizes=\"(max-width: 1024px) 100vw, 1024px\" \/><\/a><\/figure>\n\n\n\n<figure class=\"wp-block-image size-large\"><a href=\"https:\/\/mairieassinie.com\/web\/wp-content\/uploads\/2026\/01\/WhatsApp-Image-2025-12-29-at-10.49.13.jpeg\"><img decoding=\"async\" width=\"1024\" height=\"683\" data-id=\"11675\" src=\"https:\/\/mairieassinie.com\/web\/wp-content\/uploads\/2026\/01\/WhatsApp-Image-2025-12-29-at-10.49.13-1024x683.jpeg\" alt=\"\" class=\"wp-image-11675\" srcset=\"https:\/\/mairieassinie.com\/web\/wp-content\/uploads\/2026\/01\/WhatsApp-Image-2025-12-29-at-10.49.13-1024x683.jpeg 1024w, https:\/\/mairieassinie.com\/web\/wp-content\/uploads\/2026\/01\/WhatsApp-Image-2025-12-29-at-10.49.13-300x200.jpeg 300w, https:\/\/mairieassinie.com\/web\/wp-content\/uploads\/2026\/01\/WhatsApp-Image-2025-12-29-at-10.49.13-768x512.jpeg 768w, https:\/\/mairieassinie.com\/web\/wp-content\/uploads\/2026\/01\/WhatsApp-Image-2025-12-29-at-10.49.13-342x228.jpeg 342w, https:\/\/mairieassinie.com\/web\/wp-content\/uploads\/2026\/01\/WhatsApp-Image-2025-12-29-at-10.49.13.jpeg 1080w\" sizes=\"(max-width: 1024px) 100vw, 1024px\" \/><\/a><\/figure>\n\n\n\n<figure class=\"wp-block-image size-large\"><a href=\"https:\/\/mairieassinie.com\/web\/wp-content\/uploads\/2026\/01\/WhatsApp-Image-2025-12-29-at-10.49.14.jpeg\"><img loading=\"lazy\" decoding=\"async\" width=\"1024\" height=\"683\" data-id=\"11678\" src=\"https:\/\/mairieassinie.com\/web\/wp-content\/uploads\/2026\/01\/WhatsApp-Image-2025-12-29-at-10.49.14-1024x683.jpeg\" alt=\"\" class=\"wp-image-11678\" srcset=\"https:\/\/mairieassinie.com\/web\/wp-content\/uploads\/2026\/01\/WhatsApp-Image-2025-12-29-at-10.49.14-1024x683.jpeg 1024w, https:\/\/mairieassinie.com\/web\/wp-content\/uploads\/2026\/01\/WhatsApp-Image-2025-12-29-at-10.49.14-300x200.jpeg 300w, https:\/\/mairieassinie.com\/web\/wp-content\/uploads\/2026\/01\/WhatsApp-Image-2025-12-29-at-10.49.14-768x512.jpeg 768w, https:\/\/mairieassinie.com\/web\/wp-content\/uploads\/2026\/01\/WhatsApp-Image-2025-12-29-at-10.49.14-342x228.jpeg 342w, https:\/\/mairieassinie.com\/web\/wp-content\/uploads\/2026\/01\/WhatsApp-Image-2025-12-29-at-10.49.14.jpeg 1080w\" sizes=\"(max-width: 1024px) 100vw, 1024px\" \/><\/a><\/figure>\n\n\n\n<figure class=\"wp-block-image size-large\"><a href=\"https:\/\/mairieassinie.com\/web\/wp-content\/uploads\/2026\/01\/WhatsApp-Image-2025-12-29-at-10.49.15.jpeg\"><img loading=\"lazy\" decoding=\"async\" width=\"1024\" height=\"683\" data-id=\"11676\" src=\"https:\/\/mairieassinie.com\/web\/wp-content\/uploads\/2026\/01\/WhatsApp-Image-2025-12-29-at-10.49.15-1024x683.jpeg\" alt=\"\" class=\"wp-image-11676\" srcset=\"https:\/\/mairieassinie.com\/web\/wp-content\/uploads\/2026\/01\/WhatsApp-Image-2025-12-29-at-10.49.15-1024x683.jpeg 1024w, https:\/\/mairieassinie.com\/web\/wp-content\/uploads\/2026\/01\/WhatsApp-Image-2025-12-29-at-10.49.15-300x200.jpeg 300w, https:\/\/mairieassinie.com\/web\/wp-content\/uploads\/2026\/01\/WhatsApp-Image-2025-12-29-at-10.49.15-768x512.jpeg 768w, https:\/\/mairieassinie.com\/web\/wp-content\/uploads\/2026\/01\/WhatsApp-Image-2025-12-29-at-10.49.15-342x228.jpeg 342w, https:\/\/mairieassinie.com\/web\/wp-content\/uploads\/2026\/01\/WhatsApp-Image-2025-12-29-at-10.49.15.jpeg 1080w\" sizes=\"(max-width: 1024px) 100vw, 1024px\" \/><\/a><\/figure>\n\n\n\n<figure class=\"wp-block-image size-large\"><a href=\"https:\/\/mairieassinie.com\/web\/wp-content\/uploads\/2026\/01\/WhatsApp-Image-2025-12-29-at-10.49.16.jpeg\"><img loading=\"lazy\" decoding=\"async\" width=\"1024\" height=\"683\" data-id=\"11677\" src=\"https:\/\/mairieassinie.com\/web\/wp-content\/uploads\/2026\/01\/WhatsApp-Image-2025-12-29-at-10.49.16-1024x683.jpeg\" alt=\"\" class=\"wp-image-11677\" srcset=\"https:\/\/mairieassinie.com\/web\/wp-content\/uploads\/2026\/01\/WhatsApp-Image-2025-12-29-at-10.49.16-1024x683.jpeg 1024w, https:\/\/mairieassinie.com\/web\/wp-content\/uploads\/2026\/01\/WhatsApp-Image-2025-12-29-at-10.49.16-300x200.jpeg 300w, https:\/\/mairieassinie.com\/web\/wp-content\/uploads\/2026\/01\/WhatsApp-Image-2025-12-29-at-10.49.16-768x512.jpeg 768w, https:\/\/mairieassinie.com\/web\/wp-content\/uploads\/2026\/01\/WhatsApp-Image-2025-12-29-at-10.49.16-342x228.jpeg 342w, https:\/\/mairieassinie.com\/web\/wp-content\/uploads\/2026\/01\/WhatsApp-Image-2025-12-29-at-10.49.16.jpeg 1080w\" sizes=\"(max-width: 1024px) 100vw, 1024px\" \/><\/a><\/figure>\n\n\n\n<figure class=\"wp-block-image size-large\"><a href=\"https:\/\/mairieassinie.com\/web\/wp-content\/uploads\/2026\/01\/WhatsApp-Image-2025-12-29-at-10.49.19.jpeg\"><img loading=\"lazy\" decoding=\"async\" width=\"1024\" height=\"683\" data-id=\"11679\" src=\"https:\/\/mairieassinie.com\/web\/wp-content\/uploads\/2026\/01\/WhatsApp-Image-2025-12-29-at-10.49.19-1024x683.jpeg\" alt=\"\" class=\"wp-image-11679\" srcset=\"https:\/\/mairieassinie.com\/web\/wp-content\/uploads\/2026\/01\/WhatsApp-Image-2025-12-29-at-10.49.19-1024x683.jpeg 1024w, https:\/\/mairieassinie.com\/web\/wp-content\/uploads\/2026\/01\/WhatsApp-Image-2025-12-29-at-10.49.19-300x200.jpeg 300w, https:\/\/mairieassinie.com\/web\/wp-content\/uploads\/2026\/01\/WhatsApp-Image-2025-12-29-at-10.49.19-768x512.jpeg 768w, https:\/\/mairieassinie.com\/web\/wp-content\/uploads\/2026\/01\/WhatsApp-Image-2025-12-29-at-10.49.19-342x228.jpeg 342w, https:\/\/mairieassinie.com\/web\/wp-content\/uploads\/2026\/01\/WhatsApp-Image-2025-12-29-at-10.49.19.jpeg 1080w\" sizes=\"(max-width: 1024px) 100vw, 1024px\" \/><\/a><\/figure>\n\n\n\n<figure class=\"wp-block-image size-large\"><a href=\"https:\/\/mairieassinie.com\/web\/wp-content\/uploads\/2026\/01\/WhatsApp-Image-2025-12-29-at-10.49.21.jpeg\"><img loading=\"lazy\" decoding=\"async\" width=\"1024\" height=\"683\" data-id=\"11680\" src=\"https:\/\/mairieassinie.com\/web\/wp-content\/uploads\/2026\/01\/WhatsApp-Image-2025-12-29-at-10.49.21-1024x683.jpeg\" alt=\"\" class=\"wp-image-11680\" srcset=\"https:\/\/mairieassinie.com\/web\/wp-content\/uploads\/2026\/01\/WhatsApp-Image-2025-12-29-at-10.49.21-1024x683.jpeg 1024w, https:\/\/mairieassinie.com\/web\/wp-content\/uploads\/2026\/01\/WhatsApp-Image-2025-12-29-at-10.49.21-300x200.jpeg 300w, https:\/\/mairieassinie.com\/web\/wp-content\/uploads\/2026\/01\/WhatsApp-Image-2025-12-29-at-10.49.21-768x512.jpeg 768w, https:\/\/mairieassinie.com\/web\/wp-content\/uploads\/2026\/01\/WhatsApp-Image-2025-12-29-at-10.49.21-342x228.jpeg 342w, https:\/\/mairieassinie.com\/web\/wp-content\/uploads\/2026\/01\/WhatsApp-Image-2025-12-29-at-10.49.21.jpeg 1080w\" sizes=\"(max-width: 1024px) 100vw, 1024px\" \/><\/a><\/figure>\n\n\n\n<figure class=\"wp-block-image size-large\"><a href=\"https:\/\/mairieassinie.com\/web\/wp-content\/uploads\/2026\/01\/WhatsApp-Image-2025-12-29-at-10.49.22.jpeg\"><img loading=\"lazy\" decoding=\"async\" width=\"1024\" height=\"683\" data-id=\"11681\" src=\"https:\/\/mairieassinie.com\/web\/wp-content\/uploads\/2026\/01\/WhatsApp-Image-2025-12-29-at-10.49.22-1024x683.jpeg\" alt=\"\" class=\"wp-image-11681\" srcset=\"https:\/\/mairieassinie.com\/web\/wp-content\/uploads\/2026\/01\/WhatsApp-Image-2025-12-29-at-10.49.22-1024x683.jpeg 1024w, https:\/\/mairieassinie.com\/web\/wp-content\/uploads\/2026\/01\/WhatsApp-Image-2025-12-29-at-10.49.22-300x200.jpeg 300w, https:\/\/mairieassinie.com\/web\/wp-content\/uploads\/2026\/01\/WhatsApp-Image-2025-12-29-at-10.49.22-768x512.jpeg 768w, https:\/\/mairieassinie.com\/web\/wp-content\/uploads\/2026\/01\/WhatsApp-Image-2025-12-29-at-10.49.22-342x228.jpeg 342w, https:\/\/mairieassinie.com\/web\/wp-content\/uploads\/2026\/01\/WhatsApp-Image-2025-12-29-at-10.49.22.jpeg 1080w\" sizes=\"(max-width: 1024px) 100vw, 1024px\" \/><\/a><\/figure>\n<\/figure>\n\n    <div class=\"xs_social_share_widget xs_share_url after_content \t\tmain_content  wslu-style-1 wslu-share-box-shaped wslu-fill-colored wslu-none wslu-share-horizontal wslu-theme-font-no wslu-main_content\">\n\n\t\t\n        <ul>\n\t\t\t        <\/ul>\n    <\/div> \n","protected":false},"excerpt":{"rendered":"<p>Monsieur le Maire a partag&eacute; un moment de convivialit&eacute; et de fraternit&eacute; avec les autorit&eacute;s coutumi&egrave;res de la Commune. Ce dimanche 28 d&eacute;cembre 2025, &agrave; son domicile, Monsieur le Maire a re&ccedil;u l&rsquo;ensemble des chefs des diff&eacute;rents villages de la Commune, accompagn&eacute;s de leurs notables, autour d&rsquo;un d&eacute;jeuner convivial, &agrave; l&rsquo;approche de la fin d&rsquo;ann&eacute;e. [&hellip;]<\/p>\n","protected":false},"author":2,"featured_media":11680,"comment_status":"closed","ping_status":"open","sticky":false,"template":"","format":"standard","meta":{"footnotes":""},"categories":[127,3,129,125],"tags":[],"class_list":["post-11672","post","type-post","status-publish","format-standard","has-post-thumbnail","hentry","category-activites","category-actualite","category-infos","category-municipalite"],"yoast_head":"<!-- This site is optimized with the Yoast SEO plugin v25.9 - https:\/\/yoast.com\/wordpress\/plugins\/seo\/ -->\n<title>Partage de moments de convivialit\u00e9 - Mairie d&#039;Assinie-Mairie<\/title>\n<meta name=\"robots\" content=\"index, follow, max-snippet:-1, max-image-preview:large, max-video-preview:-1\" \/>\n<link rel=\"canonical\" href=\"https:\/\/mairieassinie.com\/web\/partage-de-moments-de-convivialite\/\" \/>\n<meta property=\"og:locale\" content=\"fr_FR\" \/>\n<meta property=\"og:type\" content=\"article\" \/>\n<meta property=\"og:title\" content=\"Partage de moments de convivialit\u00e9 - Mairie d&#039;Assinie-Mairie\" \/>\n<meta property=\"og:description\" content=\"Monsieur le Maire a partag&eacute; un moment de convivialit&eacute; et de fraternit&eacute; avec les autorit&eacute;s coutumi&egrave;res de la Commune. Ce dimanche 28 d&eacute;cembre 2025, &agrave; son domicile, Monsieur le Maire a re&ccedil;u l&rsquo;ensemble des chefs des diff&eacute;rents villages de la Commune, accompagn&eacute;s de leurs notables, autour d&rsquo;un d&eacute;jeuner convivial, &agrave; l&rsquo;approche de la fin d&rsquo;ann&eacute;e. [&hellip;]\" \/>\n<meta property=\"og:url\" content=\"https:\/\/mairieassinie.com\/web\/partage-de-moments-de-convivialite\/\" \/>\n<meta property=\"og:site_name\" content=\"Mairie d&#039;Assinie-Mairie\" \/>\n<meta property=\"article:publisher\" content=\"https:\/\/www.facebook.com\/mairieassinie.officiel\" \/>\n<meta property=\"article:published_time\" content=\"2025-12-31T16:31:16+00:00\" \/>\n<meta property=\"article:modified_time\" content=\"2026-01-06T16:36:12+00:00\" \/>\n<meta property=\"og:image\" content=\"https:\/\/mairieassinie.com\/web\/wp-content\/uploads\/2026\/01\/WhatsApp-Image-2025-12-29-at-10.49.21.jpeg\" \/>\n\t<meta property=\"og:image:width\" content=\"1080\" \/>\n\t<meta property=\"og:image:height\" content=\"720\" \/>\n\t<meta property=\"og:image:type\" content=\"image\/jpeg\" \/>\n<meta name=\"author\" content=\"Mairie d&#039;Assinie\" \/>\n<meta name=\"twitter:card\" content=\"summary_large_image\" \/>\n<meta name=\"twitter:label1\" content=\"\u00c9crit par\" \/>\n\t<meta name=\"twitter:data1\" content=\"Mairie d&#039;Assinie\" \/>\n\t<meta name=\"twitter:label2\" content=\"Dur\u00e9e de lecture estim\u00e9e\" \/>\n\t<meta name=\"twitter:data2\" content=\"3 minutes\" \/>\n<script type=\"application\/ld+json\" class=\"yoast-schema-graph\">{\"@context\":\"https:\/\/schema.org\",\"@graph\":[{\"@type\":\"WebPage\",\"@id\":\"https:\/\/mairieassinie.com\/web\/partage-de-moments-de-convivialite\/\",\"url\":\"https:\/\/mairieassinie.com\/web\/partage-de-moments-de-convivialite\/\",\"name\":\"Partage de moments de convivialit\u00e9 - Mairie d&#039;Assinie-Mairie\",\"isPartOf\":{\"@id\":\"https:\/\/mairieassinie.com\/web\/#website\"},\"primaryImageOfPage\":{\"@id\":\"https:\/\/mairieassinie.com\/web\/partage-de-moments-de-convivialite\/#primaryimage\"},\"image\":{\"@id\":\"https:\/\/mairieassinie.com\/web\/partage-de-moments-de-convivialite\/#primaryimage\"},\"thumbnailUrl\":\"https:\/\/mairieassinie.com\/web\/wp-content\/uploads\/2026\/01\/WhatsApp-Image-2025-12-29-at-10.49.21.jpeg\",\"datePublished\":\"2025-12-31T16:31:16+00:00\",\"dateModified\":\"2026-01-06T16:36:12+00:00\",\"author\":{\"@id\":\"https:\/\/mairieassinie.com\/web\/#\/schema\/person\/ec7ccc40765baa860f4f4018fc599539\"},\"breadcrumb\":{\"@id\":\"https:\/\/mairieassinie.com\/web\/partage-de-moments-de-convivialite\/#breadcrumb\"},\"inLanguage\":\"fr-FR\",\"potentialAction\":[{\"@type\":\"ReadAction\",\"target\":[\"https:\/\/mairieassinie.com\/web\/partage-de-moments-de-convivialite\/\"]}]},{\"@type\":\"ImageObject\",\"inLanguage\":\"fr-FR\",\"@id\":\"https:\/\/mairieassinie.com\/web\/partage-de-moments-de-convivialite\/#primaryimage\",\"url\":\"https:\/\/mairieassinie.com\/web\/wp-content\/uploads\/2026\/01\/WhatsApp-Image-2025-12-29-at-10.49.21.jpeg\",\"contentUrl\":\"https:\/\/mairieassinie.com\/web\/wp-content\/uploads\/2026\/01\/WhatsApp-Image-2025-12-29-at-10.49.21.jpeg\",\"width\":1080,\"height\":720},{\"@type\":\"BreadcrumbList\",\"@id\":\"https:\/\/mairieassinie.com\/web\/partage-de-moments-de-convivialite\/#breadcrumb\",\"itemListElement\":[{\"@type\":\"ListItem\",\"position\":1,\"name\":\"Accueil\",\"item\":\"https:\/\/mairieassinie.com\/web\/\"},{\"@type\":\"ListItem\",\"position\":2,\"name\":\"Partage de moments de convivialit\u00e9\"}]},{\"@type\":\"WebSite\",\"@id\":\"https:\/\/mairieassinie.com\/web\/#website\",\"url\":\"https:\/\/mairieassinie.com\/web\/\",\"name\":\"Mairie d'Assinie\",\"description\":\"Une cit\u00e9 baln\u00e9aire exceptionnelle.\",\"potentialAction\":[{\"@type\":\"SearchAction\",\"target\":{\"@type\":\"EntryPoint\",\"urlTemplate\":\"https:\/\/mairieassinie.com\/web\/?s={search_term_string}\"},\"query-input\":{\"@type\":\"PropertyValueSpecification\",\"valueRequired\":true,\"valueName\":\"search_term_string\"}}],\"inLanguage\":\"fr-FR\"},{\"@type\":\"Person\",\"@id\":\"https:\/\/mairieassinie.com\/web\/#\/schema\/person\/ec7ccc40765baa860f4f4018fc599539\",\"name\":\"Mairie d'Assinie\",\"image\":{\"@type\":\"ImageObject\",\"inLanguage\":\"fr-FR\",\"@id\":\"https:\/\/mairieassinie.com\/web\/#\/schema\/person\/image\/\",\"url\":\"https:\/\/secure.gravatar.com\/avatar\/fc7b38665fad664f31346ac2ed5c06693cf6558ef5a53cc39eb7aa16409fc1b7?s=96&d=mm&r=g\",\"contentUrl\":\"https:\/\/secure.gravatar.com\/avatar\/fc7b38665fad664f31346ac2ed5c06693cf6558ef5a53cc39eb7aa16409fc1b7?s=96&d=mm&r=g\",\"caption\":\"Mairie d'Assinie\"},\"url\":\"https:\/\/mairieassinie.com\/web\/author\/webmaster\/\"}]}<\/script>\n<!-- \/ Yoast SEO plugin. -->","yoast_head_json":{"title":"Partage de moments de convivialit\u00e9 - Mairie d&#039;Assinie-Mairie","robots":{"index":"index","follow":"follow","max-snippet":"max-snippet:-1","max-image-preview":"max-image-preview:large","max-video-preview":"max-video-preview:-1"},"canonical":"https:\/\/mairieassinie.com\/web\/partage-de-moments-de-convivialite\/","og_locale":"fr_FR","og_type":"article","og_title":"Partage de moments de convivialit\u00e9 - Mairie d&#039;Assinie-Mairie","og_description":"Monsieur le Maire a partag&eacute; un moment de convivialit&eacute; et de fraternit&eacute; avec les autorit&eacute;s coutumi&egrave;res de la Commune. Ce dimanche 28 d&eacute;cembre 2025, &agrave; son domicile, Monsieur le Maire a re&ccedil;u l&rsquo;ensemble des chefs des diff&eacute;rents villages de la Commune, accompagn&eacute;s de leurs notables, autour d&rsquo;un d&eacute;jeuner convivial, &agrave; l&rsquo;approche de la fin d&rsquo;ann&eacute;e. [&hellip;]","og_url":"https:\/\/mairieassinie.com\/web\/partage-de-moments-de-convivialite\/","og_site_name":"Mairie d&#039;Assinie-Mairie","article_publisher":"https:\/\/www.facebook.com\/mairieassinie.officiel","article_published_time":"2025-12-31T16:31:16+00:00","article_modified_time":"2026-01-06T16:36:12+00:00","og_image":[{"width":1080,"height":720,"url":"https:\/\/mairieassinie.com\/web\/wp-content\/uploads\/2026\/01\/WhatsApp-Image-2025-12-29-at-10.49.21.jpeg","type":"image\/jpeg"}],"author":"Mairie d'Assinie","twitter_card":"summary_large_image","twitter_misc":{"\u00c9crit par":"Mairie d'Assinie","Dur\u00e9e de lecture estim\u00e9e":"3 minutes"},"schema":{"@context":"https:\/\/schema.org","@graph":[{"@type":"WebPage","@id":"https:\/\/mairieassinie.com\/web\/partage-de-moments-de-convivialite\/","url":"https:\/\/mairieassinie.com\/web\/partage-de-moments-de-convivialite\/","name":"Partage de moments de convivialit\u00e9 - Mairie d&#039;Assinie-Mairie","isPartOf":{"@id":"https:\/\/mairieassinie.com\/web\/#website"},"primaryImageOfPage":{"@id":"https:\/\/mairieassinie.com\/web\/partage-de-moments-de-convivialite\/#primaryimage"},"image":{"@id":"https:\/\/mairieassinie.com\/web\/partage-de-moments-de-convivialite\/#primaryimage"},"thumbnailUrl":"https:\/\/mairieassinie.com\/web\/wp-content\/uploads\/2026\/01\/WhatsApp-Image-2025-12-29-at-10.49.21.jpeg","datePublished":"2025-12-31T16:31:16+00:00","dateModified":"2026-01-06T16:36:12+00:00","author":{"@id":"https:\/\/mairieassinie.com\/web\/#\/schema\/person\/ec7ccc40765baa860f4f4018fc599539"},"breadcrumb":{"@id":"https:\/\/mairieassinie.com\/web\/partage-de-moments-de-convivialite\/#breadcrumb"},"inLanguage":"fr-FR","potentialAction":[{"@type":"ReadAction","target":["https:\/\/mairieassinie.com\/web\/partage-de-moments-de-convivialite\/"]}]},{"@type":"ImageObject","inLanguage":"fr-FR","@id":"https:\/\/mairieassinie.com\/web\/partage-de-moments-de-convivialite\/#primaryimage","url":"https:\/\/mairieassinie.com\/web\/wp-content\/uploads\/2026\/01\/WhatsApp-Image-2025-12-29-at-10.49.21.jpeg","contentUrl":"https:\/\/mairieassinie.com\/web\/wp-content\/uploads\/2026\/01\/WhatsApp-Image-2025-12-29-at-10.49.21.jpeg","width":1080,"height":720},{"@type":"BreadcrumbList","@id":"https:\/\/mairieassinie.com\/web\/partage-de-moments-de-convivialite\/#breadcrumb","itemListElement":[{"@type":"ListItem","position":1,"name":"Accueil","item":"https:\/\/mairieassinie.com\/web\/"},{"@type":"ListItem","position":2,"name":"Partage de moments de convivialit\u00e9"}]},{"@type":"WebSite","@id":"https:\/\/mairieassinie.com\/web\/#website","url":"https:\/\/mairieassinie.com\/web\/","name":"Mairie d'Assinie","description":"Une cit\u00e9 baln\u00e9aire exceptionnelle.","potentialAction":[{"@type":"SearchAction","target":{"@type":"EntryPoint","urlTemplate":"https:\/\/mairieassinie.com\/web\/?s={search_term_string}"},"query-input":{"@type":"PropertyValueSpecification","valueRequired":true,"valueName":"search_term_string"}}],"inLanguage":"fr-FR"},{"@type":"Person","@id":"https:\/\/mairieassinie.com\/web\/#\/schema\/person\/ec7ccc40765baa860f4f4018fc599539","name":"Mairie d'Assinie","image":{"@type":"ImageObject","inLanguage":"fr-FR","@id":"https:\/\/mairieassinie.com\/web\/#\/schema\/person\/image\/","url":"https:\/\/secure.gravatar.com\/avatar\/fc7b38665fad664f31346ac2ed5c06693cf6558ef5a53cc39eb7aa16409fc1b7?s=96&d=mm&r=g","contentUrl":"https:\/\/secure.gravatar.com\/avatar\/fc7b38665fad664f31346ac2ed5c06693cf6558ef5a53cc39eb7aa16409fc1b7?s=96&d=mm&r=g","caption":"Mairie d'Assinie"},"url":"https:\/\/mairieassinie.com\/web\/author\/webmaster\/"}]}},"_links":{"self":[{"href":"https:\/\/mairieassinie.com\/web\/wp-json\/wp\/v2\/posts\/11672","targetHints":{"allow":["GET"]}}],"collection":[{"href":"https:\/\/mairieassinie.com\/web\/wp-json\/wp\/v2\/posts"}],"about":[{"href":"https:\/\/mairieassinie.com\/web\/wp-json\/wp\/v2\/types\/post"}],"author":[{"embeddable":true,"href":"https:\/\/mairieassinie.com\/web\/wp-json\/wp\/v2\/users\/2"}],"replies":[{"embeddable":true,"href":"https:\/\/mairieassinie.com\/web\/wp-json\/wp\/v2\/comments?post=11672"}],"version-history":[{"count":1,"href":"https:\/\/mairieassinie.com\/web\/wp-json\/wp\/v2\/posts\/11672\/revisions"}],"predecessor-version":[{"id":11682,"href":"https:\/\/mairieassinie.com\/web\/wp-json\/wp\/v2\/posts\/11672\/revisions\/11682"}],"wp:featuredmedia":[{"embeddable":true,"href":"https:\/\/mairieassinie.com\/web\/wp-json\/wp\/v2\/media\/11680"}],"wp:attachment":[{"href":"https:\/\/mairieassinie.com\/web\/wp-json\/wp\/v2\/media?parent=11672"}],"wp:term":[{"taxonomy":"category","embeddable":true,"href":"https:\/\/mairieassinie.com\/web\/wp-json\/wp\/v2\/categories?post=11672"},{"taxonomy":"post_tag","embeddable":true,"href":"https:\/\/mairieassinie.com\/web\/wp-json\/wp\/v2\/tags?post=11672"}],"curies":[{"name":"wp","href":"https:\/\/api.w.org\/{rel}","templated":true}]}}