{"id":11871,"date":"2026-04-28T13:02:38","date_gmt":"2026-04-28T11:02:38","guid":{"rendered":"https:\/\/mairieassinie.com\/web\/?p=11871"},"modified":"2026-04-28T13:02:39","modified_gmt":"2026-04-28T11:02:39","slug":"developpement-local-enjeux-foncier-et-etat-davancement-des-projets","status":"publish","type":"post","link":"https:\/\/mairieassinie.com\/web\/developpement-local-enjeux-foncier-et-etat-davancement-des-projets\/","title":{"rendered":"D\u00e9veloppement local : enjeux foncier et \u00e9tat d&rsquo;avancement des projets"},"content":{"rendered":"\n<p>Sous la conduite de Monsieur le Maire, une importante r\u00e9union a rassembl\u00e9 la Cour Royale, le BNETD, CI-\u00c9nergies, l\u2019AGEROUTE ainsi que plusieurs acteurs du secteur foncier.<\/p>\n\n\n\n<p>L\u2019objectif : faire un point concret sur les projets en cours et les principaux d\u00e9fis \u00e0 lever pour le d\u00e9veloppement de la commune.<\/p>\n\n\n\n<p>En ouverture, le Maire est revenu sur la question sensible du diff\u00e9rend territorial entre les peuples Ehotil\u00e9 et Essouman. Un sujet majeur, qui appelle une approche responsable et apais\u00e9e afin d\u2019aboutir \u00e0 une solution durable.<\/p>\n\n\n\n<p>Sur le volet des infrastructures, les travaux de voirie reliant Affor\u00e9nou-poste \u00e0 la fronti\u00e8re progressent de mani\u00e8re encourageante, malgr\u00e9 des contraintes li\u00e9es aux emprises fonci\u00e8res.<\/p>\n\n\n\n<p>Pour 2026, le conseil municipal pr\u00e9voit de concentrer ses efforts sur la zone littorale, avec la r\u00e9alisation d\u2019\u00e9quipements socio-\u00e9conomiques prioritaires : march\u00e9s, centres de sant\u00e9 et autres infrastructures essentielles au quotidien des populations.<\/p>\n\n\n\n<p>Des retards ont n\u00e9anmoins \u00e9t\u00e9 constat\u00e9s, notamment en raison de difficult\u00e9s d\u2019identification des sites destin\u00e9s \u00e0 accueillir ces \u00e9quipements.<\/p>\n\n\n\n<p>Enfin, concernant le projet de bitumage de la commune, le Maire a tenu \u00e0 rassurer l\u2019ensemble des parties prenantes que les travaux avancent conform\u00e9ment aux engagements pris avec des d\u00e9lais \u00e0 ce stade ma\u00eetris\u00e9s.<\/p>\n\n\n\n<figure class=\"wp-block-gallery has-nested-images columns-default is-cropped wp-block-gallery-1 is-layout-flex wp-block-gallery-is-layout-flex\">\n<figure class=\"wp-block-image\"><img fetchpriority=\"high\" decoding=\"async\" width=\"1280\" height=\"721\" data-id=\"11874\" src=\"https:\/\/mairieassinie.com\/web\/wp-content\/uploads\/2026\/04\/photo_11_2026-04-27_16-47-06.jpg\" alt=\"\" class=\"wp-image-11874\" srcset=\"https:\/\/mairieassinie.com\/web\/wp-content\/uploads\/2026\/04\/photo_11_2026-04-27_16-47-06.jpg 1280w, https:\/\/mairieassinie.com\/web\/wp-content\/uploads\/2026\/04\/photo_11_2026-04-27_16-47-06-300x169.jpg 300w, https:\/\/mairieassinie.com\/web\/wp-content\/uploads\/2026\/04\/photo_11_2026-04-27_16-47-06-1024x577.jpg 1024w, https:\/\/mairieassinie.com\/web\/wp-content\/uploads\/2026\/04\/photo_11_2026-04-27_16-47-06-768x433.jpg 768w, https:\/\/mairieassinie.com\/web\/wp-content\/uploads\/2026\/04\/photo_11_2026-04-27_16-47-06-405x228.jpg 405w\" sizes=\"(max-width: 1280px) 100vw, 1280px\" \/><\/figure>\n\n\n\n<figure class=\"wp-block-image\"><img decoding=\"async\" width=\"1080\" height=\"720\" data-id=\"11876\" src=\"https:\/\/mairieassinie.com\/web\/wp-content\/uploads\/2026\/04\/photo_5_2026-04-27_16-47-06-e1777373843246.jpg\" alt=\"\" class=\"wp-image-11876\" srcset=\"https:\/\/mairieassinie.com\/web\/wp-content\/uploads\/2026\/04\/photo_5_2026-04-27_16-47-06-e1777373843246.jpg 1080w, https:\/\/mairieassinie.com\/web\/wp-content\/uploads\/2026\/04\/photo_5_2026-04-27_16-47-06-e1777373843246-300x200.jpg 300w, https:\/\/mairieassinie.com\/web\/wp-content\/uploads\/2026\/04\/photo_5_2026-04-27_16-47-06-e1777373843246-1024x683.jpg 1024w, https:\/\/mairieassinie.com\/web\/wp-content\/uploads\/2026\/04\/photo_5_2026-04-27_16-47-06-e1777373843246-768x512.jpg 768w, https:\/\/mairieassinie.com\/web\/wp-content\/uploads\/2026\/04\/photo_5_2026-04-27_16-47-06-e1777373843246-342x228.jpg 342w\" sizes=\"(max-width: 1080px) 100vw, 1080px\" \/><\/figure>\n\n\n\n<figure class=\"wp-block-image size-large\"><a href=\"https:\/\/mairieassinie.com\/web\/wp-content\/uploads\/2026\/04\/photo_16_2026-04-27_16-47-06.jpg\"><img decoding=\"async\" width=\"1024\" height=\"577\" data-id=\"11877\" src=\"https:\/\/mairieassinie.com\/web\/wp-content\/uploads\/2026\/04\/photo_16_2026-04-27_16-47-06-1024x577.jpg\" alt=\"\" class=\"wp-image-11877\" srcset=\"https:\/\/mairieassinie.com\/web\/wp-content\/uploads\/2026\/04\/photo_16_2026-04-27_16-47-06-1024x577.jpg 1024w, https:\/\/mairieassinie.com\/web\/wp-content\/uploads\/2026\/04\/photo_16_2026-04-27_16-47-06-300x169.jpg 300w, https:\/\/mairieassinie.com\/web\/wp-content\/uploads\/2026\/04\/photo_16_2026-04-27_16-47-06-768x433.jpg 768w, https:\/\/mairieassinie.com\/web\/wp-content\/uploads\/2026\/04\/photo_16_2026-04-27_16-47-06-405x228.jpg 405w, https:\/\/mairieassinie.com\/web\/wp-content\/uploads\/2026\/04\/photo_16_2026-04-27_16-47-06.jpg 1280w\" sizes=\"(max-width: 1024px) 100vw, 1024px\" \/><\/a><\/figure>\n\n\n\n<figure class=\"wp-block-image\"><img loading=\"lazy\" decoding=\"async\" width=\"1280\" height=\"721\" data-id=\"11875\" src=\"https:\/\/mairieassinie.com\/web\/wp-content\/uploads\/2026\/04\/photo_13_2026-04-27_16-47-06.jpg\" alt=\"\" class=\"wp-image-11875\" srcset=\"https:\/\/mairieassinie.com\/web\/wp-content\/uploads\/2026\/04\/photo_13_2026-04-27_16-47-06.jpg 1280w, https:\/\/mairieassinie.com\/web\/wp-content\/uploads\/2026\/04\/photo_13_2026-04-27_16-47-06-300x169.jpg 300w, https:\/\/mairieassinie.com\/web\/wp-content\/uploads\/2026\/04\/photo_13_2026-04-27_16-47-06-1024x577.jpg 1024w, https:\/\/mairieassinie.com\/web\/wp-content\/uploads\/2026\/04\/photo_13_2026-04-27_16-47-06-768x433.jpg 768w, https:\/\/mairieassinie.com\/web\/wp-content\/uploads\/2026\/04\/photo_13_2026-04-27_16-47-06-405x228.jpg 405w\" sizes=\"(max-width: 1280px) 100vw, 1280px\" \/><\/figure>\n\n\n\n<figure class=\"wp-block-image\"><img loading=\"lazy\" decoding=\"async\" width=\"1280\" height=\"721\" data-id=\"11873\" src=\"https:\/\/mairieassinie.com\/web\/wp-content\/uploads\/2026\/04\/photo_3_2026-04-27_16-47-06.jpg\" alt=\"\" class=\"wp-image-11873\" srcset=\"https:\/\/mairieassinie.com\/web\/wp-content\/uploads\/2026\/04\/photo_3_2026-04-27_16-47-06.jpg 1280w, https:\/\/mairieassinie.com\/web\/wp-content\/uploads\/2026\/04\/photo_3_2026-04-27_16-47-06-300x169.jpg 300w, https:\/\/mairieassinie.com\/web\/wp-content\/uploads\/2026\/04\/photo_3_2026-04-27_16-47-06-1024x577.jpg 1024w, https:\/\/mairieassinie.com\/web\/wp-content\/uploads\/2026\/04\/photo_3_2026-04-27_16-47-06-768x433.jpg 768w, https:\/\/mairieassinie.com\/web\/wp-content\/uploads\/2026\/04\/photo_3_2026-04-27_16-47-06-405x228.jpg 405w\" sizes=\"(max-width: 1280px) 100vw, 1280px\" \/><\/figure>\n\n\n\n<figure class=\"wp-block-image\"><img loading=\"lazy\" decoding=\"async\" width=\"1280\" height=\"721\" data-id=\"11872\" src=\"https:\/\/mairieassinie.com\/web\/wp-content\/uploads\/2026\/04\/photo_1_2026-04-27_16-47-06.jpg\" alt=\"\" class=\"wp-image-11872\" srcset=\"https:\/\/mairieassinie.com\/web\/wp-content\/uploads\/2026\/04\/photo_1_2026-04-27_16-47-06.jpg 1280w, https:\/\/mairieassinie.com\/web\/wp-content\/uploads\/2026\/04\/photo_1_2026-04-27_16-47-06-300x169.jpg 300w, https:\/\/mairieassinie.com\/web\/wp-content\/uploads\/2026\/04\/photo_1_2026-04-27_16-47-06-1024x577.jpg 1024w, https:\/\/mairieassinie.com\/web\/wp-content\/uploads\/2026\/04\/photo_1_2026-04-27_16-47-06-768x433.jpg 768w, https:\/\/mairieassinie.com\/web\/wp-content\/uploads\/2026\/04\/photo_1_2026-04-27_16-47-06-405x228.jpg 405w\" sizes=\"(max-width: 1280px) 100vw, 1280px\" \/><\/figure>\n\n\n\n<figure class=\"wp-block-image\"><img loading=\"lazy\" decoding=\"async\" width=\"1280\" height=\"721\" data-id=\"11879\" src=\"https:\/\/mairieassinie.com\/web\/wp-content\/uploads\/2026\/04\/photo_25_2026-04-27_16-47-06.jpg\" alt=\"\" class=\"wp-image-11879\" srcset=\"https:\/\/mairieassinie.com\/web\/wp-content\/uploads\/2026\/04\/photo_25_2026-04-27_16-47-06.jpg 1280w, https:\/\/mairieassinie.com\/web\/wp-content\/uploads\/2026\/04\/photo_25_2026-04-27_16-47-06-300x169.jpg 300w, https:\/\/mairieassinie.com\/web\/wp-content\/uploads\/2026\/04\/photo_25_2026-04-27_16-47-06-1024x577.jpg 1024w, https:\/\/mairieassinie.com\/web\/wp-content\/uploads\/2026\/04\/photo_25_2026-04-27_16-47-06-768x433.jpg 768w, https:\/\/mairieassinie.com\/web\/wp-content\/uploads\/2026\/04\/photo_25_2026-04-27_16-47-06-405x228.jpg 405w\" sizes=\"(max-width: 1280px) 100vw, 1280px\" \/><\/figure>\n\n\n\n<figure class=\"wp-block-image\"><img loading=\"lazy\" decoding=\"async\" width=\"1280\" height=\"721\" data-id=\"11878\" src=\"https:\/\/mairieassinie.com\/web\/wp-content\/uploads\/2026\/04\/photo_21_2026-04-27_16-47-06.jpg\" alt=\"\" class=\"wp-image-11878\" srcset=\"https:\/\/mairieassinie.com\/web\/wp-content\/uploads\/2026\/04\/photo_21_2026-04-27_16-47-06.jpg 1280w, https:\/\/mairieassinie.com\/web\/wp-content\/uploads\/2026\/04\/photo_21_2026-04-27_16-47-06-300x169.jpg 300w, https:\/\/mairieassinie.com\/web\/wp-content\/uploads\/2026\/04\/photo_21_2026-04-27_16-47-06-1024x577.jpg 1024w, https:\/\/mairieassinie.com\/web\/wp-content\/uploads\/2026\/04\/photo_21_2026-04-27_16-47-06-768x433.jpg 768w, https:\/\/mairieassinie.com\/web\/wp-content\/uploads\/2026\/04\/photo_21_2026-04-27_16-47-06-405x228.jpg 405w\" sizes=\"(max-width: 1280px) 100vw, 1280px\" \/><\/figure>\n<\/figure>\n\n\n\n<p><\/p>\n\n    <div class=\"xs_social_share_widget xs_share_url after_content \t\tmain_content  wslu-style-1 wslu-share-box-shaped wslu-fill-colored wslu-none wslu-share-horizontal wslu-theme-font-no wslu-main_content\">\n\n\t\t\n        <ul>\n\t\t\t        <\/ul>\n    <\/div> \n","protected":false},"excerpt":{"rendered":"<p>Sous la conduite de Monsieur le Maire, une importante r&eacute;union a rassembl&eacute; la Cour Royale, le BNETD, CI-&Eacute;nergies, l&rsquo;AGEROUTE ainsi que plusieurs acteurs du secteur foncier. L&rsquo;objectif : faire un point concret sur les projets en cours et les principaux d&eacute;fis &agrave; lever pour le d&eacute;veloppement de la commune. En ouverture, le Maire est revenu [&hellip;]<\/p>\n","protected":false},"author":2,"featured_media":11876,"comment_status":"closed","ping_status":"open","sticky":false,"template":"","format":"standard","meta":{"footnotes":""},"categories":[127,3,129],"tags":[],"class_list":["post-11871","post","type-post","status-publish","format-standard","has-post-thumbnail","hentry","category-activites","category-actualite","category-infos"],"yoast_head":"<!-- This site is optimized with the Yoast SEO plugin v25.9 - https:\/\/yoast.com\/wordpress\/plugins\/seo\/ -->\n<title>D\u00e9veloppement local : enjeux foncier et \u00e9tat d&#039;avancement des projets - Mairie d&#039;Assinie-Mairie<\/title>\n<meta name=\"robots\" content=\"index, follow, max-snippet:-1, max-image-preview:large, max-video-preview:-1\" \/>\n<link rel=\"canonical\" href=\"https:\/\/mairieassinie.com\/web\/developpement-local-enjeux-foncier-et-etat-davancement-des-projets\/\" \/>\n<meta property=\"og:locale\" content=\"fr_FR\" \/>\n<meta property=\"og:type\" content=\"article\" \/>\n<meta property=\"og:title\" content=\"D\u00e9veloppement local : enjeux foncier et \u00e9tat d&#039;avancement des projets - Mairie d&#039;Assinie-Mairie\" \/>\n<meta property=\"og:description\" content=\"Sous la conduite de Monsieur le Maire, une importante r&eacute;union a rassembl&eacute; la Cour Royale, le BNETD, CI-&Eacute;nergies, l&rsquo;AGEROUTE ainsi que plusieurs acteurs du secteur foncier. L&rsquo;objectif : faire un point concret sur les projets en cours et les principaux d&eacute;fis &agrave; lever pour le d&eacute;veloppement de la commune. En ouverture, le Maire est revenu [&hellip;]\" \/>\n<meta property=\"og:url\" content=\"https:\/\/mairieassinie.com\/web\/developpement-local-enjeux-foncier-et-etat-davancement-des-projets\/\" \/>\n<meta property=\"og:site_name\" content=\"Mairie d&#039;Assinie-Mairie\" \/>\n<meta property=\"article:publisher\" content=\"https:\/\/www.facebook.com\/mairieassinie.officiel\" \/>\n<meta property=\"article:published_time\" content=\"2026-04-28T11:02:38+00:00\" \/>\n<meta property=\"article:modified_time\" content=\"2026-04-28T11:02:39+00:00\" \/>\n<meta property=\"og:image\" content=\"https:\/\/mairieassinie.com\/web\/wp-content\/uploads\/2026\/04\/photo_5_2026-04-27_16-47-06-e1777373843246.jpg\" \/>\n\t<meta property=\"og:image:width\" content=\"1080\" \/>\n\t<meta property=\"og:image:height\" content=\"720\" \/>\n\t<meta property=\"og:image:type\" content=\"image\/jpeg\" \/>\n<meta name=\"author\" content=\"Mairie d&#039;Assinie\" \/>\n<meta name=\"twitter:card\" content=\"summary_large_image\" \/>\n<meta name=\"twitter:label1\" content=\"\u00c9crit par\" \/>\n\t<meta name=\"twitter:data1\" content=\"Mairie d&#039;Assinie\" \/>\n\t<meta name=\"twitter:label2\" content=\"Dur\u00e9e de lecture estim\u00e9e\" \/>\n\t<meta name=\"twitter:data2\" content=\"3 minutes\" \/>\n<script type=\"application\/ld+json\" class=\"yoast-schema-graph\">{\"@context\":\"https:\/\/schema.org\",\"@graph\":[{\"@type\":\"WebPage\",\"@id\":\"https:\/\/mairieassinie.com\/web\/developpement-local-enjeux-foncier-et-etat-davancement-des-projets\/\",\"url\":\"https:\/\/mairieassinie.com\/web\/developpement-local-enjeux-foncier-et-etat-davancement-des-projets\/\",\"name\":\"D\u00e9veloppement local : enjeux foncier et \u00e9tat d'avancement des projets - Mairie d&#039;Assinie-Mairie\",\"isPartOf\":{\"@id\":\"https:\/\/mairieassinie.com\/web\/#website\"},\"primaryImageOfPage\":{\"@id\":\"https:\/\/mairieassinie.com\/web\/developpement-local-enjeux-foncier-et-etat-davancement-des-projets\/#primaryimage\"},\"image\":{\"@id\":\"https:\/\/mairieassinie.com\/web\/developpement-local-enjeux-foncier-et-etat-davancement-des-projets\/#primaryimage\"},\"thumbnailUrl\":\"https:\/\/mairieassinie.com\/web\/wp-content\/uploads\/2026\/04\/photo_5_2026-04-27_16-47-06-e1777373843246.jpg\",\"datePublished\":\"2026-04-28T11:02:38+00:00\",\"dateModified\":\"2026-04-28T11:02:39+00:00\",\"author\":{\"@id\":\"https:\/\/mairieassinie.com\/web\/#\/schema\/person\/ec7ccc40765baa860f4f4018fc599539\"},\"breadcrumb\":{\"@id\":\"https:\/\/mairieassinie.com\/web\/developpement-local-enjeux-foncier-et-etat-davancement-des-projets\/#breadcrumb\"},\"inLanguage\":\"fr-FR\",\"potentialAction\":[{\"@type\":\"ReadAction\",\"target\":[\"https:\/\/mairieassinie.com\/web\/developpement-local-enjeux-foncier-et-etat-davancement-des-projets\/\"]}]},{\"@type\":\"ImageObject\",\"inLanguage\":\"fr-FR\",\"@id\":\"https:\/\/mairieassinie.com\/web\/developpement-local-enjeux-foncier-et-etat-davancement-des-projets\/#primaryimage\",\"url\":\"https:\/\/mairieassinie.com\/web\/wp-content\/uploads\/2026\/04\/photo_5_2026-04-27_16-47-06-e1777373843246.jpg\",\"contentUrl\":\"https:\/\/mairieassinie.com\/web\/wp-content\/uploads\/2026\/04\/photo_5_2026-04-27_16-47-06-e1777373843246.jpg\",\"width\":1080,\"height\":720},{\"@type\":\"BreadcrumbList\",\"@id\":\"https:\/\/mairieassinie.com\/web\/developpement-local-enjeux-foncier-et-etat-davancement-des-projets\/#breadcrumb\",\"itemListElement\":[{\"@type\":\"ListItem\",\"position\":1,\"name\":\"Accueil\",\"item\":\"https:\/\/mairieassinie.com\/web\/\"},{\"@type\":\"ListItem\",\"position\":2,\"name\":\"D\u00e9veloppement local : enjeux foncier et \u00e9tat d&rsquo;avancement des projets\"}]},{\"@type\":\"WebSite\",\"@id\":\"https:\/\/mairieassinie.com\/web\/#website\",\"url\":\"https:\/\/mairieassinie.com\/web\/\",\"name\":\"Mairie d'Assinie\",\"description\":\"Une cit\u00e9 baln\u00e9aire exceptionnelle.\",\"potentialAction\":[{\"@type\":\"SearchAction\",\"target\":{\"@type\":\"EntryPoint\",\"urlTemplate\":\"https:\/\/mairieassinie.com\/web\/?s={search_term_string}\"},\"query-input\":{\"@type\":\"PropertyValueSpecification\",\"valueRequired\":true,\"valueName\":\"search_term_string\"}}],\"inLanguage\":\"fr-FR\"},{\"@type\":\"Person\",\"@id\":\"https:\/\/mairieassinie.com\/web\/#\/schema\/person\/ec7ccc40765baa860f4f4018fc599539\",\"name\":\"Mairie d'Assinie\",\"image\":{\"@type\":\"ImageObject\",\"inLanguage\":\"fr-FR\",\"@id\":\"https:\/\/mairieassinie.com\/web\/#\/schema\/person\/image\/\",\"url\":\"https:\/\/secure.gravatar.com\/avatar\/fc7b38665fad664f31346ac2ed5c06693cf6558ef5a53cc39eb7aa16409fc1b7?s=96&d=mm&r=g\",\"contentUrl\":\"https:\/\/secure.gravatar.com\/avatar\/fc7b38665fad664f31346ac2ed5c06693cf6558ef5a53cc39eb7aa16409fc1b7?s=96&d=mm&r=g\",\"caption\":\"Mairie d'Assinie\"},\"url\":\"https:\/\/mairieassinie.com\/web\/author\/webmaster\/\"}]}<\/script>\n<!-- \/ Yoast SEO plugin. -->","yoast_head_json":{"title":"D\u00e9veloppement local : enjeux foncier et \u00e9tat d'avancement des projets - Mairie d&#039;Assinie-Mairie","robots":{"index":"index","follow":"follow","max-snippet":"max-snippet:-1","max-image-preview":"max-image-preview:large","max-video-preview":"max-video-preview:-1"},"canonical":"https:\/\/mairieassinie.com\/web\/developpement-local-enjeux-foncier-et-etat-davancement-des-projets\/","og_locale":"fr_FR","og_type":"article","og_title":"D\u00e9veloppement local : enjeux foncier et \u00e9tat d'avancement des projets - Mairie d&#039;Assinie-Mairie","og_description":"Sous la conduite de Monsieur le Maire, une importante r&eacute;union a rassembl&eacute; la Cour Royale, le BNETD, CI-&Eacute;nergies, l&rsquo;AGEROUTE ainsi que plusieurs acteurs du secteur foncier. L&rsquo;objectif : faire un point concret sur les projets en cours et les principaux d&eacute;fis &agrave; lever pour le d&eacute;veloppement de la commune. En ouverture, le Maire est revenu [&hellip;]","og_url":"https:\/\/mairieassinie.com\/web\/developpement-local-enjeux-foncier-et-etat-davancement-des-projets\/","og_site_name":"Mairie d&#039;Assinie-Mairie","article_publisher":"https:\/\/www.facebook.com\/mairieassinie.officiel","article_published_time":"2026-04-28T11:02:38+00:00","article_modified_time":"2026-04-28T11:02:39+00:00","og_image":[{"width":1080,"height":720,"url":"https:\/\/mairieassinie.com\/web\/wp-content\/uploads\/2026\/04\/photo_5_2026-04-27_16-47-06-e1777373843246.jpg","type":"image\/jpeg"}],"author":"Mairie d'Assinie","twitter_card":"summary_large_image","twitter_misc":{"\u00c9crit par":"Mairie d'Assinie","Dur\u00e9e de lecture estim\u00e9e":"3 minutes"},"schema":{"@context":"https:\/\/schema.org","@graph":[{"@type":"WebPage","@id":"https:\/\/mairieassinie.com\/web\/developpement-local-enjeux-foncier-et-etat-davancement-des-projets\/","url":"https:\/\/mairieassinie.com\/web\/developpement-local-enjeux-foncier-et-etat-davancement-des-projets\/","name":"D\u00e9veloppement local : enjeux foncier et \u00e9tat d'avancement des projets - Mairie d&#039;Assinie-Mairie","isPartOf":{"@id":"https:\/\/mairieassinie.com\/web\/#website"},"primaryImageOfPage":{"@id":"https:\/\/mairieassinie.com\/web\/developpement-local-enjeux-foncier-et-etat-davancement-des-projets\/#primaryimage"},"image":{"@id":"https:\/\/mairieassinie.com\/web\/developpement-local-enjeux-foncier-et-etat-davancement-des-projets\/#primaryimage"},"thumbnailUrl":"https:\/\/mairieassinie.com\/web\/wp-content\/uploads\/2026\/04\/photo_5_2026-04-27_16-47-06-e1777373843246.jpg","datePublished":"2026-04-28T11:02:38+00:00","dateModified":"2026-04-28T11:02:39+00:00","author":{"@id":"https:\/\/mairieassinie.com\/web\/#\/schema\/person\/ec7ccc40765baa860f4f4018fc599539"},"breadcrumb":{"@id":"https:\/\/mairieassinie.com\/web\/developpement-local-enjeux-foncier-et-etat-davancement-des-projets\/#breadcrumb"},"inLanguage":"fr-FR","potentialAction":[{"@type":"ReadAction","target":["https:\/\/mairieassinie.com\/web\/developpement-local-enjeux-foncier-et-etat-davancement-des-projets\/"]}]},{"@type":"ImageObject","inLanguage":"fr-FR","@id":"https:\/\/mairieassinie.com\/web\/developpement-local-enjeux-foncier-et-etat-davancement-des-projets\/#primaryimage","url":"https:\/\/mairieassinie.com\/web\/wp-content\/uploads\/2026\/04\/photo_5_2026-04-27_16-47-06-e1777373843246.jpg","contentUrl":"https:\/\/mairieassinie.com\/web\/wp-content\/uploads\/2026\/04\/photo_5_2026-04-27_16-47-06-e1777373843246.jpg","width":1080,"height":720},{"@type":"BreadcrumbList","@id":"https:\/\/mairieassinie.com\/web\/developpement-local-enjeux-foncier-et-etat-davancement-des-projets\/#breadcrumb","itemListElement":[{"@type":"ListItem","position":1,"name":"Accueil","item":"https:\/\/mairieassinie.com\/web\/"},{"@type":"ListItem","position":2,"name":"D\u00e9veloppement local : enjeux foncier et \u00e9tat d&rsquo;avancement des projets"}]},{"@type":"WebSite","@id":"https:\/\/mairieassinie.com\/web\/#website","url":"https:\/\/mairieassinie.com\/web\/","name":"Mairie d'Assinie","description":"Une cit\u00e9 baln\u00e9aire exceptionnelle.","potentialAction":[{"@type":"SearchAction","target":{"@type":"EntryPoint","urlTemplate":"https:\/\/mairieassinie.com\/web\/?s={search_term_string}"},"query-input":{"@type":"PropertyValueSpecification","valueRequired":true,"valueName":"search_term_string"}}],"inLanguage":"fr-FR"},{"@type":"Person","@id":"https:\/\/mairieassinie.com\/web\/#\/schema\/person\/ec7ccc40765baa860f4f4018fc599539","name":"Mairie d'Assinie","image":{"@type":"ImageObject","inLanguage":"fr-FR","@id":"https:\/\/mairieassinie.com\/web\/#\/schema\/person\/image\/","url":"https:\/\/secure.gravatar.com\/avatar\/fc7b38665fad664f31346ac2ed5c06693cf6558ef5a53cc39eb7aa16409fc1b7?s=96&d=mm&r=g","contentUrl":"https:\/\/secure.gravatar.com\/avatar\/fc7b38665fad664f31346ac2ed5c06693cf6558ef5a53cc39eb7aa16409fc1b7?s=96&d=mm&r=g","caption":"Mairie d'Assinie"},"url":"https:\/\/mairieassinie.com\/web\/author\/webmaster\/"}]}},"_links":{"self":[{"href":"https:\/\/mairieassinie.com\/web\/wp-json\/wp\/v2\/posts\/11871","targetHints":{"allow":["GET"]}}],"collection":[{"href":"https:\/\/mairieassinie.com\/web\/wp-json\/wp\/v2\/posts"}],"about":[{"href":"https:\/\/mairieassinie.com\/web\/wp-json\/wp\/v2\/types\/post"}],"author":[{"embeddable":true,"href":"https:\/\/mairieassinie.com\/web\/wp-json\/wp\/v2\/users\/2"}],"replies":[{"embeddable":true,"href":"https:\/\/mairieassinie.com\/web\/wp-json\/wp\/v2\/comments?post=11871"}],"version-history":[{"count":1,"href":"https:\/\/mairieassinie.com\/web\/wp-json\/wp\/v2\/posts\/11871\/revisions"}],"predecessor-version":[{"id":11880,"href":"https:\/\/mairieassinie.com\/web\/wp-json\/wp\/v2\/posts\/11871\/revisions\/11880"}],"wp:featuredmedia":[{"embeddable":true,"href":"https:\/\/mairieassinie.com\/web\/wp-json\/wp\/v2\/media\/11876"}],"wp:attachment":[{"href":"https:\/\/mairieassinie.com\/web\/wp-json\/wp\/v2\/media?parent=11871"}],"wp:term":[{"taxonomy":"category","embeddable":true,"href":"https:\/\/mairieassinie.com\/web\/wp-json\/wp\/v2\/categories?post=11871"},{"taxonomy":"post_tag","embeddable":true,"href":"https:\/\/mairieassinie.com\/web\/wp-json\/wp\/v2\/tags?post=11871"}],"curies":[{"name":"wp","href":"https:\/\/api.w.org\/{rel}","templated":true}]}}