{"id":12013,"date":"2026-09-03T18:13:50","date_gmt":"2026-09-03T16:13:50","guid":{"rendered":"https:\/\/mairieassinie.com\/web\/?p=12013"},"modified":"2026-09-03T18:13:52","modified_gmt":"2026-09-03T16:13:52","slug":"reunion-de-concertation-des-solutions","status":"publish","type":"post","link":"https:\/\/mairieassinie.com\/web\/reunion-de-concertation-des-solutions\/","title":{"rendered":"REUNION DE CONCERTATION : des solutions&#8230;"},"content":{"rendered":"\n<p class=\"wp-block-paragraph\">Une r\u00e9union de concertation s\u2019est tenue ce mercredi 2 septembre 2026 \u00e0 Assinie-Mafia, sous la pr\u00e9sidence du Premier Adjoint au Maire, en pr\u00e9sence de plusieurs partenaires, notamment l\u2019ANAGED, GI2E, PFO, ainsi que du Pr\u00e9sident des h\u00f4teliers de la commune. La chefferie d\u2019Assouind\u00e9 a \u00e9galement pris part aux \u00e9changes.<\/p>\n\n\n\n<p class=\"wp-block-paragraph\">Plusieurs pr\u00e9occupations majeures ont \u00e9t\u00e9 abord\u00e9es, avec un objectif commun : identifier des solutions concr\u00e8tes pour am\u00e9liorer durablement le cadre de vie des populations.<\/p>\n\n\n\n<p class=\"wp-block-paragraph\"><img decoding=\"async\" height=\"16\" width=\"16\" alt=\"\ud83d\uddd1\ufe0f\" src=\"https:\/\/static.xx.fbcdn.net\/images\/emoji.php\/v9\/t5a\/1\/16\/1f5d1.png\"> \ud835\udde6\ud835\uddee\ud835\uddf9\ud835\ude02\ud835\uddef\ud835\uddff\ud835\uddf6\ud835\ude01\ud835\uddf2\u0301 \ud835\uddf2\ud835\ude01 \ud835\uddff\ud835\uddee\ud835\uddfa\ud835\uddee\ud835\ude00\ud835\ude00\ud835\uddee\ud835\uddf4\ud835\uddf2 \ud835\uddf1\ud835\uddf2\ud835\ude00 \ud835\uddfc\ud835\uddff\ud835\uddf1\ud835\ude02\ud835\uddff\ud835\uddf2\ud835\ude00<\/p>\n\n\n\n<p class=\"wp-block-paragraph\">Les \u00e9changes ont port\u00e9 sur le renforcement du ramassage des ordures dans les villages, afin d\u2019am\u00e9liorer durablement la salubrit\u00e9 et l\u2019environnement des populations.<\/p>\n\n\n\n<p class=\"wp-block-paragraph\"><img decoding=\"async\" height=\"16\" width=\"16\" alt=\"\ud83d\udee3\ufe0f\" src=\"https:\/\/static.xx.fbcdn.net\/images\/emoji.php\/v9\/t3c\/1\/16\/1f6e3.png\"> \ud835\uddd8\u0301\ud835\ude01\ud835\uddee\ud835\ude01 \ud835\uddf1\ud835\uddf2\ud835\ude00 \ud835\ude03\ud835\uddfc\ud835\uddf6\ud835\uddf2\ud835\ude00<\/p>\n\n\n\n<p class=\"wp-block-paragraph\">Une grande partie des voiries de la commune fera l\u2019objet de travaux de reprofilage. Certaines voies, d\u00e9j\u00e0 inscrites au programme de bitumage, seront progressivement am\u00e9nag\u00e9es. Les op\u00e9rations de reprofilage se poursuivront r\u00e9guli\u00e8rement afin de maintenir les routes praticables.<\/p>\n\n\n\n<p class=\"wp-block-paragraph\"><img decoding=\"async\" height=\"16\" width=\"16\" alt=\"\ud83c\udfd6\ufe0f\" src=\"https:\/\/static.xx.fbcdn.net\/images\/emoji.php\/v9\/t5d\/1\/16\/1f3d6.png\"> \ud835\uddd4\ud835\uddf0\ud835\uddf0\ud835\uddf2\u0300\ud835\ude00 \ud835\uddee\ud835\ude02\ud835\ude05 \ud835\uddfd\ud835\uddf9\ud835\uddee\ud835\uddf4\ud835\uddf2\ud835\ude00 \ud835\uddf1\u2019\ud835\uddd4\ud835\ude00\ud835\ude00\ud835\uddfc\ud835\ude02\ud835\uddf6\ud835\uddfb\ud835\uddf1\ud835\uddf2\u0301<\/p>\n\n\n\n<p class=\"wp-block-paragraph\">La question de l\u2019acc\u00e8s aux plages d\u2019Assouind\u00e9 a \u00e9galement \u00e9t\u00e9 soulev\u00e9e. La chefferie d\u2019Assouind\u00e9 a r\u00e9affirm\u00e9 son engagement \u00e0 rechercher une solution permettant aux populations et aux visiteurs d\u2019acc\u00e9der librement aux plages, sans avoir \u00e0 traverser des propri\u00e9t\u00e9s priv\u00e9es.<\/p>\n\n\n\n<p class=\"wp-block-paragraph\"><img loading=\"lazy\" decoding=\"async\" height=\"16\" width=\"16\" alt=\"\ud83d\udca7\" src=\"https:\/\/static.xx.fbcdn.net\/images\/emoji.php\/v9\/t42\/1\/16\/1f4a7.png\"> \ud835\uddd4\ud835\uddf0\ud835\uddf0\ud835\uddf2\u0300\ud835\ude00 \ud835\uddee\u0300 \ud835\uddf9\u2019\ud835\uddf2\ud835\uddee\ud835\ude02 \ud835\uddfd\ud835\uddfc\ud835\ude01\ud835\uddee\ud835\uddef\ud835\uddf9\ud835\uddf2<\/p>\n\n\n\n<p class=\"wp-block-paragraph\">L\u2019approvisionnement en eau potable demeure une pr\u00e9occupation importante pour la commune. Malgr\u00e9 la pr\u00e9sence de trois forages, le d\u00e9ficit peut atteindre 54 % pendant les p\u00e9riodes de f\u00eates et de forte affluence.<\/p>\n\n\n\n<p class=\"wp-block-paragraph\">Dans cette dynamique, le Maire pr\u00e9voit prochainement une rencontre avec le Ministre de l\u2019Hydraulique, afin de poursuivre les \u00e9changes et de travailler \u00e0 des solutions concr\u00e8tes et durables pour am\u00e9liorer l\u2019acc\u00e8s \u00e0 l\u2019eau potable dans la commune.<\/p>\n\n\n\n<figure class=\"wp-block-gallery has-nested-images columns-default is-cropped wp-block-gallery-1 is-layout-flex wp-block-gallery-is-layout-flex\">\n<figure class=\"wp-block-image size-large\"><a href=\"https:\/\/mairieassinie.com\/web\/wp-content\/uploads\/2026\/09\/photo_1_2026-09-03_11-54-16.jpg\"><img loading=\"lazy\" decoding=\"async\" width=\"577\" height=\"1024\" data-id=\"12014\" src=\"https:\/\/mairieassinie.com\/web\/wp-content\/uploads\/2026\/09\/photo_1_2026-09-03_11-54-16-577x1024.jpg\" alt=\"\" class=\"wp-image-12014\" srcset=\"https:\/\/mairieassinie.com\/web\/wp-content\/uploads\/2026\/09\/photo_1_2026-09-03_11-54-16-577x1024.jpg 577w, https:\/\/mairieassinie.com\/web\/wp-content\/uploads\/2026\/09\/photo_1_2026-09-03_11-54-16-169x300.jpg 169w, https:\/\/mairieassinie.com\/web\/wp-content\/uploads\/2026\/09\/photo_1_2026-09-03_11-54-16-128x228.jpg 128w, https:\/\/mairieassinie.com\/web\/wp-content\/uploads\/2026\/09\/photo_1_2026-09-03_11-54-16.jpg 721w\" sizes=\"(max-width: 577px) 100vw, 577px\" \/><\/a><\/figure>\n\n\n\n<figure class=\"wp-block-image size-large\"><a href=\"https:\/\/mairieassinie.com\/web\/wp-content\/uploads\/2026\/09\/photo_2_2026-09-03_11-54-16.jpg\"><img loading=\"lazy\" decoding=\"async\" width=\"1024\" height=\"577\" data-id=\"12016\" src=\"https:\/\/mairieassinie.com\/web\/wp-content\/uploads\/2026\/09\/photo_2_2026-09-03_11-54-16-1024x577.jpg\" alt=\"\" class=\"wp-image-12016\" srcset=\"https:\/\/mairieassinie.com\/web\/wp-content\/uploads\/2026\/09\/photo_2_2026-09-03_11-54-16-1024x577.jpg 1024w, https:\/\/mairieassinie.com\/web\/wp-content\/uploads\/2026\/09\/photo_2_2026-09-03_11-54-16-300x169.jpg 300w, https:\/\/mairieassinie.com\/web\/wp-content\/uploads\/2026\/09\/photo_2_2026-09-03_11-54-16-767x432.jpg 767w, https:\/\/mairieassinie.com\/web\/wp-content\/uploads\/2026\/09\/photo_2_2026-09-03_11-54-16-405x228.jpg 405w, https:\/\/mairieassinie.com\/web\/wp-content\/uploads\/2026\/09\/photo_2_2026-09-03_11-54-16.jpg 1280w\" sizes=\"(max-width: 1024px) 100vw, 1024px\" \/><\/a><\/figure>\n\n\n\n<figure class=\"wp-block-image size-large\"><a href=\"https:\/\/mairieassinie.com\/web\/wp-content\/uploads\/2026\/09\/photo_3_2026-09-03_11-54-16.jpg\"><img loading=\"lazy\" decoding=\"async\" width=\"1024\" height=\"577\" data-id=\"12017\" src=\"https:\/\/mairieassinie.com\/web\/wp-content\/uploads\/2026\/09\/photo_3_2026-09-03_11-54-16-1024x577.jpg\" alt=\"\" class=\"wp-image-12017\" srcset=\"https:\/\/mairieassinie.com\/web\/wp-content\/uploads\/2026\/09\/photo_3_2026-09-03_11-54-16-1024x577.jpg 1024w, https:\/\/mairieassinie.com\/web\/wp-content\/uploads\/2026\/09\/photo_3_2026-09-03_11-54-16-300x169.jpg 300w, https:\/\/mairieassinie.com\/web\/wp-content\/uploads\/2026\/09\/photo_3_2026-09-03_11-54-16-767x432.jpg 767w, https:\/\/mairieassinie.com\/web\/wp-content\/uploads\/2026\/09\/photo_3_2026-09-03_11-54-16-405x228.jpg 405w, https:\/\/mairieassinie.com\/web\/wp-content\/uploads\/2026\/09\/photo_3_2026-09-03_11-54-16.jpg 1280w\" sizes=\"(max-width: 1024px) 100vw, 1024px\" \/><\/a><\/figure>\n\n\n\n<figure class=\"wp-block-image size-large\"><a href=\"https:\/\/mairieassinie.com\/web\/wp-content\/uploads\/2026\/09\/photo_4_2026-09-03_11-54-16.jpg\"><img loading=\"lazy\" decoding=\"async\" width=\"1024\" height=\"577\" data-id=\"12018\" src=\"https:\/\/mairieassinie.com\/web\/wp-content\/uploads\/2026\/09\/photo_4_2026-09-03_11-54-16-1024x577.jpg\" alt=\"\" class=\"wp-image-12018\" srcset=\"https:\/\/mairieassinie.com\/web\/wp-content\/uploads\/2026\/09\/photo_4_2026-09-03_11-54-16-1024x577.jpg 1024w, https:\/\/mairieassinie.com\/web\/wp-content\/uploads\/2026\/09\/photo_4_2026-09-03_11-54-16-300x169.jpg 300w, https:\/\/mairieassinie.com\/web\/wp-content\/uploads\/2026\/09\/photo_4_2026-09-03_11-54-16-767x432.jpg 767w, https:\/\/mairieassinie.com\/web\/wp-content\/uploads\/2026\/09\/photo_4_2026-09-03_11-54-16-405x228.jpg 405w, https:\/\/mairieassinie.com\/web\/wp-content\/uploads\/2026\/09\/photo_4_2026-09-03_11-54-16.jpg 1280w\" sizes=\"(max-width: 1024px) 100vw, 1024px\" \/><\/a><\/figure>\n\n\n\n<figure class=\"wp-block-image size-large\"><a href=\"https:\/\/mairieassinie.com\/web\/wp-content\/uploads\/2026\/09\/photo_6_2026-09-03_11-54-16.jpg\"><img loading=\"lazy\" decoding=\"async\" width=\"1024\" height=\"577\" data-id=\"12015\" src=\"https:\/\/mairieassinie.com\/web\/wp-content\/uploads\/2026\/09\/photo_6_2026-09-03_11-54-16-1024x577.jpg\" alt=\"\" class=\"wp-image-12015\" srcset=\"https:\/\/mairieassinie.com\/web\/wp-content\/uploads\/2026\/09\/photo_6_2026-09-03_11-54-16-1024x577.jpg 1024w, https:\/\/mairieassinie.com\/web\/wp-content\/uploads\/2026\/09\/photo_6_2026-09-03_11-54-16-300x169.jpg 300w, https:\/\/mairieassinie.com\/web\/wp-content\/uploads\/2026\/09\/photo_6_2026-09-03_11-54-16-767x432.jpg 767w, https:\/\/mairieassinie.com\/web\/wp-content\/uploads\/2026\/09\/photo_6_2026-09-03_11-54-16-405x228.jpg 405w, https:\/\/mairieassinie.com\/web\/wp-content\/uploads\/2026\/09\/photo_6_2026-09-03_11-54-16.jpg 1280w\" sizes=\"(max-width: 1024px) 100vw, 1024px\" \/><\/a><\/figure>\n\n\n\n<figure class=\"wp-block-image size-large\"><a href=\"https:\/\/mairieassinie.com\/web\/wp-content\/uploads\/2026\/09\/photo_7_2026-09-03_11-54-16.jpg\"><img loading=\"lazy\" decoding=\"async\" width=\"1024\" height=\"577\" data-id=\"12021\" src=\"https:\/\/mairieassinie.com\/web\/wp-content\/uploads\/2026\/09\/photo_7_2026-09-03_11-54-16-1024x577.jpg\" alt=\"\" class=\"wp-image-12021\" srcset=\"https:\/\/mairieassinie.com\/web\/wp-content\/uploads\/2026\/09\/photo_7_2026-09-03_11-54-16-1024x577.jpg 1024w, https:\/\/mairieassinie.com\/web\/wp-content\/uploads\/2026\/09\/photo_7_2026-09-03_11-54-16-300x169.jpg 300w, https:\/\/mairieassinie.com\/web\/wp-content\/uploads\/2026\/09\/photo_7_2026-09-03_11-54-16-767x432.jpg 767w, https:\/\/mairieassinie.com\/web\/wp-content\/uploads\/2026\/09\/photo_7_2026-09-03_11-54-16-405x228.jpg 405w, https:\/\/mairieassinie.com\/web\/wp-content\/uploads\/2026\/09\/photo_7_2026-09-03_11-54-16.jpg 1280w\" sizes=\"(max-width: 1024px) 100vw, 1024px\" \/><\/a><\/figure>\n\n\n\n<figure class=\"wp-block-image size-large\"><a href=\"https:\/\/mairieassinie.com\/web\/wp-content\/uploads\/2026\/09\/photo_8_2026-09-03_11-54-16.jpg\"><img loading=\"lazy\" decoding=\"async\" width=\"577\" height=\"1024\" data-id=\"12020\" src=\"https:\/\/mairieassinie.com\/web\/wp-content\/uploads\/2026\/09\/photo_8_2026-09-03_11-54-16-577x1024.jpg\" alt=\"\" class=\"wp-image-12020\" srcset=\"https:\/\/mairieassinie.com\/web\/wp-content\/uploads\/2026\/09\/photo_8_2026-09-03_11-54-16-577x1024.jpg 577w, https:\/\/mairieassinie.com\/web\/wp-content\/uploads\/2026\/09\/photo_8_2026-09-03_11-54-16-169x300.jpg 169w, https:\/\/mairieassinie.com\/web\/wp-content\/uploads\/2026\/09\/photo_8_2026-09-03_11-54-16-128x228.jpg 128w, https:\/\/mairieassinie.com\/web\/wp-content\/uploads\/2026\/09\/photo_8_2026-09-03_11-54-16.jpg 721w\" sizes=\"(max-width: 577px) 100vw, 577px\" \/><\/a><\/figure>\n\n\n\n<figure class=\"wp-block-image size-large\"><a href=\"https:\/\/mairieassinie.com\/web\/wp-content\/uploads\/2026\/09\/photo_9_2026-09-03_11-54-16.jpg\"><img loading=\"lazy\" decoding=\"async\" width=\"1024\" height=\"577\" data-id=\"12019\" src=\"https:\/\/mairieassinie.com\/web\/wp-content\/uploads\/2026\/09\/photo_9_2026-09-03_11-54-16-1024x577.jpg\" alt=\"\" class=\"wp-image-12019\" srcset=\"https:\/\/mairieassinie.com\/web\/wp-content\/uploads\/2026\/09\/photo_9_2026-09-03_11-54-16-1024x577.jpg 1024w, https:\/\/mairieassinie.com\/web\/wp-content\/uploads\/2026\/09\/photo_9_2026-09-03_11-54-16-300x169.jpg 300w, https:\/\/mairieassinie.com\/web\/wp-content\/uploads\/2026\/09\/photo_9_2026-09-03_11-54-16-767x432.jpg 767w, https:\/\/mairieassinie.com\/web\/wp-content\/uploads\/2026\/09\/photo_9_2026-09-03_11-54-16-405x228.jpg 405w, https:\/\/mairieassinie.com\/web\/wp-content\/uploads\/2026\/09\/photo_9_2026-09-03_11-54-16.jpg 1280w\" sizes=\"(max-width: 1024px) 100vw, 1024px\" \/><\/a><\/figure>\n\n\n\n<figure class=\"wp-block-image size-large\"><a href=\"https:\/\/mairieassinie.com\/web\/wp-content\/uploads\/2026\/09\/photo_10_2026-09-03_11-54-16.jpg\"><img loading=\"lazy\" decoding=\"async\" width=\"577\" height=\"1024\" data-id=\"12022\" src=\"https:\/\/mairieassinie.com\/web\/wp-content\/uploads\/2026\/09\/photo_10_2026-09-03_11-54-16-577x1024.jpg\" alt=\"\" class=\"wp-image-12022\" srcset=\"https:\/\/mairieassinie.com\/web\/wp-content\/uploads\/2026\/09\/photo_10_2026-09-03_11-54-16-577x1024.jpg 577w, https:\/\/mairieassinie.com\/web\/wp-content\/uploads\/2026\/09\/photo_10_2026-09-03_11-54-16-169x300.jpg 169w, https:\/\/mairieassinie.com\/web\/wp-content\/uploads\/2026\/09\/photo_10_2026-09-03_11-54-16-128x228.jpg 128w, https:\/\/mairieassinie.com\/web\/wp-content\/uploads\/2026\/09\/photo_10_2026-09-03_11-54-16.jpg 721w\" sizes=\"(max-width: 577px) 100vw, 577px\" \/><\/a><\/figure>\n\n\n\n<figure class=\"wp-block-image size-large\"><a href=\"https:\/\/mairieassinie.com\/web\/wp-content\/uploads\/2026\/09\/photo_11_2026-09-03_11-54-16.jpg\"><img loading=\"lazy\" decoding=\"async\" width=\"1024\" height=\"577\" data-id=\"12023\" src=\"https:\/\/mairieassinie.com\/web\/wp-content\/uploads\/2026\/09\/photo_11_2026-09-03_11-54-16-1024x577.jpg\" alt=\"\" class=\"wp-image-12023\" srcset=\"https:\/\/mairieassinie.com\/web\/wp-content\/uploads\/2026\/09\/photo_11_2026-09-03_11-54-16-1024x577.jpg 1024w, https:\/\/mairieassinie.com\/web\/wp-content\/uploads\/2026\/09\/photo_11_2026-09-03_11-54-16-300x169.jpg 300w, https:\/\/mairieassinie.com\/web\/wp-content\/uploads\/2026\/09\/photo_11_2026-09-03_11-54-16-767x432.jpg 767w, https:\/\/mairieassinie.com\/web\/wp-content\/uploads\/2026\/09\/photo_11_2026-09-03_11-54-16-405x228.jpg 405w, https:\/\/mairieassinie.com\/web\/wp-content\/uploads\/2026\/09\/photo_11_2026-09-03_11-54-16.jpg 1280w\" sizes=\"(max-width: 1024px) 100vw, 1024px\" \/><\/a><\/figure>\n\n\n\n<figure class=\"wp-block-image size-large\"><a href=\"https:\/\/mairieassinie.com\/web\/wp-content\/uploads\/2026\/09\/photo_12_2026-09-03_11-54-16.jpg\"><img loading=\"lazy\" decoding=\"async\" width=\"1024\" height=\"577\" data-id=\"12024\" src=\"https:\/\/mairieassinie.com\/web\/wp-content\/uploads\/2026\/09\/photo_12_2026-09-03_11-54-16-1024x577.jpg\" alt=\"\" class=\"wp-image-12024\" srcset=\"https:\/\/mairieassinie.com\/web\/wp-content\/uploads\/2026\/09\/photo_12_2026-09-03_11-54-16-1024x577.jpg 1024w, https:\/\/mairieassinie.com\/web\/wp-content\/uploads\/2026\/09\/photo_12_2026-09-03_11-54-16-300x169.jpg 300w, https:\/\/mairieassinie.com\/web\/wp-content\/uploads\/2026\/09\/photo_12_2026-09-03_11-54-16-767x432.jpg 767w, https:\/\/mairieassinie.com\/web\/wp-content\/uploads\/2026\/09\/photo_12_2026-09-03_11-54-16-405x228.jpg 405w, https:\/\/mairieassinie.com\/web\/wp-content\/uploads\/2026\/09\/photo_12_2026-09-03_11-54-16.jpg 1280w\" sizes=\"(max-width: 1024px) 100vw, 1024px\" \/><\/a><\/figure>\n\n\n\n<figure class=\"wp-block-image size-large\"><a href=\"https:\/\/mairieassinie.com\/web\/wp-content\/uploads\/2026\/09\/photo_14_2026-09-03_11-54-16.jpg\"><img loading=\"lazy\" decoding=\"async\" width=\"1024\" height=\"577\" data-id=\"12025\" src=\"https:\/\/mairieassinie.com\/web\/wp-content\/uploads\/2026\/09\/photo_14_2026-09-03_11-54-16-1024x577.jpg\" alt=\"\" class=\"wp-image-12025\" srcset=\"https:\/\/mairieassinie.com\/web\/wp-content\/uploads\/2026\/09\/photo_14_2026-09-03_11-54-16-1024x577.jpg 1024w, https:\/\/mairieassinie.com\/web\/wp-content\/uploads\/2026\/09\/photo_14_2026-09-03_11-54-16-300x169.jpg 300w, https:\/\/mairieassinie.com\/web\/wp-content\/uploads\/2026\/09\/photo_14_2026-09-03_11-54-16-767x432.jpg 767w, https:\/\/mairieassinie.com\/web\/wp-content\/uploads\/2026\/09\/photo_14_2026-09-03_11-54-16-405x228.jpg 405w, https:\/\/mairieassinie.com\/web\/wp-content\/uploads\/2026\/09\/photo_14_2026-09-03_11-54-16.jpg 1280w\" sizes=\"(max-width: 1024px) 100vw, 1024px\" \/><\/a><\/figure>\n\n\n\n<figure class=\"wp-block-image size-large\"><a href=\"https:\/\/mairieassinie.com\/web\/wp-content\/uploads\/2026\/09\/photo_15_2026-09-03_11-54-16.jpg\"><img loading=\"lazy\" decoding=\"async\" width=\"1024\" height=\"577\" data-id=\"12026\" src=\"https:\/\/mairieassinie.com\/web\/wp-content\/uploads\/2026\/09\/photo_15_2026-09-03_11-54-16-1024x577.jpg\" alt=\"\" class=\"wp-image-12026\" srcset=\"https:\/\/mairieassinie.com\/web\/wp-content\/uploads\/2026\/09\/photo_15_2026-09-03_11-54-16-1024x577.jpg 1024w, https:\/\/mairieassinie.com\/web\/wp-content\/uploads\/2026\/09\/photo_15_2026-09-03_11-54-16-300x169.jpg 300w, https:\/\/mairieassinie.com\/web\/wp-content\/uploads\/2026\/09\/photo_15_2026-09-03_11-54-16-767x432.jpg 767w, https:\/\/mairieassinie.com\/web\/wp-content\/uploads\/2026\/09\/photo_15_2026-09-03_11-54-16-405x228.jpg 405w, https:\/\/mairieassinie.com\/web\/wp-content\/uploads\/2026\/09\/photo_15_2026-09-03_11-54-16.jpg 1280w\" sizes=\"(max-width: 1024px) 100vw, 1024px\" \/><\/a><\/figure>\n<\/figure>\n\n    <div class=\"xs_social_share_widget xs_share_url after_content \t\tmain_content  wslu-style-1 wslu-share-box-shaped wslu-fill-colored wslu-none wslu-share-horizontal wslu-theme-font-no wslu-main_content\">\n\n\t\t\n        <ul>\n\t\t\t        <\/ul>\n    <\/div> \n","protected":false},"excerpt":{"rendered":"<p>Une r&eacute;union de concertation s&rsquo;est tenue ce mercredi 2 septembre 2026 &agrave; Assinie-Mafia, sous la pr&eacute;sidence du Premier Adjoint au Maire, en pr&eacute;sence de plusieurs partenaires, notamment l&rsquo;ANAGED, GI2E, PFO, ainsi que du Pr&eacute;sident des h&ocirc;teliers de la commune. La chefferie d&rsquo;Assouind&eacute; a &eacute;galement pris part aux &eacute;changes. Plusieurs pr&eacute;occupations majeures ont &eacute;t&eacute; abord&eacute;es, avec [&hellip;]<\/p>\n","protected":false},"author":2,"featured_media":12026,"comment_status":"closed","ping_status":"open","sticky":false,"template":"","format":"standard","meta":{"footnotes":""},"categories":[127,3,129],"tags":[],"class_list":["post-12013","post","type-post","status-publish","format-standard","has-post-thumbnail","hentry","category-activites","category-actualite","category-infos"],"yoast_head":"<!-- This site is optimized with the Yoast SEO plugin v25.9 - https:\/\/yoast.com\/wordpress\/plugins\/seo\/ -->\n<title>REUNION DE CONCERTATION : des solutions... - Mairie d&#039;Assinie-Mairie<\/title>\n<meta name=\"robots\" content=\"index, follow, max-snippet:-1, max-image-preview:large, max-video-preview:-1\" \/>\n<link rel=\"canonical\" href=\"https:\/\/mairieassinie.com\/web\/reunion-de-concertation-des-solutions\/\" \/>\n<meta property=\"og:locale\" content=\"fr_FR\" \/>\n<meta property=\"og:type\" content=\"article\" \/>\n<meta property=\"og:title\" content=\"REUNION DE CONCERTATION : des solutions... - Mairie d&#039;Assinie-Mairie\" \/>\n<meta property=\"og:description\" content=\"Une r&eacute;union de concertation s&rsquo;est tenue ce mercredi 2 septembre 2026 &agrave; Assinie-Mafia, sous la pr&eacute;sidence du Premier Adjoint au Maire, en pr&eacute;sence de plusieurs partenaires, notamment l&rsquo;ANAGED, GI2E, PFO, ainsi que du Pr&eacute;sident des h&ocirc;teliers de la commune. La chefferie d&rsquo;Assouind&eacute; a &eacute;galement pris part aux &eacute;changes. Plusieurs pr&eacute;occupations majeures ont &eacute;t&eacute; abord&eacute;es, avec [&hellip;]\" \/>\n<meta property=\"og:url\" content=\"https:\/\/mairieassinie.com\/web\/reunion-de-concertation-des-solutions\/\" \/>\n<meta property=\"og:site_name\" content=\"Mairie d&#039;Assinie-Mairie\" \/>\n<meta property=\"article:publisher\" content=\"https:\/\/www.facebook.com\/mairieassinie.officiel\" \/>\n<meta property=\"article:published_time\" content=\"2026-09-03T16:13:50+00:00\" \/>\n<meta property=\"article:modified_time\" content=\"2026-09-03T16:13:52+00:00\" \/>\n<meta property=\"og:image\" content=\"https:\/\/mairieassinie.com\/web\/wp-content\/uploads\/2026\/09\/photo_15_2026-09-03_11-54-16.jpg\" \/>\n\t<meta property=\"og:image:width\" content=\"1280\" \/>\n\t<meta property=\"og:image:height\" content=\"721\" \/>\n\t<meta property=\"og:image:type\" content=\"image\/jpeg\" \/>\n<meta name=\"author\" content=\"Mairie d&#039;Assinie\" \/>\n<meta name=\"twitter:card\" content=\"summary_large_image\" \/>\n<meta name=\"twitter:label1\" content=\"\u00c9crit par\" \/>\n\t<meta name=\"twitter:data1\" content=\"Mairie d&#039;Assinie\" \/>\n\t<meta name=\"twitter:label2\" content=\"Dur\u00e9e de lecture estim\u00e9e\" \/>\n\t<meta name=\"twitter:data2\" content=\"5 minutes\" \/>\n<script type=\"application\/ld+json\" class=\"yoast-schema-graph\">{\"@context\":\"https:\/\/schema.org\",\"@graph\":[{\"@type\":\"Article\",\"@id\":\"https:\/\/mairieassinie.com\/web\/reunion-de-concertation-des-solutions\/#article\",\"isPartOf\":{\"@id\":\"https:\/\/mairieassinie.com\/web\/reunion-de-concertation-des-solutions\/\"},\"author\":{\"name\":\"Mairie d'Assinie\",\"@id\":\"https:\/\/mairieassinie.com\/web\/#\/schema\/person\/ec7ccc40765baa860f4f4018fc599539\"},\"headline\":\"REUNION DE CONCERTATION : des solutions&#8230;\",\"datePublished\":\"2026-09-03T16:13:50+00:00\",\"dateModified\":\"2026-09-03T16:13:52+00:00\",\"mainEntityOfPage\":{\"@id\":\"https:\/\/mairieassinie.com\/web\/reunion-de-concertation-des-solutions\/\"},\"wordCount\":283,\"publisher\":{\"@id\":\"https:\/\/mairieassinie.com\/web\/#organization\"},\"image\":{\"@id\":\"https:\/\/mairieassinie.com\/web\/reunion-de-concertation-des-solutions\/#primaryimage\"},\"thumbnailUrl\":\"https:\/\/mairieassinie.com\/web\/wp-content\/uploads\/2026\/09\/photo_15_2026-09-03_11-54-16.jpg\",\"articleSection\":[\"Activit\u00e9s\",\"Actualit\u00e9s\",\"Infos\"],\"inLanguage\":\"fr-FR\"},{\"@type\":\"WebPage\",\"@id\":\"https:\/\/mairieassinie.com\/web\/reunion-de-concertation-des-solutions\/\",\"url\":\"https:\/\/mairieassinie.com\/web\/reunion-de-concertation-des-solutions\/\",\"name\":\"REUNION DE CONCERTATION : des solutions... - Mairie d&#039;Assinie-Mairie\",\"isPartOf\":{\"@id\":\"https:\/\/mairieassinie.com\/web\/#website\"},\"primaryImageOfPage\":{\"@id\":\"https:\/\/mairieassinie.com\/web\/reunion-de-concertation-des-solutions\/#primaryimage\"},\"image\":{\"@id\":\"https:\/\/mairieassinie.com\/web\/reunion-de-concertation-des-solutions\/#primaryimage\"},\"thumbnailUrl\":\"https:\/\/mairieassinie.com\/web\/wp-content\/uploads\/2026\/09\/photo_15_2026-09-03_11-54-16.jpg\",\"datePublished\":\"2026-09-03T16:13:50+00:00\",\"dateModified\":\"2026-09-03T16:13:52+00:00\",\"breadcrumb\":{\"@id\":\"https:\/\/mairieassinie.com\/web\/reunion-de-concertation-des-solutions\/#breadcrumb\"},\"inLanguage\":\"fr-FR\",\"potentialAction\":[{\"@type\":\"ReadAction\",\"target\":[\"https:\/\/mairieassinie.com\/web\/reunion-de-concertation-des-solutions\/\"]}]},{\"@type\":\"ImageObject\",\"inLanguage\":\"fr-FR\",\"@id\":\"https:\/\/mairieassinie.com\/web\/reunion-de-concertation-des-solutions\/#primaryimage\",\"url\":\"https:\/\/mairieassinie.com\/web\/wp-content\/uploads\/2026\/09\/photo_15_2026-09-03_11-54-16.jpg\",\"contentUrl\":\"https:\/\/mairieassinie.com\/web\/wp-content\/uploads\/2026\/09\/photo_15_2026-09-03_11-54-16.jpg\",\"width\":1280,\"height\":721},{\"@type\":\"BreadcrumbList\",\"@id\":\"https:\/\/mairieassinie.com\/web\/reunion-de-concertation-des-solutions\/#breadcrumb\",\"itemListElement\":[{\"@type\":\"ListItem\",\"position\":1,\"name\":\"Accueil\",\"item\":\"https:\/\/mairieassinie.com\/web\/\"},{\"@type\":\"ListItem\",\"position\":2,\"name\":\"REUNION DE CONCERTATION : des solutions&#8230;\"}]},{\"@type\":\"WebSite\",\"@id\":\"https:\/\/mairieassinie.com\/web\/#website\",\"url\":\"https:\/\/mairieassinie.com\/web\/\",\"name\":\"Mairie d'Assinie\",\"description\":\"Une cit\u00e9 baln\u00e9aire exceptionnelle.\",\"publisher\":{\"@id\":\"https:\/\/mairieassinie.com\/web\/#organization\"},\"potentialAction\":[{\"@type\":\"SearchAction\",\"target\":{\"@type\":\"EntryPoint\",\"urlTemplate\":\"https:\/\/mairieassinie.com\/web\/?s={search_term_string}\"},\"query-input\":{\"@type\":\"PropertyValueSpecification\",\"valueRequired\":true,\"valueName\":\"search_term_string\"}}],\"inLanguage\":\"fr-FR\"},{\"@type\":\"Organization\",\"@id\":\"https:\/\/mairieassinie.com\/web\/#organization\",\"name\":\"Mairie d'Assinie\",\"url\":\"https:\/\/mairieassinie.com\/web\/\",\"logo\":{\"@type\":\"ImageObject\",\"inLanguage\":\"fr-FR\",\"@id\":\"https:\/\/mairieassinie.com\/web\/#\/schema\/logo\/image\/\",\"url\":\"https:\/\/mairieassinie.com\/web\/wp-content\/uploads\/2019\/07\/logo-mairie-site-web-new.png\",\"contentUrl\":\"https:\/\/mairieassinie.com\/web\/wp-content\/uploads\/2019\/07\/logo-mairie-site-web-new.png\",\"width\":612,\"height\":254,\"caption\":\"Mairie d'Assinie\"},\"image\":{\"@id\":\"https:\/\/mairieassinie.com\/web\/#\/schema\/logo\/image\/\"},\"sameAs\":[\"https:\/\/www.facebook.com\/mairieassinie.officiel\",\"https:\/\/www.instagram.com\/mairieassinie.officiel\"]},{\"@type\":\"Person\",\"@id\":\"https:\/\/mairieassinie.com\/web\/#\/schema\/person\/ec7ccc40765baa860f4f4018fc599539\",\"name\":\"Mairie d'Assinie\",\"image\":{\"@type\":\"ImageObject\",\"inLanguage\":\"fr-FR\",\"@id\":\"https:\/\/mairieassinie.com\/web\/#\/schema\/person\/image\/\",\"url\":\"https:\/\/secure.gravatar.com\/avatar\/fc7b38665fad664f31346ac2ed5c06693cf6558ef5a53cc39eb7aa16409fc1b7?s=96&d=mm&r=g\",\"contentUrl\":\"https:\/\/secure.gravatar.com\/avatar\/fc7b38665fad664f31346ac2ed5c06693cf6558ef5a53cc39eb7aa16409fc1b7?s=96&d=mm&r=g\",\"caption\":\"Mairie d'Assinie\"},\"url\":\"https:\/\/mairieassinie.com\/web\/author\/webmaster\/\"}]}<\/script>\n<!-- \/ Yoast SEO plugin. -->","yoast_head_json":{"title":"REUNION DE CONCERTATION : des solutions... - Mairie d&#039;Assinie-Mairie","robots":{"index":"index","follow":"follow","max-snippet":"max-snippet:-1","max-image-preview":"max-image-preview:large","max-video-preview":"max-video-preview:-1"},"canonical":"https:\/\/mairieassinie.com\/web\/reunion-de-concertation-des-solutions\/","og_locale":"fr_FR","og_type":"article","og_title":"REUNION DE CONCERTATION : des solutions... - Mairie d&#039;Assinie-Mairie","og_description":"Une r&eacute;union de concertation s&rsquo;est tenue ce mercredi 2 septembre 2026 &agrave; Assinie-Mafia, sous la pr&eacute;sidence du Premier Adjoint au Maire, en pr&eacute;sence de plusieurs partenaires, notamment l&rsquo;ANAGED, GI2E, PFO, ainsi que du Pr&eacute;sident des h&ocirc;teliers de la commune. La chefferie d&rsquo;Assouind&eacute; a &eacute;galement pris part aux &eacute;changes. Plusieurs pr&eacute;occupations majeures ont &eacute;t&eacute; abord&eacute;es, avec [&hellip;]","og_url":"https:\/\/mairieassinie.com\/web\/reunion-de-concertation-des-solutions\/","og_site_name":"Mairie d&#039;Assinie-Mairie","article_publisher":"https:\/\/www.facebook.com\/mairieassinie.officiel","article_published_time":"2026-09-03T16:13:50+00:00","article_modified_time":"2026-09-03T16:13:52+00:00","og_image":[{"width":1280,"height":721,"url":"https:\/\/mairieassinie.com\/web\/wp-content\/uploads\/2026\/09\/photo_15_2026-09-03_11-54-16.jpg","type":"image\/jpeg"}],"author":"Mairie d'Assinie","twitter_card":"summary_large_image","twitter_misc":{"\u00c9crit par":"Mairie d'Assinie","Dur\u00e9e de lecture estim\u00e9e":"5 minutes"},"schema":{"@context":"https:\/\/schema.org","@graph":[{"@type":"Article","@id":"https:\/\/mairieassinie.com\/web\/reunion-de-concertation-des-solutions\/#article","isPartOf":{"@id":"https:\/\/mairieassinie.com\/web\/reunion-de-concertation-des-solutions\/"},"author":{"name":"Mairie d'Assinie","@id":"https:\/\/mairieassinie.com\/web\/#\/schema\/person\/ec7ccc40765baa860f4f4018fc599539"},"headline":"REUNION DE CONCERTATION : des solutions&#8230;","datePublished":"2026-09-03T16:13:50+00:00","dateModified":"2026-09-03T16:13:52+00:00","mainEntityOfPage":{"@id":"https:\/\/mairieassinie.com\/web\/reunion-de-concertation-des-solutions\/"},"wordCount":283,"publisher":{"@id":"https:\/\/mairieassinie.com\/web\/#organization"},"image":{"@id":"https:\/\/mairieassinie.com\/web\/reunion-de-concertation-des-solutions\/#primaryimage"},"thumbnailUrl":"https:\/\/mairieassinie.com\/web\/wp-content\/uploads\/2026\/09\/photo_15_2026-09-03_11-54-16.jpg","articleSection":["Activit\u00e9s","Actualit\u00e9s","Infos"],"inLanguage":"fr-FR"},{"@type":"WebPage","@id":"https:\/\/mairieassinie.com\/web\/reunion-de-concertation-des-solutions\/","url":"https:\/\/mairieassinie.com\/web\/reunion-de-concertation-des-solutions\/","name":"REUNION DE CONCERTATION : des solutions... - Mairie d&#039;Assinie-Mairie","isPartOf":{"@id":"https:\/\/mairieassinie.com\/web\/#website"},"primaryImageOfPage":{"@id":"https:\/\/mairieassinie.com\/web\/reunion-de-concertation-des-solutions\/#primaryimage"},"image":{"@id":"https:\/\/mairieassinie.com\/web\/reunion-de-concertation-des-solutions\/#primaryimage"},"thumbnailUrl":"https:\/\/mairieassinie.com\/web\/wp-content\/uploads\/2026\/09\/photo_15_2026-09-03_11-54-16.jpg","datePublished":"2026-09-03T16:13:50+00:00","dateModified":"2026-09-03T16:13:52+00:00","breadcrumb":{"@id":"https:\/\/mairieassinie.com\/web\/reunion-de-concertation-des-solutions\/#breadcrumb"},"inLanguage":"fr-FR","potentialAction":[{"@type":"ReadAction","target":["https:\/\/mairieassinie.com\/web\/reunion-de-concertation-des-solutions\/"]}]},{"@type":"ImageObject","inLanguage":"fr-FR","@id":"https:\/\/mairieassinie.com\/web\/reunion-de-concertation-des-solutions\/#primaryimage","url":"https:\/\/mairieassinie.com\/web\/wp-content\/uploads\/2026\/09\/photo_15_2026-09-03_11-54-16.jpg","contentUrl":"https:\/\/mairieassinie.com\/web\/wp-content\/uploads\/2026\/09\/photo_15_2026-09-03_11-54-16.jpg","width":1280,"height":721},{"@type":"BreadcrumbList","@id":"https:\/\/mairieassinie.com\/web\/reunion-de-concertation-des-solutions\/#breadcrumb","itemListElement":[{"@type":"ListItem","position":1,"name":"Accueil","item":"https:\/\/mairieassinie.com\/web\/"},{"@type":"ListItem","position":2,"name":"REUNION DE CONCERTATION : des solutions&#8230;"}]},{"@type":"WebSite","@id":"https:\/\/mairieassinie.com\/web\/#website","url":"https:\/\/mairieassinie.com\/web\/","name":"Mairie d'Assinie","description":"Une cit\u00e9 baln\u00e9aire exceptionnelle.","publisher":{"@id":"https:\/\/mairieassinie.com\/web\/#organization"},"potentialAction":[{"@type":"SearchAction","target":{"@type":"EntryPoint","urlTemplate":"https:\/\/mairieassinie.com\/web\/?s={search_term_string}"},"query-input":{"@type":"PropertyValueSpecification","valueRequired":true,"valueName":"search_term_string"}}],"inLanguage":"fr-FR"},{"@type":"Organization","@id":"https:\/\/mairieassinie.com\/web\/#organization","name":"Mairie d'Assinie","url":"https:\/\/mairieassinie.com\/web\/","logo":{"@type":"ImageObject","inLanguage":"fr-FR","@id":"https:\/\/mairieassinie.com\/web\/#\/schema\/logo\/image\/","url":"https:\/\/mairieassinie.com\/web\/wp-content\/uploads\/2019\/07\/logo-mairie-site-web-new.png","contentUrl":"https:\/\/mairieassinie.com\/web\/wp-content\/uploads\/2019\/07\/logo-mairie-site-web-new.png","width":612,"height":254,"caption":"Mairie d'Assinie"},"image":{"@id":"https:\/\/mairieassinie.com\/web\/#\/schema\/logo\/image\/"},"sameAs":["https:\/\/www.facebook.com\/mairieassinie.officiel","https:\/\/www.instagram.com\/mairieassinie.officiel"]},{"@type":"Person","@id":"https:\/\/mairieassinie.com\/web\/#\/schema\/person\/ec7ccc40765baa860f4f4018fc599539","name":"Mairie d'Assinie","image":{"@type":"ImageObject","inLanguage":"fr-FR","@id":"https:\/\/mairieassinie.com\/web\/#\/schema\/person\/image\/","url":"https:\/\/secure.gravatar.com\/avatar\/fc7b38665fad664f31346ac2ed5c06693cf6558ef5a53cc39eb7aa16409fc1b7?s=96&d=mm&r=g","contentUrl":"https:\/\/secure.gravatar.com\/avatar\/fc7b38665fad664f31346ac2ed5c06693cf6558ef5a53cc39eb7aa16409fc1b7?s=96&d=mm&r=g","caption":"Mairie d'Assinie"},"url":"https:\/\/mairieassinie.com\/web\/author\/webmaster\/"}]}},"_links":{"self":[{"href":"https:\/\/mairieassinie.com\/web\/wp-json\/wp\/v2\/posts\/12013","targetHints":{"allow":["GET"]}}],"collection":[{"href":"https:\/\/mairieassinie.com\/web\/wp-json\/wp\/v2\/posts"}],"about":[{"href":"https:\/\/mairieassinie.com\/web\/wp-json\/wp\/v2\/types\/post"}],"author":[{"embeddable":true,"href":"https:\/\/mairieassinie.com\/web\/wp-json\/wp\/v2\/users\/2"}],"replies":[{"embeddable":true,"href":"https:\/\/mairieassinie.com\/web\/wp-json\/wp\/v2\/comments?post=12013"}],"version-history":[{"count":1,"href":"https:\/\/mairieassinie.com\/web\/wp-json\/wp\/v2\/posts\/12013\/revisions"}],"predecessor-version":[{"id":12027,"href":"https:\/\/mairieassinie.com\/web\/wp-json\/wp\/v2\/posts\/12013\/revisions\/12027"}],"wp:featuredmedia":[{"embeddable":true,"href":"https:\/\/mairieassinie.com\/web\/wp-json\/wp\/v2\/media\/12026"}],"wp:attachment":[{"href":"https:\/\/mairieassinie.com\/web\/wp-json\/wp\/v2\/media?parent=12013"}],"wp:term":[{"taxonomy":"category","embeddable":true,"href":"https:\/\/mairieassinie.com\/web\/wp-json\/wp\/v2\/categories?post=12013"},{"taxonomy":"post_tag","embeddable":true,"href":"https:\/\/mairieassinie.com\/web\/wp-json\/wp\/v2\/tags?post=12013"}],"curies":[{"name":"wp","href":"https:\/\/api.w.org\/{rel}","templated":true}]}}