{"id":8369,"date":"2023-11-22T15:52:02","date_gmt":"2023-11-22T14:52:02","guid":{"rendered":"https:\/\/mairieassinie.com\/web\/?p=8369"},"modified":"2024-01-09T21:23:04","modified_gmt":"2024-01-09T20:23:04","slug":"agenda-nettoyage-embellisement-assinie","status":"publish","type":"post","link":"https:\/\/mairieassinie.com\/web\/agenda-nettoyage-embellisement-assinie\/","title":{"rendered":"Agenda : Nettoyage et embellissement d&rsquo;Assinie"},"content":{"rendered":"\n<p>Dans le prolongement de son engagement soutenu en faveur du bien-\u00eatre communautaire, le Maire d&rsquo;Assinie a r\u00e9cemment embelli le pont d&rsquo;Assinie-Mafia. Afin de renforcer cet \u00e9lan positif, il a d\u00e9cid\u00e9 de collaborer avec l&rsquo;ANAGED (Agence Nationale de Gestion des D\u00e9chets) pour initier une op\u00e9ration de nettoyage et d&#8217;embellissement au sein de la commune.<\/p>\n\n\n\n<!--more-->\n\n\n\n<p>C&rsquo;est ainsi que, par l&rsquo;interm\u00e9diaire de son 2e Adjoint au Maire, Monsieur Assanvo Jean-Marc, et avec la participation active d&rsquo;un de ses conseillers, Kouassi Maxwell, la Mairie a uni ses forces \u00e0 celles de l&rsquo;ANAGED pour entreprendre une op\u00e9ration de nettoyage et d&#8217;embellissement des abords d&rsquo;Assouind\u00e9 Terminal. Cette initiative marque le d\u00e9but d&rsquo;une s\u00e9rie d&rsquo;actions similaires, soulignant l&rsquo;importance d&rsquo;une d\u00e9marche collective dans la pr\u00e9servation et l&rsquo;am\u00e9lioration de notre cadre de vie. <\/p>\n\n\n\n<p>Cette collaboration t\u00e9moigne ainsi de l&rsquo;engagement fort envers la communaut\u00e9 et souligne l&rsquo;imp\u00e9ratif de maintenir et d&rsquo;am\u00e9liorer notre environnement commun.<\/p>\n\n\n\n<p>Service de Communication<br><\/p>\n\n\n\n<figure class=\"wp-block-gallery has-nested-images columns-default is-cropped wp-block-gallery-1 is-layout-flex wp-block-gallery-is-layout-flex\">\n<figure class=\"wp-block-image size-large\"><a href=\"https:\/\/mairieassinie.com\/web\/wp-content\/uploads\/2023\/11\/mairie-assouinde-terminal-1.png\"><img fetchpriority=\"high\" decoding=\"async\" width=\"1024\" height=\"683\" data-id=\"8371\" src=\"https:\/\/mairieassinie.com\/web\/wp-content\/uploads\/2023\/11\/mairie-assouinde-terminal-1-1024x683.png\" alt=\"\" class=\"wp-image-8371\" srcset=\"https:\/\/mairieassinie.com\/web\/wp-content\/uploads\/2023\/11\/mairie-assouinde-terminal-1-1024x683.png 1024w, https:\/\/mairieassinie.com\/web\/wp-content\/uploads\/2023\/11\/mairie-assouinde-terminal-1-300x200.png 300w, https:\/\/mairieassinie.com\/web\/wp-content\/uploads\/2023\/11\/mairie-assouinde-terminal-1-768x512.png 768w, https:\/\/mairieassinie.com\/web\/wp-content\/uploads\/2023\/11\/mairie-assouinde-terminal-1-342x228.png 342w, https:\/\/mairieassinie.com\/web\/wp-content\/uploads\/2023\/11\/mairie-assouinde-terminal-1-600x400.png 600w, https:\/\/mairieassinie.com\/web\/wp-content\/uploads\/2023\/11\/mairie-assouinde-terminal-1.png 1080w\" sizes=\"(max-width: 1024px) 100vw, 1024px\" \/><\/a><\/figure>\n\n\n\n<figure class=\"wp-block-image size-large\"><a href=\"https:\/\/mairieassinie.com\/web\/wp-content\/uploads\/2023\/11\/mairie-assouinde-terminal-1-1.png\"><img decoding=\"async\" width=\"1024\" height=\"683\" data-id=\"8373\" src=\"https:\/\/mairieassinie.com\/web\/wp-content\/uploads\/2023\/11\/mairie-assouinde-terminal-1-1-1024x683.png\" alt=\"\" class=\"wp-image-8373\" srcset=\"https:\/\/mairieassinie.com\/web\/wp-content\/uploads\/2023\/11\/mairie-assouinde-terminal-1-1-1024x683.png 1024w, https:\/\/mairieassinie.com\/web\/wp-content\/uploads\/2023\/11\/mairie-assouinde-terminal-1-1-300x200.png 300w, https:\/\/mairieassinie.com\/web\/wp-content\/uploads\/2023\/11\/mairie-assouinde-terminal-1-1-768x512.png 768w, https:\/\/mairieassinie.com\/web\/wp-content\/uploads\/2023\/11\/mairie-assouinde-terminal-1-1-342x228.png 342w, https:\/\/mairieassinie.com\/web\/wp-content\/uploads\/2023\/11\/mairie-assouinde-terminal-1-1-600x400.png 600w, https:\/\/mairieassinie.com\/web\/wp-content\/uploads\/2023\/11\/mairie-assouinde-terminal-1-1.png 1080w\" sizes=\"(max-width: 1024px) 100vw, 1024px\" \/><\/a><\/figure>\n\n\n\n<figure class=\"wp-block-image size-large\"><a href=\"https:\/\/mairieassinie.com\/web\/wp-content\/uploads\/2023\/11\/mairie-assouinde-terminal-2.png\"><img decoding=\"async\" width=\"1024\" height=\"683\" data-id=\"8374\" src=\"https:\/\/mairieassinie.com\/web\/wp-content\/uploads\/2023\/11\/mairie-assouinde-terminal-2-1024x683.png\" alt=\"\" class=\"wp-image-8374\" srcset=\"https:\/\/mairieassinie.com\/web\/wp-content\/uploads\/2023\/11\/mairie-assouinde-terminal-2-1024x683.png 1024w, https:\/\/mairieassinie.com\/web\/wp-content\/uploads\/2023\/11\/mairie-assouinde-terminal-2-300x200.png 300w, https:\/\/mairieassinie.com\/web\/wp-content\/uploads\/2023\/11\/mairie-assouinde-terminal-2-768x512.png 768w, https:\/\/mairieassinie.com\/web\/wp-content\/uploads\/2023\/11\/mairie-assouinde-terminal-2-342x228.png 342w, https:\/\/mairieassinie.com\/web\/wp-content\/uploads\/2023\/11\/mairie-assouinde-terminal-2-600x400.png 600w, https:\/\/mairieassinie.com\/web\/wp-content\/uploads\/2023\/11\/mairie-assouinde-terminal-2.png 1080w\" sizes=\"(max-width: 1024px) 100vw, 1024px\" \/><\/a><\/figure>\n\n\n\n<figure class=\"wp-block-image size-large\"><a href=\"https:\/\/mairieassinie.com\/web\/wp-content\/uploads\/2023\/11\/mairie-assouinde-terminal-3.png\"><img loading=\"lazy\" decoding=\"async\" width=\"1024\" height=\"683\" data-id=\"8372\" src=\"https:\/\/mairieassinie.com\/web\/wp-content\/uploads\/2023\/11\/mairie-assouinde-terminal-3-1024x683.png\" alt=\"\" class=\"wp-image-8372\" srcset=\"https:\/\/mairieassinie.com\/web\/wp-content\/uploads\/2023\/11\/mairie-assouinde-terminal-3-1024x683.png 1024w, https:\/\/mairieassinie.com\/web\/wp-content\/uploads\/2023\/11\/mairie-assouinde-terminal-3-300x200.png 300w, https:\/\/mairieassinie.com\/web\/wp-content\/uploads\/2023\/11\/mairie-assouinde-terminal-3-768x512.png 768w, https:\/\/mairieassinie.com\/web\/wp-content\/uploads\/2023\/11\/mairie-assouinde-terminal-3-342x228.png 342w, https:\/\/mairieassinie.com\/web\/wp-content\/uploads\/2023\/11\/mairie-assouinde-terminal-3-600x400.png 600w, https:\/\/mairieassinie.com\/web\/wp-content\/uploads\/2023\/11\/mairie-assouinde-terminal-3.png 1080w\" sizes=\"(max-width: 1024px) 100vw, 1024px\" \/><\/a><\/figure>\n\n\n\n<figure class=\"wp-block-image size-large\"><a href=\"https:\/\/mairieassinie.com\/web\/wp-content\/uploads\/2023\/11\/mairie-assouinde-terminal-4.png\"><img loading=\"lazy\" decoding=\"async\" width=\"1024\" height=\"683\" data-id=\"8375\" src=\"https:\/\/mairieassinie.com\/web\/wp-content\/uploads\/2023\/11\/mairie-assouinde-terminal-4-1024x683.png\" alt=\"\" class=\"wp-image-8375\" srcset=\"https:\/\/mairieassinie.com\/web\/wp-content\/uploads\/2023\/11\/mairie-assouinde-terminal-4-1024x683.png 1024w, https:\/\/mairieassinie.com\/web\/wp-content\/uploads\/2023\/11\/mairie-assouinde-terminal-4-300x200.png 300w, https:\/\/mairieassinie.com\/web\/wp-content\/uploads\/2023\/11\/mairie-assouinde-terminal-4-768x512.png 768w, https:\/\/mairieassinie.com\/web\/wp-content\/uploads\/2023\/11\/mairie-assouinde-terminal-4-342x228.png 342w, https:\/\/mairieassinie.com\/web\/wp-content\/uploads\/2023\/11\/mairie-assouinde-terminal-4-600x400.png 600w, https:\/\/mairieassinie.com\/web\/wp-content\/uploads\/2023\/11\/mairie-assouinde-terminal-4.png 1080w\" sizes=\"(max-width: 1024px) 100vw, 1024px\" \/><\/a><\/figure>\n<\/figure>\n\n\n\n<figure class=\"wp-block-gallery has-nested-images columns-default is-cropped wp-block-gallery-2 is-layout-flex wp-block-gallery-is-layout-flex\">\n<figure class=\"wp-block-image size-large\"><a href=\"https:\/\/mairieassinie.com\/web\/wp-content\/uploads\/2023\/11\/pont-assinie-1-1.jpeg\"><img loading=\"lazy\" decoding=\"async\" width=\"1024\" height=\"461\" data-id=\"8379\" src=\"https:\/\/mairieassinie.com\/web\/wp-content\/uploads\/2023\/11\/pont-assinie-1-1-1024x461.jpeg\" alt=\"\" class=\"wp-image-8379\" srcset=\"https:\/\/mairieassinie.com\/web\/wp-content\/uploads\/2023\/11\/pont-assinie-1-1-1024x461.jpeg 1024w, https:\/\/mairieassinie.com\/web\/wp-content\/uploads\/2023\/11\/pont-assinie-1-1-300x135.jpeg 300w, https:\/\/mairieassinie.com\/web\/wp-content\/uploads\/2023\/11\/pont-assinie-1-1-768x346.jpeg 768w, https:\/\/mairieassinie.com\/web\/wp-content\/uploads\/2023\/11\/pont-assinie-1-1-507x228.jpeg 507w, https:\/\/mairieassinie.com\/web\/wp-content\/uploads\/2023\/11\/pont-assinie-1-1-600x270.jpeg 600w, https:\/\/mairieassinie.com\/web\/wp-content\/uploads\/2023\/11\/pont-assinie-1-1.jpeg 1080w\" sizes=\"(max-width: 1024px) 100vw, 1024px\" \/><\/a><\/figure>\n\n\n\n<figure class=\"wp-block-image size-large\"><a href=\"https:\/\/mairieassinie.com\/web\/wp-content\/uploads\/2023\/11\/pont-assinie.jpeg\"><img loading=\"lazy\" decoding=\"async\" width=\"1024\" height=\"461\" data-id=\"8380\" src=\"https:\/\/mairieassinie.com\/web\/wp-content\/uploads\/2023\/11\/pont-assinie-1024x461.jpeg\" alt=\"\" class=\"wp-image-8380\" srcset=\"https:\/\/mairieassinie.com\/web\/wp-content\/uploads\/2023\/11\/pont-assinie-1024x461.jpeg 1024w, https:\/\/mairieassinie.com\/web\/wp-content\/uploads\/2023\/11\/pont-assinie-300x135.jpeg 300w, https:\/\/mairieassinie.com\/web\/wp-content\/uploads\/2023\/11\/pont-assinie-768x346.jpeg 768w, https:\/\/mairieassinie.com\/web\/wp-content\/uploads\/2023\/11\/pont-assinie-507x228.jpeg 507w, https:\/\/mairieassinie.com\/web\/wp-content\/uploads\/2023\/11\/pont-assinie-600x270.jpeg 600w, https:\/\/mairieassinie.com\/web\/wp-content\/uploads\/2023\/11\/pont-assinie.jpeg 1080w\" sizes=\"(max-width: 1024px) 100vw, 1024px\" \/><\/a><\/figure>\n<\/figure>\n\n    <div class=\"xs_social_share_widget xs_share_url after_content \t\tmain_content  wslu-style-1 wslu-share-box-shaped wslu-fill-colored wslu-none wslu-share-horizontal wslu-theme-font-no wslu-main_content\">\n\n\t\t\n        <ul>\n\t\t\t        <\/ul>\n    <\/div> \n","protected":false},"excerpt":{"rendered":"<p>Dans le prolongement de son engagement soutenu en faveur du bien-&ecirc;tre communautaire, le Maire d&rsquo;Assinie a r&eacute;cemment embelli le pont d&rsquo;Assinie-Mafia. Afin de renforcer cet &eacute;lan positif, il a d&eacute;cid&eacute; de collaborer avec l&rsquo;ANAGED (Agence Nationale de Gestion des D&eacute;chets) pour initier une op&eacute;ration de nettoyage et d&rsquo;embellissement au sein de la commune.<\/p>\n","protected":false},"author":1,"featured_media":8375,"comment_status":"closed","ping_status":"closed","sticky":false,"template":"","format":"standard","meta":{"footnotes":""},"categories":[3,125],"tags":[],"class_list":["post-8369","post","type-post","status-publish","format-standard","has-post-thumbnail","hentry","category-actualite","category-municipalite"],"yoast_head":"<!-- This site is optimized with the Yoast SEO plugin v25.9 - https:\/\/yoast.com\/wordpress\/plugins\/seo\/ -->\n<title>Agenda : Nettoyage et embellissement d&#039;Assinie - Mairie d&#039;Assinie-Mairie<\/title>\n<meta name=\"description\" content=\"Agenda : Nettoyage et embellissement d&#039;Assinie %La ville d&#039;Assinie est en plein essor, et la visite du maire au chantier du rond...\" \/>\n<meta name=\"robots\" content=\"index, follow, max-snippet:-1, max-image-preview:large, max-video-preview:-1\" \/>\n<link rel=\"canonical\" href=\"https:\/\/mairieassinie.com\/web\/agenda-nettoyage-embellisement-assinie\/\" \/>\n<meta property=\"og:locale\" content=\"fr_FR\" \/>\n<meta property=\"og:type\" content=\"article\" \/>\n<meta property=\"og:title\" content=\"Mairie d&#039;Assinie-Mairie - Agenda : Nettoyage et embellissement d&#039;Assinie\" \/>\n<meta property=\"og:description\" content=\"Dans le prolongement de son engagement soutenu en faveur du bien-\u00eatre communautaire, le Maire d&#039;Assinie a r\u00e9cemment embelli le pont d&#039;Assinie-Mafia. Afin de renforcer cet \u00e9lan positif, il a d\u00e9cid\u00e9 de collaborer avec l&#039;ANAGED (Agence Nationale de Gestion des D\u00e9chets) pour initier une op\u00e9ration de nettoyage et d&#039;embellissement au sein de la commune.\" \/>\n<meta property=\"og:url\" content=\"https:\/\/mairieassinie.com\/web\/agenda-nettoyage-embellisement-assinie\/\" \/>\n<meta property=\"og:site_name\" content=\"Mairie d&#039;Assinie-Mairie\" \/>\n<meta property=\"article:publisher\" content=\"https:\/\/www.facebook.com\/mairieassinie.officiel\" \/>\n<meta property=\"article:published_time\" content=\"2023-11-22T14:52:02+00:00\" \/>\n<meta property=\"article:modified_time\" content=\"2024-01-09T20:23:04+00:00\" \/>\n<meta property=\"og:image\" content=\"https:\/\/mairieassinie.com\/web\/wp-content\/uploads\/2023\/11\/mairie-assouinde-terminal-4.png\" \/>\n\t<meta property=\"og:image:width\" content=\"1080\" \/>\n\t<meta property=\"og:image:height\" content=\"720\" \/>\n\t<meta property=\"og:image:type\" content=\"image\/png\" \/>\n<meta name=\"author\" content=\"Mairie d&#039;Assinie\" \/>\n<meta name=\"twitter:card\" content=\"summary_large_image\" \/>\n<meta name=\"twitter:title\" content=\"Mairie d&#039;Assinie-Mairie - Agenda : Nettoyage et embellissement d&#039;Assinie\" \/>\n<meta name=\"twitter:description\" content=\"Dans le prolongement de son engagement soutenu en faveur du bien-\u00eatre communautaire, le Maire d&#039;Assinie a r\u00e9cemment embelli le pont d&#039;Assinie-Mafia. Afin de renforcer cet \u00e9lan positif, il a d\u00e9cid\u00e9 de collaborer avec l&#039;ANAGED (Agence Nationale de Gestion des D\u00e9chets) pour initier une op\u00e9ration de nettoyage et d&#039;embellissement au sein de la commune.\" \/>\n<meta name=\"twitter:image\" content=\"https:\/\/mairieassinie.com\/web\/wp-content\/uploads\/2023\/11\/mairie-assouinde-terminal-4.png\" \/>\n<meta name=\"twitter:label1\" content=\"\u00c9crit par\" \/>\n\t<meta name=\"twitter:data1\" content=\"Mairie d&#039;Assinie\" \/>\n\t<meta name=\"twitter:label2\" content=\"Dur\u00e9e de lecture estim\u00e9e\" \/>\n\t<meta name=\"twitter:data2\" content=\"3 minutes\" \/>\n<script type=\"application\/ld+json\" class=\"yoast-schema-graph\">{\"@context\":\"https:\/\/schema.org\",\"@graph\":[{\"@type\":\"WebPage\",\"@id\":\"https:\/\/mairieassinie.com\/web\/agenda-nettoyage-embellisement-assinie\/\",\"url\":\"https:\/\/mairieassinie.com\/web\/agenda-nettoyage-embellisement-assinie\/\",\"name\":\"Agenda : Nettoyage et embellissement d'Assinie - Mairie d&#039;Assinie-Mairie\",\"isPartOf\":{\"@id\":\"https:\/\/mairieassinie.com\/web\/#website\"},\"primaryImageOfPage\":{\"@id\":\"https:\/\/mairieassinie.com\/web\/agenda-nettoyage-embellisement-assinie\/#primaryimage\"},\"image\":{\"@id\":\"https:\/\/mairieassinie.com\/web\/agenda-nettoyage-embellisement-assinie\/#primaryimage\"},\"thumbnailUrl\":\"https:\/\/mairieassinie.com\/web\/wp-content\/uploads\/2023\/11\/mairie-assouinde-terminal-4.png\",\"datePublished\":\"2023-11-22T14:52:02+00:00\",\"dateModified\":\"2024-01-09T20:23:04+00:00\",\"author\":{\"@id\":\"https:\/\/mairieassinie.com\/web\/#\/schema\/person\/0ecd83b8a4e17bffe24658c727a93bff\"},\"description\":\"Agenda : Nettoyage et embellissement d'Assinie %La ville d'Assinie est en plein essor, et la visite du maire au chantier du rond...\",\"breadcrumb\":{\"@id\":\"https:\/\/mairieassinie.com\/web\/agenda-nettoyage-embellisement-assinie\/#breadcrumb\"},\"inLanguage\":\"fr-FR\",\"potentialAction\":[{\"@type\":\"ReadAction\",\"target\":[\"https:\/\/mairieassinie.com\/web\/agenda-nettoyage-embellisement-assinie\/\"]}]},{\"@type\":\"ImageObject\",\"inLanguage\":\"fr-FR\",\"@id\":\"https:\/\/mairieassinie.com\/web\/agenda-nettoyage-embellisement-assinie\/#primaryimage\",\"url\":\"https:\/\/mairieassinie.com\/web\/wp-content\/uploads\/2023\/11\/mairie-assouinde-terminal-4.png\",\"contentUrl\":\"https:\/\/mairieassinie.com\/web\/wp-content\/uploads\/2023\/11\/mairie-assouinde-terminal-4.png\",\"width\":1080,\"height\":720},{\"@type\":\"BreadcrumbList\",\"@id\":\"https:\/\/mairieassinie.com\/web\/agenda-nettoyage-embellisement-assinie\/#breadcrumb\",\"itemListElement\":[{\"@type\":\"ListItem\",\"position\":1,\"name\":\"Accueil\",\"item\":\"https:\/\/mairieassinie.com\/web\/\"},{\"@type\":\"ListItem\",\"position\":2,\"name\":\"Agenda : Nettoyage et embellissement d&rsquo;Assinie\"}]},{\"@type\":\"WebSite\",\"@id\":\"https:\/\/mairieassinie.com\/web\/#website\",\"url\":\"https:\/\/mairieassinie.com\/web\/\",\"name\":\"Mairie d'Assinie\",\"description\":\"Une cit\u00e9 baln\u00e9aire exceptionnelle.\",\"potentialAction\":[{\"@type\":\"SearchAction\",\"target\":{\"@type\":\"EntryPoint\",\"urlTemplate\":\"https:\/\/mairieassinie.com\/web\/?s={search_term_string}\"},\"query-input\":{\"@type\":\"PropertyValueSpecification\",\"valueRequired\":true,\"valueName\":\"search_term_string\"}}],\"inLanguage\":\"fr-FR\"},{\"@type\":\"Person\",\"@id\":\"https:\/\/mairieassinie.com\/web\/#\/schema\/person\/0ecd83b8a4e17bffe24658c727a93bff\",\"name\":\"Mairie d'Assinie\",\"image\":{\"@type\":\"ImageObject\",\"inLanguage\":\"fr-FR\",\"@id\":\"https:\/\/mairieassinie.com\/web\/#\/schema\/person\/image\/\",\"url\":\"https:\/\/secure.gravatar.com\/avatar\/1ff5562aa9a808145ec52b36c6c64a4ef0b47ed2ebe0987837fe8ae4577b34c6?s=96&d=mm&r=g\",\"contentUrl\":\"https:\/\/secure.gravatar.com\/avatar\/1ff5562aa9a808145ec52b36c6c64a4ef0b47ed2ebe0987837fe8ae4577b34c6?s=96&d=mm&r=g\",\"caption\":\"Mairie d'Assinie\"},\"url\":\"https:\/\/mairieassinie.com\/web\/author\/mairieassinie\/\"}]}<\/script>\n<!-- \/ Yoast SEO plugin. -->","yoast_head_json":{"title":"Agenda : Nettoyage et embellissement d'Assinie - Mairie d&#039;Assinie-Mairie","description":"Agenda : Nettoyage et embellissement d'Assinie %La ville d'Assinie est en plein essor, et la visite du maire au chantier du rond...","robots":{"index":"index","follow":"follow","max-snippet":"max-snippet:-1","max-image-preview":"max-image-preview:large","max-video-preview":"max-video-preview:-1"},"canonical":"https:\/\/mairieassinie.com\/web\/agenda-nettoyage-embellisement-assinie\/","og_locale":"fr_FR","og_type":"article","og_title":"Mairie d&#039;Assinie-Mairie - Agenda : Nettoyage et embellissement d'Assinie","og_description":"Dans le prolongement de son engagement soutenu en faveur du bien-\u00eatre communautaire, le Maire d'Assinie a r\u00e9cemment embelli le pont d'Assinie-Mafia. Afin de renforcer cet \u00e9lan positif, il a d\u00e9cid\u00e9 de collaborer avec l'ANAGED (Agence Nationale de Gestion des D\u00e9chets) pour initier une op\u00e9ration de nettoyage et d'embellissement au sein de la commune.","og_url":"https:\/\/mairieassinie.com\/web\/agenda-nettoyage-embellisement-assinie\/","og_site_name":"Mairie d&#039;Assinie-Mairie","article_publisher":"https:\/\/www.facebook.com\/mairieassinie.officiel","article_published_time":"2023-11-22T14:52:02+00:00","article_modified_time":"2024-01-09T20:23:04+00:00","og_image":[{"width":1080,"height":720,"url":"https:\/\/mairieassinie.com\/web\/wp-content\/uploads\/2023\/11\/mairie-assouinde-terminal-4.png","type":"image\/png"}],"author":"Mairie d'Assinie","twitter_card":"summary_large_image","twitter_title":"Mairie d&#039;Assinie-Mairie - Agenda : Nettoyage et embellissement d'Assinie","twitter_description":"Dans le prolongement de son engagement soutenu en faveur du bien-\u00eatre communautaire, le Maire d'Assinie a r\u00e9cemment embelli le pont d'Assinie-Mafia. Afin de renforcer cet \u00e9lan positif, il a d\u00e9cid\u00e9 de collaborer avec l'ANAGED (Agence Nationale de Gestion des D\u00e9chets) pour initier une op\u00e9ration de nettoyage et d'embellissement au sein de la commune.","twitter_image":"https:\/\/mairieassinie.com\/web\/wp-content\/uploads\/2023\/11\/mairie-assouinde-terminal-4.png","twitter_misc":{"\u00c9crit par":"Mairie d'Assinie","Dur\u00e9e de lecture estim\u00e9e":"3 minutes"},"schema":{"@context":"https:\/\/schema.org","@graph":[{"@type":"WebPage","@id":"https:\/\/mairieassinie.com\/web\/agenda-nettoyage-embellisement-assinie\/","url":"https:\/\/mairieassinie.com\/web\/agenda-nettoyage-embellisement-assinie\/","name":"Agenda : Nettoyage et embellissement d'Assinie - Mairie d&#039;Assinie-Mairie","isPartOf":{"@id":"https:\/\/mairieassinie.com\/web\/#website"},"primaryImageOfPage":{"@id":"https:\/\/mairieassinie.com\/web\/agenda-nettoyage-embellisement-assinie\/#primaryimage"},"image":{"@id":"https:\/\/mairieassinie.com\/web\/agenda-nettoyage-embellisement-assinie\/#primaryimage"},"thumbnailUrl":"https:\/\/mairieassinie.com\/web\/wp-content\/uploads\/2023\/11\/mairie-assouinde-terminal-4.png","datePublished":"2023-11-22T14:52:02+00:00","dateModified":"2024-01-09T20:23:04+00:00","author":{"@id":"https:\/\/mairieassinie.com\/web\/#\/schema\/person\/0ecd83b8a4e17bffe24658c727a93bff"},"description":"Agenda : Nettoyage et embellissement d'Assinie %La ville d'Assinie est en plein essor, et la visite du maire au chantier du rond...","breadcrumb":{"@id":"https:\/\/mairieassinie.com\/web\/agenda-nettoyage-embellisement-assinie\/#breadcrumb"},"inLanguage":"fr-FR","potentialAction":[{"@type":"ReadAction","target":["https:\/\/mairieassinie.com\/web\/agenda-nettoyage-embellisement-assinie\/"]}]},{"@type":"ImageObject","inLanguage":"fr-FR","@id":"https:\/\/mairieassinie.com\/web\/agenda-nettoyage-embellisement-assinie\/#primaryimage","url":"https:\/\/mairieassinie.com\/web\/wp-content\/uploads\/2023\/11\/mairie-assouinde-terminal-4.png","contentUrl":"https:\/\/mairieassinie.com\/web\/wp-content\/uploads\/2023\/11\/mairie-assouinde-terminal-4.png","width":1080,"height":720},{"@type":"BreadcrumbList","@id":"https:\/\/mairieassinie.com\/web\/agenda-nettoyage-embellisement-assinie\/#breadcrumb","itemListElement":[{"@type":"ListItem","position":1,"name":"Accueil","item":"https:\/\/mairieassinie.com\/web\/"},{"@type":"ListItem","position":2,"name":"Agenda : Nettoyage et embellissement d&rsquo;Assinie"}]},{"@type":"WebSite","@id":"https:\/\/mairieassinie.com\/web\/#website","url":"https:\/\/mairieassinie.com\/web\/","name":"Mairie d'Assinie","description":"Une cit\u00e9 baln\u00e9aire exceptionnelle.","potentialAction":[{"@type":"SearchAction","target":{"@type":"EntryPoint","urlTemplate":"https:\/\/mairieassinie.com\/web\/?s={search_term_string}"},"query-input":{"@type":"PropertyValueSpecification","valueRequired":true,"valueName":"search_term_string"}}],"inLanguage":"fr-FR"},{"@type":"Person","@id":"https:\/\/mairieassinie.com\/web\/#\/schema\/person\/0ecd83b8a4e17bffe24658c727a93bff","name":"Mairie d'Assinie","image":{"@type":"ImageObject","inLanguage":"fr-FR","@id":"https:\/\/mairieassinie.com\/web\/#\/schema\/person\/image\/","url":"https:\/\/secure.gravatar.com\/avatar\/1ff5562aa9a808145ec52b36c6c64a4ef0b47ed2ebe0987837fe8ae4577b34c6?s=96&d=mm&r=g","contentUrl":"https:\/\/secure.gravatar.com\/avatar\/1ff5562aa9a808145ec52b36c6c64a4ef0b47ed2ebe0987837fe8ae4577b34c6?s=96&d=mm&r=g","caption":"Mairie d'Assinie"},"url":"https:\/\/mairieassinie.com\/web\/author\/mairieassinie\/"}]}},"_links":{"self":[{"href":"https:\/\/mairieassinie.com\/web\/wp-json\/wp\/v2\/posts\/8369","targetHints":{"allow":["GET"]}}],"collection":[{"href":"https:\/\/mairieassinie.com\/web\/wp-json\/wp\/v2\/posts"}],"about":[{"href":"https:\/\/mairieassinie.com\/web\/wp-json\/wp\/v2\/types\/post"}],"author":[{"embeddable":true,"href":"https:\/\/mairieassinie.com\/web\/wp-json\/wp\/v2\/users\/1"}],"replies":[{"embeddable":true,"href":"https:\/\/mairieassinie.com\/web\/wp-json\/wp\/v2\/comments?post=8369"}],"version-history":[{"count":7,"href":"https:\/\/mairieassinie.com\/web\/wp-json\/wp\/v2\/posts\/8369\/revisions"}],"predecessor-version":[{"id":8667,"href":"https:\/\/mairieassinie.com\/web\/wp-json\/wp\/v2\/posts\/8369\/revisions\/8667"}],"wp:featuredmedia":[{"embeddable":true,"href":"https:\/\/mairieassinie.com\/web\/wp-json\/wp\/v2\/media\/8375"}],"wp:attachment":[{"href":"https:\/\/mairieassinie.com\/web\/wp-json\/wp\/v2\/media?parent=8369"}],"wp:term":[{"taxonomy":"category","embeddable":true,"href":"https:\/\/mairieassinie.com\/web\/wp-json\/wp\/v2\/categories?post=8369"},{"taxonomy":"post_tag","embeddable":true,"href":"https:\/\/mairieassinie.com\/web\/wp-json\/wp\/v2\/tags?post=8369"}],"curies":[{"name":"wp","href":"https:\/\/api.w.org\/{rel}","templated":true}]}}