{"id":8524,"date":"2023-12-12T13:34:00","date_gmt":"2023-12-12T12:34:00","guid":{"rendered":"https:\/\/mairieassinie.com\/web\/?p=8524"},"modified":"2023-12-16T09:49:39","modified_gmt":"2023-12-16T08:49:39","slug":"agenda-rencontre-entre-la-premiere-dame-et-monsieur-le-maire","status":"publish","type":"post","link":"https:\/\/mairieassinie.com\/web\/agenda-rencontre-entre-la-premiere-dame-et-monsieur-le-maire\/","title":{"rendered":"Rencontre entre la Premi\u00e8re Dame et Monsieur le maire."},"content":{"rendered":"\n<p>Le mardi 12 d\u00e9cembre 2023, Madame Dominique Ouattara, la Premi\u00e8re Dame de la C\u00f4te d\u2019Ivoire, a accord\u00e9 une audience \u00e0 M. Pierre Ren\u00e9 Magne, fra\u00eechement \u00e9lu maire de la commune d\u2019Assinie. Cette rencontre, qui s\u2019est d\u00e9roul\u00e9e dans le cadre chaleureux de son Cabinet, a \u00e9t\u00e9 l\u2019occasion pour le nouveau maire de remercier la Premi\u00e8re Dame pour son soutien pr\u00e9cieux tout au long de la campagne \u00e9lectorale.<\/p>\n\n\n\n<hr class=\"wp-block-separator has-alpha-channel-opacity\"\/>\n\n\n\n<p>Au cours de cette audience, le nouveau maire n\u2019a pas seulement exprim\u00e9 sa gratitude, mais a \u00e9galement partag\u00e9 avec la Premi\u00e8re Dame son ambitieux projet de d\u00e9veloppement pour la commune d\u2019Assinie. Conscient des d\u00e9fis et des opportunit\u00e9s qui se pr\u00e9sentent \u00e0 lui, M. Pierre Ren\u00e9 Magne a expos\u00e9 sa vision pour l\u2019avenir de cette localit\u00e9, mettant en avant des initiatives visant \u00e0 am\u00e9liorer la vie quotidienne des citoyens et \u00e0 favoriser le progr\u00e8s \u00e9conomique et social.<\/p>\n\n\n\n<p>Cette rencontre entre la Premi\u00e8re Dame et le maire d\u2019Assinie souligne l\u2019engagement de la Premi\u00e8re Dame envers le d\u00e9veloppement des communaut\u00e9s locales et son r\u00f4le actif dans l\u2019encouragement des projets qui contribuent au progr\u00e8s de la nation..<\/p>\n\n\n\n<p>Service de Communication<br><\/p>\n\n\n\n<figure class=\"wp-block-image size-large\"><a href=\"https:\/\/mairieassinie.com\/web\/wp-content\/uploads\/2023\/12\/PD_PM.jpg\"><img fetchpriority=\"high\" decoding=\"async\" width=\"1024\" height=\"683\" src=\"https:\/\/mairieassinie.com\/web\/wp-content\/uploads\/2023\/12\/PD_PM-1024x683.jpg\" alt=\"\" class=\"wp-image-8526\" srcset=\"https:\/\/mairieassinie.com\/web\/wp-content\/uploads\/2023\/12\/PD_PM-1024x683.jpg 1024w, https:\/\/mairieassinie.com\/web\/wp-content\/uploads\/2023\/12\/PD_PM-300x200.jpg 300w, https:\/\/mairieassinie.com\/web\/wp-content\/uploads\/2023\/12\/PD_PM-768x512.jpg 768w, https:\/\/mairieassinie.com\/web\/wp-content\/uploads\/2023\/12\/PD_PM-342x228.jpg 342w, https:\/\/mairieassinie.com\/web\/wp-content\/uploads\/2023\/12\/PD_PM-1536x1024.jpg 1536w, https:\/\/mairieassinie.com\/web\/wp-content\/uploads\/2023\/12\/PD_PM-600x400.jpg 600w, https:\/\/mairieassinie.com\/web\/wp-content\/uploads\/2023\/12\/PD_PM.jpg 2048w\" sizes=\"(max-width: 1024px) 100vw, 1024px\" \/><\/a><\/figure>\n\n    <div class=\"xs_social_share_widget xs_share_url after_content \t\tmain_content  wslu-style-1 wslu-share-box-shaped wslu-fill-colored wslu-none wslu-share-horizontal wslu-theme-font-no wslu-main_content\">\n\n\t\t\n        <ul>\n\t\t\t        <\/ul>\n    <\/div> \n","protected":false},"excerpt":{"rendered":"<p>Le mardi 12 d&eacute;cembre 2023, Madame Dominique Ouattara, la Premi&egrave;re Dame de la C&ocirc;te d&rsquo;Ivoire, a accord&eacute; une audience &agrave; M. Pierre Ren&eacute; Magne, fra&icirc;chement &eacute;lu maire de la commune d&rsquo;Assinie. Cette rencontre, qui s&rsquo;est d&eacute;roul&eacute;e dans le cadre chaleureux de son Cabinet, a &eacute;t&eacute; l&rsquo;occasion pour le nouveau maire de remercier la Premi&egrave;re Dame [&hellip;]<\/p>\n","protected":false},"author":1,"featured_media":8454,"comment_status":"closed","ping_status":"open","sticky":false,"template":"","format":"standard","meta":{"footnotes":""},"categories":[127,125],"tags":[],"class_list":["post-8524","post","type-post","status-publish","format-standard","has-post-thumbnail","hentry","category-activites","category-municipalite"],"yoast_head":"<!-- This site is optimized with the Yoast SEO plugin v25.9 - https:\/\/yoast.com\/wordpress\/plugins\/seo\/ -->\n<title>Rencontre entre la Premi\u00e8re Dame et Monsieur le maire. - Mairie d&#039;Assinie-Mairie<\/title>\n<meta name=\"robots\" content=\"index, follow, max-snippet:-1, max-image-preview:large, max-video-preview:-1\" \/>\n<link rel=\"canonical\" href=\"https:\/\/mairieassinie.com\/web\/agenda-rencontre-entre-la-premiere-dame-et-monsieur-le-maire\/\" \/>\n<meta property=\"og:locale\" content=\"fr_FR\" \/>\n<meta property=\"og:type\" content=\"article\" \/>\n<meta property=\"og:title\" content=\"Rencontre entre la Premi\u00e8re Dame et Monsieur le maire. - Mairie d&#039;Assinie-Mairie\" \/>\n<meta property=\"og:description\" content=\"Le mardi 12 d&eacute;cembre 2023, Madame Dominique Ouattara, la Premi&egrave;re Dame de la C&ocirc;te d&rsquo;Ivoire, a accord&eacute; une audience &agrave; M. Pierre Ren&eacute; Magne, fra&icirc;chement &eacute;lu maire de la commune d&rsquo;Assinie. Cette rencontre, qui s&rsquo;est d&eacute;roul&eacute;e dans le cadre chaleureux de son Cabinet, a &eacute;t&eacute; l&rsquo;occasion pour le nouveau maire de remercier la Premi&egrave;re Dame [&hellip;]\" \/>\n<meta property=\"og:url\" content=\"https:\/\/mairieassinie.com\/web\/agenda-rencontre-entre-la-premiere-dame-et-monsieur-le-maire\/\" \/>\n<meta property=\"og:site_name\" content=\"Mairie d&#039;Assinie-Mairie\" \/>\n<meta property=\"article:publisher\" content=\"https:\/\/www.facebook.com\/mairieassinie.officiel\" \/>\n<meta property=\"article:published_time\" content=\"2023-12-12T12:34:00+00:00\" \/>\n<meta property=\"article:modified_time\" content=\"2023-12-16T08:49:39+00:00\" \/>\n<meta property=\"og:image\" content=\"https:\/\/mairieassinie.com\/web\/wp-content\/uploads\/2023\/12\/PD-PM.jpg\" \/>\n\t<meta property=\"og:image:width\" content=\"2048\" \/>\n\t<meta property=\"og:image:height\" content=\"1365\" \/>\n\t<meta property=\"og:image:type\" content=\"image\/jpeg\" \/>\n<meta name=\"author\" content=\"Mairie d&#039;Assinie\" \/>\n<meta name=\"twitter:card\" content=\"summary_large_image\" \/>\n<meta name=\"twitter:label1\" content=\"\u00c9crit par\" \/>\n\t<meta name=\"twitter:data1\" content=\"Mairie d&#039;Assinie\" \/>\n\t<meta name=\"twitter:label2\" content=\"Dur\u00e9e de lecture estim\u00e9e\" \/>\n\t<meta name=\"twitter:data2\" content=\"2 minutes\" \/>\n<script type=\"application\/ld+json\" class=\"yoast-schema-graph\">{\"@context\":\"https:\/\/schema.org\",\"@graph\":[{\"@type\":\"WebPage\",\"@id\":\"https:\/\/mairieassinie.com\/web\/agenda-rencontre-entre-la-premiere-dame-et-monsieur-le-maire\/\",\"url\":\"https:\/\/mairieassinie.com\/web\/agenda-rencontre-entre-la-premiere-dame-et-monsieur-le-maire\/\",\"name\":\"Rencontre entre la Premi\u00e8re Dame et Monsieur le maire. - Mairie d&#039;Assinie-Mairie\",\"isPartOf\":{\"@id\":\"https:\/\/mairieassinie.com\/web\/#website\"},\"primaryImageOfPage\":{\"@id\":\"https:\/\/mairieassinie.com\/web\/agenda-rencontre-entre-la-premiere-dame-et-monsieur-le-maire\/#primaryimage\"},\"image\":{\"@id\":\"https:\/\/mairieassinie.com\/web\/agenda-rencontre-entre-la-premiere-dame-et-monsieur-le-maire\/#primaryimage\"},\"thumbnailUrl\":\"https:\/\/mairieassinie.com\/web\/wp-content\/uploads\/2023\/12\/PD-PM.jpg\",\"datePublished\":\"2023-12-12T12:34:00+00:00\",\"dateModified\":\"2023-12-16T08:49:39+00:00\",\"author\":{\"@id\":\"https:\/\/mairieassinie.com\/web\/#\/schema\/person\/0ecd83b8a4e17bffe24658c727a93bff\"},\"breadcrumb\":{\"@id\":\"https:\/\/mairieassinie.com\/web\/agenda-rencontre-entre-la-premiere-dame-et-monsieur-le-maire\/#breadcrumb\"},\"inLanguage\":\"fr-FR\",\"potentialAction\":[{\"@type\":\"ReadAction\",\"target\":[\"https:\/\/mairieassinie.com\/web\/agenda-rencontre-entre-la-premiere-dame-et-monsieur-le-maire\/\"]}]},{\"@type\":\"ImageObject\",\"inLanguage\":\"fr-FR\",\"@id\":\"https:\/\/mairieassinie.com\/web\/agenda-rencontre-entre-la-premiere-dame-et-monsieur-le-maire\/#primaryimage\",\"url\":\"https:\/\/mairieassinie.com\/web\/wp-content\/uploads\/2023\/12\/PD-PM.jpg\",\"contentUrl\":\"https:\/\/mairieassinie.com\/web\/wp-content\/uploads\/2023\/12\/PD-PM.jpg\",\"width\":2048,\"height\":1365},{\"@type\":\"BreadcrumbList\",\"@id\":\"https:\/\/mairieassinie.com\/web\/agenda-rencontre-entre-la-premiere-dame-et-monsieur-le-maire\/#breadcrumb\",\"itemListElement\":[{\"@type\":\"ListItem\",\"position\":1,\"name\":\"Accueil\",\"item\":\"https:\/\/mairieassinie.com\/web\/\"},{\"@type\":\"ListItem\",\"position\":2,\"name\":\"Rencontre entre la Premi\u00e8re Dame et Monsieur le maire.\"}]},{\"@type\":\"WebSite\",\"@id\":\"https:\/\/mairieassinie.com\/web\/#website\",\"url\":\"https:\/\/mairieassinie.com\/web\/\",\"name\":\"Mairie d'Assinie\",\"description\":\"Une cit\u00e9 baln\u00e9aire exceptionnelle.\",\"potentialAction\":[{\"@type\":\"SearchAction\",\"target\":{\"@type\":\"EntryPoint\",\"urlTemplate\":\"https:\/\/mairieassinie.com\/web\/?s={search_term_string}\"},\"query-input\":{\"@type\":\"PropertyValueSpecification\",\"valueRequired\":true,\"valueName\":\"search_term_string\"}}],\"inLanguage\":\"fr-FR\"},{\"@type\":\"Person\",\"@id\":\"https:\/\/mairieassinie.com\/web\/#\/schema\/person\/0ecd83b8a4e17bffe24658c727a93bff\",\"name\":\"Mairie d'Assinie\",\"image\":{\"@type\":\"ImageObject\",\"inLanguage\":\"fr-FR\",\"@id\":\"https:\/\/mairieassinie.com\/web\/#\/schema\/person\/image\/\",\"url\":\"https:\/\/secure.gravatar.com\/avatar\/1ff5562aa9a808145ec52b36c6c64a4ef0b47ed2ebe0987837fe8ae4577b34c6?s=96&d=mm&r=g\",\"contentUrl\":\"https:\/\/secure.gravatar.com\/avatar\/1ff5562aa9a808145ec52b36c6c64a4ef0b47ed2ebe0987837fe8ae4577b34c6?s=96&d=mm&r=g\",\"caption\":\"Mairie d'Assinie\"},\"url\":\"https:\/\/mairieassinie.com\/web\/author\/mairieassinie\/\"}]}<\/script>\n<!-- \/ Yoast SEO plugin. -->","yoast_head_json":{"title":"Rencontre entre la Premi\u00e8re Dame et Monsieur le maire. - Mairie d&#039;Assinie-Mairie","robots":{"index":"index","follow":"follow","max-snippet":"max-snippet:-1","max-image-preview":"max-image-preview:large","max-video-preview":"max-video-preview:-1"},"canonical":"https:\/\/mairieassinie.com\/web\/agenda-rencontre-entre-la-premiere-dame-et-monsieur-le-maire\/","og_locale":"fr_FR","og_type":"article","og_title":"Rencontre entre la Premi\u00e8re Dame et Monsieur le maire. - Mairie d&#039;Assinie-Mairie","og_description":"Le mardi 12 d&eacute;cembre 2023, Madame Dominique Ouattara, la Premi&egrave;re Dame de la C&ocirc;te d&rsquo;Ivoire, a accord&eacute; une audience &agrave; M. Pierre Ren&eacute; Magne, fra&icirc;chement &eacute;lu maire de la commune d&rsquo;Assinie. Cette rencontre, qui s&rsquo;est d&eacute;roul&eacute;e dans le cadre chaleureux de son Cabinet, a &eacute;t&eacute; l&rsquo;occasion pour le nouveau maire de remercier la Premi&egrave;re Dame [&hellip;]","og_url":"https:\/\/mairieassinie.com\/web\/agenda-rencontre-entre-la-premiere-dame-et-monsieur-le-maire\/","og_site_name":"Mairie d&#039;Assinie-Mairie","article_publisher":"https:\/\/www.facebook.com\/mairieassinie.officiel","article_published_time":"2023-12-12T12:34:00+00:00","article_modified_time":"2023-12-16T08:49:39+00:00","og_image":[{"width":2048,"height":1365,"url":"https:\/\/mairieassinie.com\/web\/wp-content\/uploads\/2023\/12\/PD-PM.jpg","type":"image\/jpeg"}],"author":"Mairie d'Assinie","twitter_card":"summary_large_image","twitter_misc":{"\u00c9crit par":"Mairie d'Assinie","Dur\u00e9e de lecture estim\u00e9e":"2 minutes"},"schema":{"@context":"https:\/\/schema.org","@graph":[{"@type":"WebPage","@id":"https:\/\/mairieassinie.com\/web\/agenda-rencontre-entre-la-premiere-dame-et-monsieur-le-maire\/","url":"https:\/\/mairieassinie.com\/web\/agenda-rencontre-entre-la-premiere-dame-et-monsieur-le-maire\/","name":"Rencontre entre la Premi\u00e8re Dame et Monsieur le maire. - Mairie d&#039;Assinie-Mairie","isPartOf":{"@id":"https:\/\/mairieassinie.com\/web\/#website"},"primaryImageOfPage":{"@id":"https:\/\/mairieassinie.com\/web\/agenda-rencontre-entre-la-premiere-dame-et-monsieur-le-maire\/#primaryimage"},"image":{"@id":"https:\/\/mairieassinie.com\/web\/agenda-rencontre-entre-la-premiere-dame-et-monsieur-le-maire\/#primaryimage"},"thumbnailUrl":"https:\/\/mairieassinie.com\/web\/wp-content\/uploads\/2023\/12\/PD-PM.jpg","datePublished":"2023-12-12T12:34:00+00:00","dateModified":"2023-12-16T08:49:39+00:00","author":{"@id":"https:\/\/mairieassinie.com\/web\/#\/schema\/person\/0ecd83b8a4e17bffe24658c727a93bff"},"breadcrumb":{"@id":"https:\/\/mairieassinie.com\/web\/agenda-rencontre-entre-la-premiere-dame-et-monsieur-le-maire\/#breadcrumb"},"inLanguage":"fr-FR","potentialAction":[{"@type":"ReadAction","target":["https:\/\/mairieassinie.com\/web\/agenda-rencontre-entre-la-premiere-dame-et-monsieur-le-maire\/"]}]},{"@type":"ImageObject","inLanguage":"fr-FR","@id":"https:\/\/mairieassinie.com\/web\/agenda-rencontre-entre-la-premiere-dame-et-monsieur-le-maire\/#primaryimage","url":"https:\/\/mairieassinie.com\/web\/wp-content\/uploads\/2023\/12\/PD-PM.jpg","contentUrl":"https:\/\/mairieassinie.com\/web\/wp-content\/uploads\/2023\/12\/PD-PM.jpg","width":2048,"height":1365},{"@type":"BreadcrumbList","@id":"https:\/\/mairieassinie.com\/web\/agenda-rencontre-entre-la-premiere-dame-et-monsieur-le-maire\/#breadcrumb","itemListElement":[{"@type":"ListItem","position":1,"name":"Accueil","item":"https:\/\/mairieassinie.com\/web\/"},{"@type":"ListItem","position":2,"name":"Rencontre entre la Premi\u00e8re Dame et Monsieur le maire."}]},{"@type":"WebSite","@id":"https:\/\/mairieassinie.com\/web\/#website","url":"https:\/\/mairieassinie.com\/web\/","name":"Mairie d'Assinie","description":"Une cit\u00e9 baln\u00e9aire exceptionnelle.","potentialAction":[{"@type":"SearchAction","target":{"@type":"EntryPoint","urlTemplate":"https:\/\/mairieassinie.com\/web\/?s={search_term_string}"},"query-input":{"@type":"PropertyValueSpecification","valueRequired":true,"valueName":"search_term_string"}}],"inLanguage":"fr-FR"},{"@type":"Person","@id":"https:\/\/mairieassinie.com\/web\/#\/schema\/person\/0ecd83b8a4e17bffe24658c727a93bff","name":"Mairie d'Assinie","image":{"@type":"ImageObject","inLanguage":"fr-FR","@id":"https:\/\/mairieassinie.com\/web\/#\/schema\/person\/image\/","url":"https:\/\/secure.gravatar.com\/avatar\/1ff5562aa9a808145ec52b36c6c64a4ef0b47ed2ebe0987837fe8ae4577b34c6?s=96&d=mm&r=g","contentUrl":"https:\/\/secure.gravatar.com\/avatar\/1ff5562aa9a808145ec52b36c6c64a4ef0b47ed2ebe0987837fe8ae4577b34c6?s=96&d=mm&r=g","caption":"Mairie d'Assinie"},"url":"https:\/\/mairieassinie.com\/web\/author\/mairieassinie\/"}]}},"_links":{"self":[{"href":"https:\/\/mairieassinie.com\/web\/wp-json\/wp\/v2\/posts\/8524","targetHints":{"allow":["GET"]}}],"collection":[{"href":"https:\/\/mairieassinie.com\/web\/wp-json\/wp\/v2\/posts"}],"about":[{"href":"https:\/\/mairieassinie.com\/web\/wp-json\/wp\/v2\/types\/post"}],"author":[{"embeddable":true,"href":"https:\/\/mairieassinie.com\/web\/wp-json\/wp\/v2\/users\/1"}],"replies":[{"embeddable":true,"href":"https:\/\/mairieassinie.com\/web\/wp-json\/wp\/v2\/comments?post=8524"}],"version-history":[{"count":5,"href":"https:\/\/mairieassinie.com\/web\/wp-json\/wp\/v2\/posts\/8524\/revisions"}],"predecessor-version":[{"id":8539,"href":"https:\/\/mairieassinie.com\/web\/wp-json\/wp\/v2\/posts\/8524\/revisions\/8539"}],"wp:featuredmedia":[{"embeddable":true,"href":"https:\/\/mairieassinie.com\/web\/wp-json\/wp\/v2\/media\/8454"}],"wp:attachment":[{"href":"https:\/\/mairieassinie.com\/web\/wp-json\/wp\/v2\/media?parent=8524"}],"wp:term":[{"taxonomy":"category","embeddable":true,"href":"https:\/\/mairieassinie.com\/web\/wp-json\/wp\/v2\/categories?post=8524"},{"taxonomy":"post_tag","embeddable":true,"href":"https:\/\/mairieassinie.com\/web\/wp-json\/wp\/v2\/tags?post=8524"}],"curies":[{"name":"wp","href":"https:\/\/api.w.org\/{rel}","templated":true}]}}