{"id":8584,"date":"2023-12-16T20:25:33","date_gmt":"2023-12-16T19:25:33","guid":{"rendered":"https:\/\/mairieassinie.com\/web\/?p=8584"},"modified":"2024-01-09T20:31:15","modified_gmt":"2024-01-09T19:31:15","slug":"arrete-municipal-n-2023-25-cam-sg-du-29-septembre-2023","status":"publish","type":"post","link":"https:\/\/mairieassinie.com\/web\/arrete-municipal-n-2023-25-cam-sg-du-29-septembre-2023\/","title":{"rendered":"Arr\u00eat\u00e9 portant d\u00e9l\u00e9gation d&rsquo;attribution du maire en mati\u00e8re d&rsquo;ordonnancement du budget"},"content":{"rendered":"\n<p>ARRETE MUNICIPAL N\u00b0 2023\/25\/CAM\/SG du 29 Septembre 2023<\/p>\n\n\n\n<figure class=\"wp-block-image size-large is-resized\"><a href=\"https:\/\/mairieassinie.com\/web\/wp-content\/uploads\/2023\/11\/ARRETE_MUNICIPAL_N_2023_25_CAM_SG.pdf\"><img fetchpriority=\"high\" decoding=\"async\" width=\"761\" height=\"1024\" src=\"https:\/\/mairieassinie.com\/web\/wp-content\/uploads\/2023\/12\/ARRETE_MUNICIPAL_N_2023_25_CAM_SG-761x1024.png\" alt=\"\" class=\"wp-image-8581\" style=\"aspect-ratio:0.70703125;width:268px;height:auto\" srcset=\"https:\/\/mairieassinie.com\/web\/wp-content\/uploads\/2023\/12\/ARRETE_MUNICIPAL_N_2023_25_CAM_SG-761x1024.png 761w, https:\/\/mairieassinie.com\/web\/wp-content\/uploads\/2023\/12\/ARRETE_MUNICIPAL_N_2023_25_CAM_SG-223x300.png 223w, https:\/\/mairieassinie.com\/web\/wp-content\/uploads\/2023\/12\/ARRETE_MUNICIPAL_N_2023_25_CAM_SG-768x1034.png 768w, https:\/\/mairieassinie.com\/web\/wp-content\/uploads\/2023\/12\/ARRETE_MUNICIPAL_N_2023_25_CAM_SG-169x228.png 169w, https:\/\/mairieassinie.com\/web\/wp-content\/uploads\/2023\/12\/ARRETE_MUNICIPAL_N_2023_25_CAM_SG-600x808.png 600w, https:\/\/mairieassinie.com\/web\/wp-content\/uploads\/2023\/12\/ARRETE_MUNICIPAL_N_2023_25_CAM_SG.png 792w\" sizes=\"(max-width: 761px) 100vw, 761px\" \/><\/a><\/figure>\n\n    <div class=\"xs_social_share_widget xs_share_url after_content \t\tmain_content  wslu-style-1 wslu-share-box-shaped wslu-fill-colored wslu-none wslu-share-horizontal wslu-theme-font-no wslu-main_content\">\n\n\t\t\n        <ul>\n\t\t\t        <\/ul>\n    <\/div> \n","protected":false},"excerpt":{"rendered":"<p>ARRETE MUNICIPAL N&deg; 2023\/25\/CAM\/SG du 29 Septembre 2023<\/p>\n","protected":false},"author":1,"featured_media":0,"comment_status":"closed","ping_status":"closed","sticky":false,"template":"","format":"standard","meta":{"footnotes":""},"categories":[131],"tags":[],"class_list":["post-8584","post","type-post","status-publish","format-standard","hentry","category-arretes"],"yoast_head":"<!-- This site is optimized with the Yoast SEO plugin v25.9 - https:\/\/yoast.com\/wordpress\/plugins\/seo\/ -->\n<title>Arr\u00eat\u00e9 portant d\u00e9l\u00e9gation d&#039;attribution du maire en mati\u00e8re d&#039;ordonnancement du budget - Mairie d&#039;Assinie-Mairie<\/title>\n<meta name=\"robots\" content=\"index, follow, max-snippet:-1, max-image-preview:large, max-video-preview:-1\" \/>\n<link rel=\"canonical\" href=\"https:\/\/mairieassinie.com\/web\/arrete-municipal-n-2023-25-cam-sg-du-29-septembre-2023\/\" \/>\n<meta property=\"og:locale\" content=\"fr_FR\" \/>\n<meta property=\"og:type\" content=\"article\" \/>\n<meta property=\"og:title\" content=\"Mairie d&#039;Assinie-Mairie - Arr\u00eat\u00e9 portant d\u00e9l\u00e9gation d&#039;attribution du maire en mati\u00e8re d&#039;ordonnancement du budget\" \/>\n<meta property=\"og:description\" content=\"Objet : Arr\u00eat\u00e9 N\u00b0 1447\/MIS\/DGDDL\/DG du 13 OCT. 2023portant constatation des r\u00e9sultats des \u00e9lections du Maire et des Adjoints au Maire ainsi que du tableau d&#039;ordre des conseillers de la Commune d&#039;ASSINIE-MAFIA, au titre du mandat 2023-2028.\" \/>\n<meta property=\"og:url\" content=\"https:\/\/mairieassinie.com\/web\/arrete-municipal-n-2023-25-cam-sg-du-29-septembre-2023\/\" \/>\n<meta property=\"og:site_name\" content=\"Mairie d&#039;Assinie-Mairie\" \/>\n<meta property=\"article:publisher\" content=\"https:\/\/www.facebook.com\/mairieassinie.officiel\" \/>\n<meta property=\"article:published_time\" content=\"2023-12-16T19:25:33+00:00\" \/>\n<meta property=\"article:modified_time\" content=\"2024-01-09T19:31:15+00:00\" \/>\n<meta property=\"og:image\" content=\"https:\/\/mairieassinie.com\/web\/wp-content\/uploads\/2023\/11\/ARRETE_1447_.png\" \/>\n\t<meta property=\"og:image:width\" content=\"803\" \/>\n\t<meta property=\"og:image:height\" content=\"624\" \/>\n\t<meta property=\"og:image:type\" content=\"image\/png\" \/>\n<meta name=\"author\" content=\"Mairie d&#039;Assinie\" \/>\n<meta name=\"twitter:card\" content=\"summary_large_image\" \/>\n<meta name=\"twitter:title\" content=\"Mairie d&#039;Assinie-Mairie - Arr\u00eat\u00e9 portant d\u00e9l\u00e9gation d&#039;attribution du maire en mati\u00e8re d&#039;ordonnancement du budget\" \/>\n<meta name=\"twitter:description\" content=\"Objet : Arr\u00eat\u00e9 N\u00b0 1447\/MIS\/DGDDL\/DG du 13 OCT. 2023portant constatation des r\u00e9sultats des \u00e9lections du Maire et des Adjoints au Maire ainsi que du tableau d&#039;ordre des conseillers de la Commune d&#039;ASSINIE-MAFIA, au titre du mandat 2023-2028.\" \/>\n<meta name=\"twitter:image\" content=\"https:\/\/mairieassinie.com\/web\/wp-content\/uploads\/2023\/11\/ARRETE_1447_.png\" \/>\n<meta name=\"twitter:label1\" content=\"\u00c9crit par\" \/>\n\t<meta name=\"twitter:data1\" content=\"Mairie d&#039;Assinie\" \/>\n\t<meta name=\"twitter:label2\" content=\"Dur\u00e9e de lecture estim\u00e9e\" \/>\n\t<meta name=\"twitter:data2\" content=\"1 minute\" \/>\n<script type=\"application\/ld+json\" class=\"yoast-schema-graph\">{\"@context\":\"https:\/\/schema.org\",\"@graph\":[{\"@type\":\"WebPage\",\"@id\":\"https:\/\/mairieassinie.com\/web\/arrete-municipal-n-2023-25-cam-sg-du-29-septembre-2023\/\",\"url\":\"https:\/\/mairieassinie.com\/web\/arrete-municipal-n-2023-25-cam-sg-du-29-septembre-2023\/\",\"name\":\"Arr\u00eat\u00e9 portant d\u00e9l\u00e9gation d'attribution du maire en mati\u00e8re d'ordonnancement du budget - Mairie d&#039;Assinie-Mairie\",\"isPartOf\":{\"@id\":\"https:\/\/mairieassinie.com\/web\/#website\"},\"primaryImageOfPage\":{\"@id\":\"https:\/\/mairieassinie.com\/web\/arrete-municipal-n-2023-25-cam-sg-du-29-septembre-2023\/#primaryimage\"},\"image\":{\"@id\":\"https:\/\/mairieassinie.com\/web\/arrete-municipal-n-2023-25-cam-sg-du-29-septembre-2023\/#primaryimage\"},\"thumbnailUrl\":\"https:\/\/mairieassinie.com\/web\/wp-content\/uploads\/2023\/12\/ARRETE_MUNICIPAL_N_2023_25_CAM_SG-761x1024.png\",\"datePublished\":\"2023-12-16T19:25:33+00:00\",\"dateModified\":\"2024-01-09T19:31:15+00:00\",\"author\":{\"@id\":\"https:\/\/mairieassinie.com\/web\/#\/schema\/person\/0ecd83b8a4e17bffe24658c727a93bff\"},\"breadcrumb\":{\"@id\":\"https:\/\/mairieassinie.com\/web\/arrete-municipal-n-2023-25-cam-sg-du-29-septembre-2023\/#breadcrumb\"},\"inLanguage\":\"fr-FR\",\"potentialAction\":[{\"@type\":\"ReadAction\",\"target\":[\"https:\/\/mairieassinie.com\/web\/arrete-municipal-n-2023-25-cam-sg-du-29-septembre-2023\/\"]}]},{\"@type\":\"ImageObject\",\"inLanguage\":\"fr-FR\",\"@id\":\"https:\/\/mairieassinie.com\/web\/arrete-municipal-n-2023-25-cam-sg-du-29-septembre-2023\/#primaryimage\",\"url\":\"https:\/\/mairieassinie.com\/web\/wp-content\/uploads\/2023\/12\/ARRETE_MUNICIPAL_N_2023_25_CAM_SG.png\",\"contentUrl\":\"https:\/\/mairieassinie.com\/web\/wp-content\/uploads\/2023\/12\/ARRETE_MUNICIPAL_N_2023_25_CAM_SG.png\",\"width\":792,\"height\":1066},{\"@type\":\"BreadcrumbList\",\"@id\":\"https:\/\/mairieassinie.com\/web\/arrete-municipal-n-2023-25-cam-sg-du-29-septembre-2023\/#breadcrumb\",\"itemListElement\":[{\"@type\":\"ListItem\",\"position\":1,\"name\":\"Accueil\",\"item\":\"https:\/\/mairieassinie.com\/web\/\"},{\"@type\":\"ListItem\",\"position\":2,\"name\":\"Arr\u00eat\u00e9 portant d\u00e9l\u00e9gation d&rsquo;attribution du maire en mati\u00e8re d&rsquo;ordonnancement du budget\"}]},{\"@type\":\"WebSite\",\"@id\":\"https:\/\/mairieassinie.com\/web\/#website\",\"url\":\"https:\/\/mairieassinie.com\/web\/\",\"name\":\"Mairie d'Assinie\",\"description\":\"Une cit\u00e9 baln\u00e9aire exceptionnelle.\",\"potentialAction\":[{\"@type\":\"SearchAction\",\"target\":{\"@type\":\"EntryPoint\",\"urlTemplate\":\"https:\/\/mairieassinie.com\/web\/?s={search_term_string}\"},\"query-input\":{\"@type\":\"PropertyValueSpecification\",\"valueRequired\":true,\"valueName\":\"search_term_string\"}}],\"inLanguage\":\"fr-FR\"},{\"@type\":\"Person\",\"@id\":\"https:\/\/mairieassinie.com\/web\/#\/schema\/person\/0ecd83b8a4e17bffe24658c727a93bff\",\"name\":\"Mairie d'Assinie\",\"image\":{\"@type\":\"ImageObject\",\"inLanguage\":\"fr-FR\",\"@id\":\"https:\/\/mairieassinie.com\/web\/#\/schema\/person\/image\/\",\"url\":\"https:\/\/secure.gravatar.com\/avatar\/1ff5562aa9a808145ec52b36c6c64a4ef0b47ed2ebe0987837fe8ae4577b34c6?s=96&d=mm&r=g\",\"contentUrl\":\"https:\/\/secure.gravatar.com\/avatar\/1ff5562aa9a808145ec52b36c6c64a4ef0b47ed2ebe0987837fe8ae4577b34c6?s=96&d=mm&r=g\",\"caption\":\"Mairie d'Assinie\"},\"url\":\"https:\/\/mairieassinie.com\/web\/author\/mairieassinie\/\"}]}<\/script>\n<!-- \/ Yoast SEO plugin. -->","yoast_head_json":{"title":"Arr\u00eat\u00e9 portant d\u00e9l\u00e9gation d'attribution du maire en mati\u00e8re d'ordonnancement du budget - Mairie d&#039;Assinie-Mairie","robots":{"index":"index","follow":"follow","max-snippet":"max-snippet:-1","max-image-preview":"max-image-preview:large","max-video-preview":"max-video-preview:-1"},"canonical":"https:\/\/mairieassinie.com\/web\/arrete-municipal-n-2023-25-cam-sg-du-29-septembre-2023\/","og_locale":"fr_FR","og_type":"article","og_title":"Mairie d&#039;Assinie-Mairie - Arr\u00eat\u00e9 portant d\u00e9l\u00e9gation d'attribution du maire en mati\u00e8re d'ordonnancement du budget","og_description":"Objet : Arr\u00eat\u00e9 N\u00b0 1447\/MIS\/DGDDL\/DG du 13 OCT. 2023portant constatation des r\u00e9sultats des \u00e9lections du Maire et des Adjoints au Maire ainsi que du tableau d'ordre des conseillers de la Commune d'ASSINIE-MAFIA, au titre du mandat 2023-2028.","og_url":"https:\/\/mairieassinie.com\/web\/arrete-municipal-n-2023-25-cam-sg-du-29-septembre-2023\/","og_site_name":"Mairie d&#039;Assinie-Mairie","article_publisher":"https:\/\/www.facebook.com\/mairieassinie.officiel","article_published_time":"2023-12-16T19:25:33+00:00","article_modified_time":"2024-01-09T19:31:15+00:00","og_image":[{"width":803,"height":624,"url":"https:\/\/mairieassinie.com\/web\/wp-content\/uploads\/2023\/11\/ARRETE_1447_.png","type":"image\/png"}],"author":"Mairie d'Assinie","twitter_card":"summary_large_image","twitter_title":"Mairie d&#039;Assinie-Mairie - Arr\u00eat\u00e9 portant d\u00e9l\u00e9gation d'attribution du maire en mati\u00e8re d'ordonnancement du budget","twitter_description":"Objet : Arr\u00eat\u00e9 N\u00b0 1447\/MIS\/DGDDL\/DG du 13 OCT. 2023portant constatation des r\u00e9sultats des \u00e9lections du Maire et des Adjoints au Maire ainsi que du tableau d'ordre des conseillers de la Commune d'ASSINIE-MAFIA, au titre du mandat 2023-2028.","twitter_image":"https:\/\/mairieassinie.com\/web\/wp-content\/uploads\/2023\/11\/ARRETE_1447_.png","twitter_misc":{"\u00c9crit par":"Mairie d'Assinie","Dur\u00e9e de lecture estim\u00e9e":"1 minute"},"schema":{"@context":"https:\/\/schema.org","@graph":[{"@type":"WebPage","@id":"https:\/\/mairieassinie.com\/web\/arrete-municipal-n-2023-25-cam-sg-du-29-septembre-2023\/","url":"https:\/\/mairieassinie.com\/web\/arrete-municipal-n-2023-25-cam-sg-du-29-septembre-2023\/","name":"Arr\u00eat\u00e9 portant d\u00e9l\u00e9gation d'attribution du maire en mati\u00e8re d'ordonnancement du budget - Mairie d&#039;Assinie-Mairie","isPartOf":{"@id":"https:\/\/mairieassinie.com\/web\/#website"},"primaryImageOfPage":{"@id":"https:\/\/mairieassinie.com\/web\/arrete-municipal-n-2023-25-cam-sg-du-29-septembre-2023\/#primaryimage"},"image":{"@id":"https:\/\/mairieassinie.com\/web\/arrete-municipal-n-2023-25-cam-sg-du-29-septembre-2023\/#primaryimage"},"thumbnailUrl":"https:\/\/mairieassinie.com\/web\/wp-content\/uploads\/2023\/12\/ARRETE_MUNICIPAL_N_2023_25_CAM_SG-761x1024.png","datePublished":"2023-12-16T19:25:33+00:00","dateModified":"2024-01-09T19:31:15+00:00","author":{"@id":"https:\/\/mairieassinie.com\/web\/#\/schema\/person\/0ecd83b8a4e17bffe24658c727a93bff"},"breadcrumb":{"@id":"https:\/\/mairieassinie.com\/web\/arrete-municipal-n-2023-25-cam-sg-du-29-septembre-2023\/#breadcrumb"},"inLanguage":"fr-FR","potentialAction":[{"@type":"ReadAction","target":["https:\/\/mairieassinie.com\/web\/arrete-municipal-n-2023-25-cam-sg-du-29-septembre-2023\/"]}]},{"@type":"ImageObject","inLanguage":"fr-FR","@id":"https:\/\/mairieassinie.com\/web\/arrete-municipal-n-2023-25-cam-sg-du-29-septembre-2023\/#primaryimage","url":"https:\/\/mairieassinie.com\/web\/wp-content\/uploads\/2023\/12\/ARRETE_MUNICIPAL_N_2023_25_CAM_SG.png","contentUrl":"https:\/\/mairieassinie.com\/web\/wp-content\/uploads\/2023\/12\/ARRETE_MUNICIPAL_N_2023_25_CAM_SG.png","width":792,"height":1066},{"@type":"BreadcrumbList","@id":"https:\/\/mairieassinie.com\/web\/arrete-municipal-n-2023-25-cam-sg-du-29-septembre-2023\/#breadcrumb","itemListElement":[{"@type":"ListItem","position":1,"name":"Accueil","item":"https:\/\/mairieassinie.com\/web\/"},{"@type":"ListItem","position":2,"name":"Arr\u00eat\u00e9 portant d\u00e9l\u00e9gation d&rsquo;attribution du maire en mati\u00e8re d&rsquo;ordonnancement du budget"}]},{"@type":"WebSite","@id":"https:\/\/mairieassinie.com\/web\/#website","url":"https:\/\/mairieassinie.com\/web\/","name":"Mairie d'Assinie","description":"Une cit\u00e9 baln\u00e9aire exceptionnelle.","potentialAction":[{"@type":"SearchAction","target":{"@type":"EntryPoint","urlTemplate":"https:\/\/mairieassinie.com\/web\/?s={search_term_string}"},"query-input":{"@type":"PropertyValueSpecification","valueRequired":true,"valueName":"search_term_string"}}],"inLanguage":"fr-FR"},{"@type":"Person","@id":"https:\/\/mairieassinie.com\/web\/#\/schema\/person\/0ecd83b8a4e17bffe24658c727a93bff","name":"Mairie d'Assinie","image":{"@type":"ImageObject","inLanguage":"fr-FR","@id":"https:\/\/mairieassinie.com\/web\/#\/schema\/person\/image\/","url":"https:\/\/secure.gravatar.com\/avatar\/1ff5562aa9a808145ec52b36c6c64a4ef0b47ed2ebe0987837fe8ae4577b34c6?s=96&d=mm&r=g","contentUrl":"https:\/\/secure.gravatar.com\/avatar\/1ff5562aa9a808145ec52b36c6c64a4ef0b47ed2ebe0987837fe8ae4577b34c6?s=96&d=mm&r=g","caption":"Mairie d'Assinie"},"url":"https:\/\/mairieassinie.com\/web\/author\/mairieassinie\/"}]}},"_links":{"self":[{"href":"https:\/\/mairieassinie.com\/web\/wp-json\/wp\/v2\/posts\/8584","targetHints":{"allow":["GET"]}}],"collection":[{"href":"https:\/\/mairieassinie.com\/web\/wp-json\/wp\/v2\/posts"}],"about":[{"href":"https:\/\/mairieassinie.com\/web\/wp-json\/wp\/v2\/types\/post"}],"author":[{"embeddable":true,"href":"https:\/\/mairieassinie.com\/web\/wp-json\/wp\/v2\/users\/1"}],"replies":[{"embeddable":true,"href":"https:\/\/mairieassinie.com\/web\/wp-json\/wp\/v2\/comments?post=8584"}],"version-history":[{"count":1,"href":"https:\/\/mairieassinie.com\/web\/wp-json\/wp\/v2\/posts\/8584\/revisions"}],"predecessor-version":[{"id":8655,"href":"https:\/\/mairieassinie.com\/web\/wp-json\/wp\/v2\/posts\/8584\/revisions\/8655"}],"wp:attachment":[{"href":"https:\/\/mairieassinie.com\/web\/wp-json\/wp\/v2\/media?parent=8584"}],"wp:term":[{"taxonomy":"category","embeddable":true,"href":"https:\/\/mairieassinie.com\/web\/wp-json\/wp\/v2\/categories?post=8584"},{"taxonomy":"post_tag","embeddable":true,"href":"https:\/\/mairieassinie.com\/web\/wp-json\/wp\/v2\/tags?post=8584"}],"curies":[{"name":"wp","href":"https:\/\/api.w.org\/{rel}","templated":true}]}}