{"id":8773,"date":"2024-01-10T05:23:57","date_gmt":"2024-01-10T04:23:57","guid":{"rendered":"https:\/\/mairieassinie.com\/web\/?p=8773"},"modified":"2024-01-14T14:44:42","modified_gmt":"2024-01-14T13:44:42","slug":"un-noel-joyeux-a-assinie-grace-au-maire-pierre-magne","status":"publish","type":"post","link":"https:\/\/mairieassinie.com\/web\/un-noel-joyeux-a-assinie-grace-au-maire-pierre-magne\/","title":{"rendered":"No\u00ebl joyeux \u00e0 Assinie gr\u00e2ce au Maire"},"content":{"rendered":"\n    <div class=\"xs_social_share_widget xs_share_url both_content \t\tmain_content  wslu-style-1 wslu-share-box-shaped wslu-fill-colored wslu-none wslu-share-horizontal wslu-theme-font-no wslu-main_content\">\n\n\t\t\n        <ul>\n\t\t\t        <\/ul>\n    <\/div> \n\n<p>Cette ann\u00e9e, No\u00ebl a \u00e9t\u00e9 particuli\u00e8rement magique \u00e0 Assinie !&nbsp;Gr\u00e2ce \u00e0 l&rsquo;initiative de notre maire, M. Pierre MAGNE, trois mois seulement apr\u00e8s sa prise de fonction.&nbsp;<\/p>\n\n\n\n<p>Le 23 d\u00e9cembre 2023 restera grav\u00e9 dans la m\u00e9moire des habitants, en particulier des enfants d&rsquo;Assinie-Mafia. De merveilleux cadeaux ont \u00e9t\u00e9 offerts \u00e0 chaque enfant des villages de Man &#8211; Man, Afor\u00e9nou&nbsp;Poste, Angboudjou, Quartier France, Mafia Sagbadou, Ngouan, Essankro, Mandjan, Babianan et Assound\u00e9, totalisant ainsi 4100 sourires !<\/p>\n\n\n\n<p>Chaque village, avec son P\u00e8re No\u00ebl d\u00e9sign\u00e9&nbsp;\ud83c\udf85, a pris part activement \u00e0 cette c\u00e9l\u00e9bration de distribution des cadeaux. Le Maire Pierre MAGNE, connu pour son d\u00e9vouement et sa g\u00e9n\u00e9rosit\u00e9 pour les populations d&rsquo;Assinie, a exprim\u00e9 son souhait de voir cette action devenir une tradition annuelle pour le bonheur des enfants de sa localit\u00e9.<\/p>\n\n\n\n<h2 class=\"wp-block-heading\">Assouind\u00e9<\/h2>\n\n\n\n<figure class=\"wp-block-gallery has-nested-images columns-default is-cropped wp-block-gallery-1 is-layout-flex wp-block-gallery-is-layout-flex\">\n<figure class=\"wp-block-image size-large\"><a href=\"https:\/\/mairieassinie.com\/web\/wp-content\/uploads\/2024\/01\/1-3.jpeg\"><img fetchpriority=\"high\" decoding=\"async\" width=\"780\" height=\"780\" data-id=\"8733\" src=\"https:\/\/mairieassinie.com\/web\/wp-content\/uploads\/2024\/01\/1-3-edited.jpeg\" alt=\"\" class=\"wp-image-8733\" srcset=\"https:\/\/mairieassinie.com\/web\/wp-content\/uploads\/2024\/01\/1-3-edited.jpeg 780w, https:\/\/mairieassinie.com\/web\/wp-content\/uploads\/2024\/01\/1-3-edited-300x300.jpeg 300w, https:\/\/mairieassinie.com\/web\/wp-content\/uploads\/2024\/01\/1-3-edited-150x150.jpeg 150w, https:\/\/mairieassinie.com\/web\/wp-content\/uploads\/2024\/01\/1-3-edited-768x768.jpeg 768w, https:\/\/mairieassinie.com\/web\/wp-content\/uploads\/2024\/01\/1-3-edited-228x228.jpeg 228w, https:\/\/mairieassinie.com\/web\/wp-content\/uploads\/2024\/01\/1-3-edited-600x600.jpeg 600w, https:\/\/mairieassinie.com\/web\/wp-content\/uploads\/2024\/01\/1-3-edited-100x100.jpeg 100w\" sizes=\"(max-width: 780px) 100vw, 780px\" \/><\/a><\/figure>\n\n\n\n<figure class=\"wp-block-image size-large\"><a href=\"https:\/\/mairieassinie.com\/web\/wp-content\/uploads\/2024\/01\/2-2.jpeg\"><img decoding=\"async\" width=\"780\" height=\"780\" data-id=\"8734\" src=\"https:\/\/mairieassinie.com\/web\/wp-content\/uploads\/2024\/01\/2-2-edited.jpeg\" alt=\"\" class=\"wp-image-8734\" srcset=\"https:\/\/mairieassinie.com\/web\/wp-content\/uploads\/2024\/01\/2-2-edited.jpeg 780w, https:\/\/mairieassinie.com\/web\/wp-content\/uploads\/2024\/01\/2-2-edited-300x300.jpeg 300w, https:\/\/mairieassinie.com\/web\/wp-content\/uploads\/2024\/01\/2-2-edited-150x150.jpeg 150w, https:\/\/mairieassinie.com\/web\/wp-content\/uploads\/2024\/01\/2-2-edited-768x768.jpeg 768w, https:\/\/mairieassinie.com\/web\/wp-content\/uploads\/2024\/01\/2-2-edited-228x228.jpeg 228w, https:\/\/mairieassinie.com\/web\/wp-content\/uploads\/2024\/01\/2-2-edited-600x600.jpeg 600w, https:\/\/mairieassinie.com\/web\/wp-content\/uploads\/2024\/01\/2-2-edited-100x100.jpeg 100w\" sizes=\"(max-width: 780px) 100vw, 780px\" \/><\/a><\/figure>\n<\/figure>\n\n\n\n<h2 class=\"wp-block-heading\">Essankro<\/h2>\n\n\n\n<figure class=\"wp-block-gallery has-nested-images columns-default is-cropped wp-block-gallery-2 is-layout-flex wp-block-gallery-is-layout-flex\">\n<figure class=\"wp-block-image size-large\"><a href=\"https:\/\/mairieassinie.com\/web\/wp-content\/uploads\/2024\/01\/essankro-1-1.jpeg\"><img decoding=\"async\" width=\"984\" height=\"432\" data-id=\"8735\" src=\"https:\/\/mairieassinie.com\/web\/wp-content\/uploads\/2024\/01\/essankro-1-1.jpeg\" alt=\"\" class=\"wp-image-8735\" srcset=\"https:\/\/mairieassinie.com\/web\/wp-content\/uploads\/2024\/01\/essankro-1-1.jpeg 984w, https:\/\/mairieassinie.com\/web\/wp-content\/uploads\/2024\/01\/essankro-1-1-300x132.jpeg 300w, https:\/\/mairieassinie.com\/web\/wp-content\/uploads\/2024\/01\/essankro-1-1-768x337.jpeg 768w, https:\/\/mairieassinie.com\/web\/wp-content\/uploads\/2024\/01\/essankro-1-1-519x228.jpeg 519w, https:\/\/mairieassinie.com\/web\/wp-content\/uploads\/2024\/01\/essankro-1-1-600x263.jpeg 600w\" sizes=\"(max-width: 984px) 100vw, 984px\" \/><\/a><\/figure>\n\n\n\n<figure class=\"wp-block-image size-large\"><a href=\"https:\/\/mairieassinie.com\/web\/wp-content\/uploads\/2024\/01\/essankro-2-1.jpeg\"><img loading=\"lazy\" decoding=\"async\" width=\"984\" height=\"432\" data-id=\"8736\" src=\"https:\/\/mairieassinie.com\/web\/wp-content\/uploads\/2024\/01\/essankro-2-1.jpeg\" alt=\"\" class=\"wp-image-8736\" srcset=\"https:\/\/mairieassinie.com\/web\/wp-content\/uploads\/2024\/01\/essankro-2-1.jpeg 984w, https:\/\/mairieassinie.com\/web\/wp-content\/uploads\/2024\/01\/essankro-2-1-300x132.jpeg 300w, https:\/\/mairieassinie.com\/web\/wp-content\/uploads\/2024\/01\/essankro-2-1-768x337.jpeg 768w, https:\/\/mairieassinie.com\/web\/wp-content\/uploads\/2024\/01\/essankro-2-1-519x228.jpeg 519w, https:\/\/mairieassinie.com\/web\/wp-content\/uploads\/2024\/01\/essankro-2-1-600x263.jpeg 600w\" sizes=\"(max-width: 984px) 100vw, 984px\" \/><\/a><\/figure>\n<\/figure>\n\n\n\n<h2 class=\"wp-block-heading\">Sagbadou<\/h2>\n\n\n\n<figure class=\"wp-block-gallery has-nested-images columns-default is-cropped wp-block-gallery-3 is-layout-flex wp-block-gallery-is-layout-flex\">\n<figure class=\"wp-block-image size-large\"><a href=\"https:\/\/mairieassinie.com\/web\/wp-content\/uploads\/2023\/12\/WhatsApp-Image-2023-12-23-at-12.24.58-1.jpeg\"><img loading=\"lazy\" decoding=\"async\" width=\"1024\" height=\"461\" data-id=\"8617\" src=\"https:\/\/mairieassinie.com\/web\/wp-content\/uploads\/2023\/12\/WhatsApp-Image-2023-12-23-at-12.24.58-1-1024x461.jpeg\" alt=\"\" class=\"wp-image-8617\" srcset=\"https:\/\/mairieassinie.com\/web\/wp-content\/uploads\/2023\/12\/WhatsApp-Image-2023-12-23-at-12.24.58-1-1024x461.jpeg 1024w, https:\/\/mairieassinie.com\/web\/wp-content\/uploads\/2023\/12\/WhatsApp-Image-2023-12-23-at-12.24.58-1-300x135.jpeg 300w, https:\/\/mairieassinie.com\/web\/wp-content\/uploads\/2023\/12\/WhatsApp-Image-2023-12-23-at-12.24.58-1-768x346.jpeg 768w, https:\/\/mairieassinie.com\/web\/wp-content\/uploads\/2023\/12\/WhatsApp-Image-2023-12-23-at-12.24.58-1-507x228.jpeg 507w, https:\/\/mairieassinie.com\/web\/wp-content\/uploads\/2023\/12\/WhatsApp-Image-2023-12-23-at-12.24.58-1-600x270.jpeg 600w, https:\/\/mairieassinie.com\/web\/wp-content\/uploads\/2023\/12\/WhatsApp-Image-2023-12-23-at-12.24.58-1.jpeg 1120w\" sizes=\"(max-width: 1024px) 100vw, 1024px\" \/><\/a><\/figure>\n\n\n\n<figure class=\"wp-block-image size-large\"><a href=\"https:\/\/mairieassinie.com\/web\/wp-content\/uploads\/2023\/12\/WhatsApp-Image-2023-12-23-at-12.24.59-1.jpeg\"><img loading=\"lazy\" decoding=\"async\" width=\"1024\" height=\"461\" data-id=\"8619\" src=\"https:\/\/mairieassinie.com\/web\/wp-content\/uploads\/2023\/12\/WhatsApp-Image-2023-12-23-at-12.24.59-1-1024x461.jpeg\" alt=\"\" class=\"wp-image-8619\" srcset=\"https:\/\/mairieassinie.com\/web\/wp-content\/uploads\/2023\/12\/WhatsApp-Image-2023-12-23-at-12.24.59-1-1024x461.jpeg 1024w, https:\/\/mairieassinie.com\/web\/wp-content\/uploads\/2023\/12\/WhatsApp-Image-2023-12-23-at-12.24.59-1-300x135.jpeg 300w, https:\/\/mairieassinie.com\/web\/wp-content\/uploads\/2023\/12\/WhatsApp-Image-2023-12-23-at-12.24.59-1-768x346.jpeg 768w, https:\/\/mairieassinie.com\/web\/wp-content\/uploads\/2023\/12\/WhatsApp-Image-2023-12-23-at-12.24.59-1-507x228.jpeg 507w, https:\/\/mairieassinie.com\/web\/wp-content\/uploads\/2023\/12\/WhatsApp-Image-2023-12-23-at-12.24.59-1-600x270.jpeg 600w, https:\/\/mairieassinie.com\/web\/wp-content\/uploads\/2023\/12\/WhatsApp-Image-2023-12-23-at-12.24.59-1.jpeg 1120w\" sizes=\"(max-width: 1024px) 100vw, 1024px\" \/><\/a><\/figure>\n<\/figure>\n\n\n\n<h2 class=\"wp-block-heading\">Man-Man<\/h2>\n\n\n\n<figure class=\"wp-block-gallery has-nested-images columns-default is-cropped wp-block-gallery-4 is-layout-flex wp-block-gallery-is-layout-flex\">\n<figure class=\"wp-block-image size-large\"><a href=\"https:\/\/mairieassinie.com\/web\/wp-content\/uploads\/2024\/01\/1-4.jpeg\"><img loading=\"lazy\" decoding=\"async\" width=\"1080\" height=\"608\" data-id=\"8738\" src=\"https:\/\/mairieassinie.com\/web\/wp-content\/uploads\/2024\/01\/1-4-edited.jpeg\" alt=\"\" class=\"wp-image-8738\" srcset=\"https:\/\/mairieassinie.com\/web\/wp-content\/uploads\/2024\/01\/1-4-edited.jpeg 1080w, https:\/\/mairieassinie.com\/web\/wp-content\/uploads\/2024\/01\/1-4-edited-300x169.jpeg 300w, https:\/\/mairieassinie.com\/web\/wp-content\/uploads\/2024\/01\/1-4-edited-1024x576.jpeg 1024w, https:\/\/mairieassinie.com\/web\/wp-content\/uploads\/2024\/01\/1-4-edited-768x432.jpeg 768w, https:\/\/mairieassinie.com\/web\/wp-content\/uploads\/2024\/01\/1-4-edited-405x228.jpeg 405w, https:\/\/mairieassinie.com\/web\/wp-content\/uploads\/2024\/01\/1-4-edited-600x338.jpeg 600w\" sizes=\"(max-width: 1080px) 100vw, 1080px\" \/><\/a><\/figure>\n<\/figure>\n\n\n\n<h2 class=\"wp-block-heading\">Quartier France<\/h2>\n\n\n\n<figure class=\"wp-block-gallery has-nested-images columns-default is-cropped wp-block-gallery-5 is-layout-flex wp-block-gallery-is-layout-flex\">\n<figure class=\"wp-block-image size-large\"><a href=\"https:\/\/mairieassinie.com\/web\/wp-content\/uploads\/2024\/01\/WhatsApp-Image-2024-01-13-at-17.15.11.jpeg\"><img loading=\"lazy\" decoding=\"async\" width=\"1024\" height=\"748\" data-id=\"8828\" src=\"https:\/\/mairieassinie.com\/web\/wp-content\/uploads\/2024\/01\/WhatsApp-Image-2024-01-13-at-17.15.11-1024x748.jpeg\" alt=\"\" class=\"wp-image-8828\" srcset=\"https:\/\/mairieassinie.com\/web\/wp-content\/uploads\/2024\/01\/WhatsApp-Image-2024-01-13-at-17.15.11-1024x748.jpeg 1024w, https:\/\/mairieassinie.com\/web\/wp-content\/uploads\/2024\/01\/WhatsApp-Image-2024-01-13-at-17.15.11-300x219.jpeg 300w, https:\/\/mairieassinie.com\/web\/wp-content\/uploads\/2024\/01\/WhatsApp-Image-2024-01-13-at-17.15.11-768x561.jpeg 768w, https:\/\/mairieassinie.com\/web\/wp-content\/uploads\/2024\/01\/WhatsApp-Image-2024-01-13-at-17.15.11-312x228.jpeg 312w, https:\/\/mairieassinie.com\/web\/wp-content\/uploads\/2024\/01\/WhatsApp-Image-2024-01-13-at-17.15.11-600x438.jpeg 600w, https:\/\/mairieassinie.com\/web\/wp-content\/uploads\/2024\/01\/WhatsApp-Image-2024-01-13-at-17.15.11.jpeg 1080w\" sizes=\"(max-width: 1024px) 100vw, 1024px\" \/><\/a><\/figure>\n\n\n\n<figure class=\"wp-block-image size-large\"><a href=\"https:\/\/mairieassinie.com\/web\/wp-content\/uploads\/2024\/01\/WhatsApp-Image-2024-01-13-at-17.15.10.jpeg\"><img loading=\"lazy\" decoding=\"async\" width=\"1024\" height=\"741\" data-id=\"8826\" src=\"https:\/\/mairieassinie.com\/web\/wp-content\/uploads\/2024\/01\/WhatsApp-Image-2024-01-13-at-17.15.10-1024x741.jpeg\" alt=\"\" class=\"wp-image-8826\" srcset=\"https:\/\/mairieassinie.com\/web\/wp-content\/uploads\/2024\/01\/WhatsApp-Image-2024-01-13-at-17.15.10-1024x741.jpeg 1024w, https:\/\/mairieassinie.com\/web\/wp-content\/uploads\/2024\/01\/WhatsApp-Image-2024-01-13-at-17.15.10-300x217.jpeg 300w, https:\/\/mairieassinie.com\/web\/wp-content\/uploads\/2024\/01\/WhatsApp-Image-2024-01-13-at-17.15.10-768x555.jpeg 768w, https:\/\/mairieassinie.com\/web\/wp-content\/uploads\/2024\/01\/WhatsApp-Image-2024-01-13-at-17.15.10-315x228.jpeg 315w, https:\/\/mairieassinie.com\/web\/wp-content\/uploads\/2024\/01\/WhatsApp-Image-2024-01-13-at-17.15.10-600x434.jpeg 600w, https:\/\/mairieassinie.com\/web\/wp-content\/uploads\/2024\/01\/WhatsApp-Image-2024-01-13-at-17.15.10.jpeg 1080w\" sizes=\"(max-width: 1024px) 100vw, 1024px\" \/><\/a><\/figure>\n<\/figure>\n\n    <div class=\"xs_social_share_widget xs_share_url both_content \t\tmain_content  wslu-style-1 wslu-share-box-shaped wslu-fill-colored wslu-none wslu-share-horizontal wslu-theme-font-no wslu-main_content\">\n\n\t\t\n        <ul>\n\t\t\t        <\/ul>\n    <\/div> \n","protected":false},"excerpt":{"rendered":"<p>Cette ann&eacute;e, No&euml;l a &eacute;t&eacute; particuli&egrave;rement magique &agrave; Assinie !&nbsp;Gr&acirc;ce &agrave; l&rsquo;initiative de notre maire, M. Pierre MAGNE, trois mois seulement apr&egrave;s sa prise de fonction.&nbsp; Le 23 d&eacute;cembre 2023 restera grav&eacute; dans la m&eacute;moire des habitants, en particulier des enfants d&rsquo;Assinie-Mafia. De merveilleux cadeaux ont &eacute;t&eacute; offerts &agrave; chaque enfant des villages de Man [&hellip;]<\/p>\n","protected":false},"author":1,"featured_media":8805,"comment_status":"closed","ping_status":"open","sticky":false,"template":"","format":"standard","meta":{"footnotes":""},"categories":[3,125],"tags":[],"class_list":["post-8773","post","type-post","status-publish","format-standard","has-post-thumbnail","hentry","category-actualite","category-municipalite"],"yoast_head":"<!-- This site is optimized with the Yoast SEO plugin v25.9 - https:\/\/yoast.com\/wordpress\/plugins\/seo\/ -->\n<title>No\u00ebl joyeux \u00e0 Assinie gr\u00e2ce au Maire - Mairie d&#039;Assinie-Mairie<\/title>\n<meta name=\"robots\" content=\"index, follow, max-snippet:-1, max-image-preview:large, max-video-preview:-1\" \/>\n<link rel=\"canonical\" href=\"https:\/\/mairieassinie.com\/web\/un-noel-joyeux-a-assinie-grace-au-maire-pierre-magne\/\" \/>\n<meta property=\"og:locale\" content=\"fr_FR\" \/>\n<meta property=\"og:type\" content=\"article\" \/>\n<meta property=\"og:title\" content=\"No\u00ebl joyeux \u00e0 Assinie gr\u00e2ce au Maire - No\u00ebl joyeux \u00e0 Assinie gr\u00e2ce au Maire\" \/>\n<meta property=\"og:description\" content=\"Cette ann\u00e9e, No\u00ebl a \u00e9t\u00e9 particuli\u00e8rement magique \u00e0 Assinie !\u00a0Gr\u00e2ce \u00e0 l&#039;initiative de notre maire, M. Pierre MAGNE, trois mois seulement apr\u00e8s sa prise de fonction.\u00a0\" \/>\n<meta property=\"og:url\" content=\"https:\/\/mairieassinie.com\/web\/un-noel-joyeux-a-assinie-grace-au-maire-pierre-magne\/\" \/>\n<meta property=\"og:site_name\" content=\"Mairie d&#039;Assinie-Mairie\" \/>\n<meta property=\"article:publisher\" content=\"https:\/\/www.facebook.com\/mairieassinie.officiel\" \/>\n<meta property=\"article:published_time\" content=\"2024-01-10T04:23:57+00:00\" \/>\n<meta property=\"article:modified_time\" content=\"2024-01-14T13:44:42+00:00\" \/>\n<meta property=\"og:image\" content=\"https:\/\/mairieassinie.com\/web\/wp-content\/uploads\/2024\/01\/3-scaled.jpg\" \/>\n\t<meta property=\"og:image:width\" content=\"2560\" \/>\n\t<meta property=\"og:image:height\" content=\"1461\" \/>\n\t<meta property=\"og:image:type\" content=\"image\/jpeg\" \/>\n<meta name=\"author\" content=\"Mairie d&#039;Assinie\" \/>\n<meta name=\"twitter:card\" content=\"summary_large_image\" \/>\n<meta name=\"twitter:title\" content=\"Mairie d&#039;Assinie-Mairie - No\u00ebl joyeux \u00e0 Assinie gr\u00e2ce au Maire\" \/>\n<meta name=\"twitter:description\" content=\"Cette ann\u00e9e, No\u00ebl a \u00e9t\u00e9 particuli\u00e8rement magique \u00e0 Assinie !\u00a0Gr\u00e2ce \u00e0 l&#039;initiative de notre maire, M. Pierre MAGNE, trois mois seulement apr\u00e8s sa prise de fonction.\u00a0\" \/>\n<meta name=\"twitter:image\" content=\"https:\/\/mairieassinie.com\/web\/wp-content\/uploads\/2024\/01\/3-scaled.jpg\" \/>\n<meta name=\"twitter:label1\" content=\"\u00c9crit par\" \/>\n\t<meta name=\"twitter:data1\" content=\"Mairie d&#039;Assinie\" \/>\n\t<meta name=\"twitter:label2\" content=\"Dur\u00e9e de lecture estim\u00e9e\" \/>\n\t<meta name=\"twitter:data2\" content=\"3 minutes\" \/>\n<script type=\"application\/ld+json\" class=\"yoast-schema-graph\">{\"@context\":\"https:\/\/schema.org\",\"@graph\":[{\"@type\":\"WebPage\",\"@id\":\"https:\/\/mairieassinie.com\/web\/un-noel-joyeux-a-assinie-grace-au-maire-pierre-magne\/\",\"url\":\"https:\/\/mairieassinie.com\/web\/un-noel-joyeux-a-assinie-grace-au-maire-pierre-magne\/\",\"name\":\"No\u00ebl joyeux \u00e0 Assinie gr\u00e2ce au Maire - Mairie d&#039;Assinie-Mairie\",\"isPartOf\":{\"@id\":\"https:\/\/mairieassinie.com\/web\/#website\"},\"primaryImageOfPage\":{\"@id\":\"https:\/\/mairieassinie.com\/web\/un-noel-joyeux-a-assinie-grace-au-maire-pierre-magne\/#primaryimage\"},\"image\":{\"@id\":\"https:\/\/mairieassinie.com\/web\/un-noel-joyeux-a-assinie-grace-au-maire-pierre-magne\/#primaryimage\"},\"thumbnailUrl\":\"https:\/\/mairieassinie.com\/web\/wp-content\/uploads\/2024\/01\/Ass-1.jpg\",\"datePublished\":\"2024-01-10T04:23:57+00:00\",\"dateModified\":\"2024-01-14T13:44:42+00:00\",\"author\":{\"@id\":\"https:\/\/mairieassinie.com\/web\/#\/schema\/person\/0ecd83b8a4e17bffe24658c727a93bff\"},\"breadcrumb\":{\"@id\":\"https:\/\/mairieassinie.com\/web\/un-noel-joyeux-a-assinie-grace-au-maire-pierre-magne\/#breadcrumb\"},\"inLanguage\":\"fr-FR\",\"potentialAction\":[{\"@type\":\"ReadAction\",\"target\":[\"https:\/\/mairieassinie.com\/web\/un-noel-joyeux-a-assinie-grace-au-maire-pierre-magne\/\"]}]},{\"@type\":\"ImageObject\",\"inLanguage\":\"fr-FR\",\"@id\":\"https:\/\/mairieassinie.com\/web\/un-noel-joyeux-a-assinie-grace-au-maire-pierre-magne\/#primaryimage\",\"url\":\"https:\/\/mairieassinie.com\/web\/wp-content\/uploads\/2024\/01\/Ass-1.jpg\",\"contentUrl\":\"https:\/\/mairieassinie.com\/web\/wp-content\/uploads\/2024\/01\/Ass-1.jpg\",\"width\":1080,\"height\":720},{\"@type\":\"BreadcrumbList\",\"@id\":\"https:\/\/mairieassinie.com\/web\/un-noel-joyeux-a-assinie-grace-au-maire-pierre-magne\/#breadcrumb\",\"itemListElement\":[{\"@type\":\"ListItem\",\"position\":1,\"name\":\"Accueil\",\"item\":\"https:\/\/mairieassinie.com\/web\/\"},{\"@type\":\"ListItem\",\"position\":2,\"name\":\"No\u00ebl joyeux \u00e0 Assinie gr\u00e2ce au Maire\"}]},{\"@type\":\"WebSite\",\"@id\":\"https:\/\/mairieassinie.com\/web\/#website\",\"url\":\"https:\/\/mairieassinie.com\/web\/\",\"name\":\"Mairie d'Assinie\",\"description\":\"Une cit\u00e9 baln\u00e9aire exceptionnelle.\",\"potentialAction\":[{\"@type\":\"SearchAction\",\"target\":{\"@type\":\"EntryPoint\",\"urlTemplate\":\"https:\/\/mairieassinie.com\/web\/?s={search_term_string}\"},\"query-input\":{\"@type\":\"PropertyValueSpecification\",\"valueRequired\":true,\"valueName\":\"search_term_string\"}}],\"inLanguage\":\"fr-FR\"},{\"@type\":\"Person\",\"@id\":\"https:\/\/mairieassinie.com\/web\/#\/schema\/person\/0ecd83b8a4e17bffe24658c727a93bff\",\"name\":\"Mairie d'Assinie\",\"image\":{\"@type\":\"ImageObject\",\"inLanguage\":\"fr-FR\",\"@id\":\"https:\/\/mairieassinie.com\/web\/#\/schema\/person\/image\/\",\"url\":\"https:\/\/secure.gravatar.com\/avatar\/1ff5562aa9a808145ec52b36c6c64a4ef0b47ed2ebe0987837fe8ae4577b34c6?s=96&d=mm&r=g\",\"contentUrl\":\"https:\/\/secure.gravatar.com\/avatar\/1ff5562aa9a808145ec52b36c6c64a4ef0b47ed2ebe0987837fe8ae4577b34c6?s=96&d=mm&r=g\",\"caption\":\"Mairie d'Assinie\"},\"url\":\"https:\/\/mairieassinie.com\/web\/author\/mairieassinie\/\"}]}<\/script>\n<!-- \/ Yoast SEO plugin. -->","yoast_head_json":{"title":"No\u00ebl joyeux \u00e0 Assinie gr\u00e2ce au Maire - Mairie d&#039;Assinie-Mairie","robots":{"index":"index","follow":"follow","max-snippet":"max-snippet:-1","max-image-preview":"max-image-preview:large","max-video-preview":"max-video-preview:-1"},"canonical":"https:\/\/mairieassinie.com\/web\/un-noel-joyeux-a-assinie-grace-au-maire-pierre-magne\/","og_locale":"fr_FR","og_type":"article","og_title":"No\u00ebl joyeux \u00e0 Assinie gr\u00e2ce au Maire - No\u00ebl joyeux \u00e0 Assinie gr\u00e2ce au Maire","og_description":"Cette ann\u00e9e, No\u00ebl a \u00e9t\u00e9 particuli\u00e8rement magique \u00e0 Assinie !\u00a0Gr\u00e2ce \u00e0 l'initiative de notre maire, M. Pierre MAGNE, trois mois seulement apr\u00e8s sa prise de fonction.\u00a0","og_url":"https:\/\/mairieassinie.com\/web\/un-noel-joyeux-a-assinie-grace-au-maire-pierre-magne\/","og_site_name":"Mairie d&#039;Assinie-Mairie","article_publisher":"https:\/\/www.facebook.com\/mairieassinie.officiel","article_published_time":"2024-01-10T04:23:57+00:00","article_modified_time":"2024-01-14T13:44:42+00:00","og_image":[{"width":2560,"height":1461,"url":"https:\/\/mairieassinie.com\/web\/wp-content\/uploads\/2024\/01\/3-scaled.jpg","type":"image\/jpeg"}],"author":"Mairie d'Assinie","twitter_card":"summary_large_image","twitter_title":"Mairie d&#039;Assinie-Mairie - No\u00ebl joyeux \u00e0 Assinie gr\u00e2ce au Maire","twitter_description":"Cette ann\u00e9e, No\u00ebl a \u00e9t\u00e9 particuli\u00e8rement magique \u00e0 Assinie !\u00a0Gr\u00e2ce \u00e0 l'initiative de notre maire, M. Pierre MAGNE, trois mois seulement apr\u00e8s sa prise de fonction.\u00a0","twitter_image":"https:\/\/mairieassinie.com\/web\/wp-content\/uploads\/2024\/01\/3-scaled.jpg","twitter_misc":{"\u00c9crit par":"Mairie d'Assinie","Dur\u00e9e de lecture estim\u00e9e":"3 minutes"},"schema":{"@context":"https:\/\/schema.org","@graph":[{"@type":"WebPage","@id":"https:\/\/mairieassinie.com\/web\/un-noel-joyeux-a-assinie-grace-au-maire-pierre-magne\/","url":"https:\/\/mairieassinie.com\/web\/un-noel-joyeux-a-assinie-grace-au-maire-pierre-magne\/","name":"No\u00ebl joyeux \u00e0 Assinie gr\u00e2ce au Maire - Mairie d&#039;Assinie-Mairie","isPartOf":{"@id":"https:\/\/mairieassinie.com\/web\/#website"},"primaryImageOfPage":{"@id":"https:\/\/mairieassinie.com\/web\/un-noel-joyeux-a-assinie-grace-au-maire-pierre-magne\/#primaryimage"},"image":{"@id":"https:\/\/mairieassinie.com\/web\/un-noel-joyeux-a-assinie-grace-au-maire-pierre-magne\/#primaryimage"},"thumbnailUrl":"https:\/\/mairieassinie.com\/web\/wp-content\/uploads\/2024\/01\/Ass-1.jpg","datePublished":"2024-01-10T04:23:57+00:00","dateModified":"2024-01-14T13:44:42+00:00","author":{"@id":"https:\/\/mairieassinie.com\/web\/#\/schema\/person\/0ecd83b8a4e17bffe24658c727a93bff"},"breadcrumb":{"@id":"https:\/\/mairieassinie.com\/web\/un-noel-joyeux-a-assinie-grace-au-maire-pierre-magne\/#breadcrumb"},"inLanguage":"fr-FR","potentialAction":[{"@type":"ReadAction","target":["https:\/\/mairieassinie.com\/web\/un-noel-joyeux-a-assinie-grace-au-maire-pierre-magne\/"]}]},{"@type":"ImageObject","inLanguage":"fr-FR","@id":"https:\/\/mairieassinie.com\/web\/un-noel-joyeux-a-assinie-grace-au-maire-pierre-magne\/#primaryimage","url":"https:\/\/mairieassinie.com\/web\/wp-content\/uploads\/2024\/01\/Ass-1.jpg","contentUrl":"https:\/\/mairieassinie.com\/web\/wp-content\/uploads\/2024\/01\/Ass-1.jpg","width":1080,"height":720},{"@type":"BreadcrumbList","@id":"https:\/\/mairieassinie.com\/web\/un-noel-joyeux-a-assinie-grace-au-maire-pierre-magne\/#breadcrumb","itemListElement":[{"@type":"ListItem","position":1,"name":"Accueil","item":"https:\/\/mairieassinie.com\/web\/"},{"@type":"ListItem","position":2,"name":"No\u00ebl joyeux \u00e0 Assinie gr\u00e2ce au Maire"}]},{"@type":"WebSite","@id":"https:\/\/mairieassinie.com\/web\/#website","url":"https:\/\/mairieassinie.com\/web\/","name":"Mairie d'Assinie","description":"Une cit\u00e9 baln\u00e9aire exceptionnelle.","potentialAction":[{"@type":"SearchAction","target":{"@type":"EntryPoint","urlTemplate":"https:\/\/mairieassinie.com\/web\/?s={search_term_string}"},"query-input":{"@type":"PropertyValueSpecification","valueRequired":true,"valueName":"search_term_string"}}],"inLanguage":"fr-FR"},{"@type":"Person","@id":"https:\/\/mairieassinie.com\/web\/#\/schema\/person\/0ecd83b8a4e17bffe24658c727a93bff","name":"Mairie d'Assinie","image":{"@type":"ImageObject","inLanguage":"fr-FR","@id":"https:\/\/mairieassinie.com\/web\/#\/schema\/person\/image\/","url":"https:\/\/secure.gravatar.com\/avatar\/1ff5562aa9a808145ec52b36c6c64a4ef0b47ed2ebe0987837fe8ae4577b34c6?s=96&d=mm&r=g","contentUrl":"https:\/\/secure.gravatar.com\/avatar\/1ff5562aa9a808145ec52b36c6c64a4ef0b47ed2ebe0987837fe8ae4577b34c6?s=96&d=mm&r=g","caption":"Mairie d'Assinie"},"url":"https:\/\/mairieassinie.com\/web\/author\/mairieassinie\/"}]}},"_links":{"self":[{"href":"https:\/\/mairieassinie.com\/web\/wp-json\/wp\/v2\/posts\/8773","targetHints":{"allow":["GET"]}}],"collection":[{"href":"https:\/\/mairieassinie.com\/web\/wp-json\/wp\/v2\/posts"}],"about":[{"href":"https:\/\/mairieassinie.com\/web\/wp-json\/wp\/v2\/types\/post"}],"author":[{"embeddable":true,"href":"https:\/\/mairieassinie.com\/web\/wp-json\/wp\/v2\/users\/1"}],"replies":[{"embeddable":true,"href":"https:\/\/mairieassinie.com\/web\/wp-json\/wp\/v2\/comments?post=8773"}],"version-history":[{"count":2,"href":"https:\/\/mairieassinie.com\/web\/wp-json\/wp\/v2\/posts\/8773\/revisions"}],"predecessor-version":[{"id":8829,"href":"https:\/\/mairieassinie.com\/web\/wp-json\/wp\/v2\/posts\/8773\/revisions\/8829"}],"wp:featuredmedia":[{"embeddable":true,"href":"https:\/\/mairieassinie.com\/web\/wp-json\/wp\/v2\/media\/8805"}],"wp:attachment":[{"href":"https:\/\/mairieassinie.com\/web\/wp-json\/wp\/v2\/media?parent=8773"}],"wp:term":[{"taxonomy":"category","embeddable":true,"href":"https:\/\/mairieassinie.com\/web\/wp-json\/wp\/v2\/categories?post=8773"},{"taxonomy":"post_tag","embeddable":true,"href":"https:\/\/mairieassinie.com\/web\/wp-json\/wp\/v2\/tags?post=8773"}],"curies":[{"name":"wp","href":"https:\/\/api.w.org\/{rel}","templated":true}]}}