{"id":9045,"date":"2024-03-12T13:04:12","date_gmt":"2024-03-12T12:04:12","guid":{"rendered":"https:\/\/mairieassinie.com\/web\/?p=9045"},"modified":"2024-06-05T04:40:57","modified_gmt":"2024-06-05T02:40:57","slug":"audience-du-president-de-la-republique-au-maire-dassinie-mafia","status":"publish","type":"post","link":"https:\/\/mairieassinie.com\/web\/audience-du-president-de-la-republique-au-maire-dassinie-mafia\/","title":{"rendered":"Audience du Pr\u00e9sident au Maire."},"content":{"rendered":"\n<p>Le lundi 11 mars 2024, Monsieur Pierre MAGNE,\u00a0Maire de la Commune d\u2019Assinie-Mafia, a eu l\u2019honneur d\u2018\u00eatre re\u00e7u par son Excellence le Pr\u00e9sident Alassane OUATTARA\u00a0afin de lui exprimer sa gratitude, ainsi qu&rsquo;au Parti le RHDP, pour leur soutien lors des \u00e9lections municipales du 1er septembre 2023.<\/p>\n\n\n\n<hr class=\"wp-block-separator has-alpha-channel-opacity\"\/>\n\n\n\n<p>Des remerciements tout particuliers de la population lui ont \u00e9t\u00e9 transmis,&nbsp;pour la construction de l\u2019autoroute Bassam-Assinie. Ce bel ouvrage est un pas important vers le d\u00e9veloppement de la commune&nbsp;d&rsquo;Assinie-Mafia. Le Pr\u00e9sident de la R\u00e9publique a&nbsp;appr\u00e9ci\u00e9 la d\u00e9marche du Maire et a promis s\u2019impliquer davantage pour accompagner le d\u00e9veloppement de la Commune.&nbsp;Monsieur le Maire lui a r\u00e9it\u00e9r\u00e9 l&rsquo;invitation de la population \u00e0 se rendre au village selon sa disponibilit\u00e9.<\/p>\n\n\n\n<p>Cette rencontre a \u00e9galement offert au nouveau Maire l&rsquo;opportunit\u00e9 de pr\u00e9senter la Vision et les Axes de D\u00e9veloppement de la Commune d&rsquo;Assinie-Mafia au Pr\u00e9sident de la R\u00e9publique, dans le but de recueillir ses observations et pr\u00e9cieux conseils.<br><br>Les pr\u00e9occupations sp\u00e9cifiques de la Municipalit\u00e9 ont \u00e9t\u00e9 abord\u00e9es, de m\u00eame que les projets imm\u00e9diats de d\u00e9veloppement pr\u00e9vus pour l&rsquo;ann\u00e9e 2024. Cette r\u00e9union a marqu\u00e9 une \u00e9tape importante dans le renforcement des liens entre la Commune d&rsquo;Assinie-Mafia et le plus haut niveau de l&rsquo;\u00c9tat, t\u00e9moignant d&rsquo;une volont\u00e9 commune de favoriser la croissance et le bien-\u00eatre de la communaut\u00e9 locale.<\/p>\n\n\n\n<p>Service de Communication<br><\/p>\n\n\n\n<figure class=\"wp-block-image size-large\"><a href=\"https:\/\/mairieassinie.com\/web\/wp-content\/uploads\/2024\/03\/PM-PR-scaled.jpeg\"><img fetchpriority=\"high\" decoding=\"async\" width=\"1024\" height=\"683\" src=\"https:\/\/mairieassinie.com\/web\/wp-content\/uploads\/2024\/03\/PM-PR-1024x683.jpeg\" alt=\"\" class=\"wp-image-9046\" srcset=\"https:\/\/mairieassinie.com\/web\/wp-content\/uploads\/2024\/03\/PM-PR-1024x683.jpeg 1024w, https:\/\/mairieassinie.com\/web\/wp-content\/uploads\/2024\/03\/PM-PR-300x200.jpeg 300w, https:\/\/mairieassinie.com\/web\/wp-content\/uploads\/2024\/03\/PM-PR-768x512.jpeg 768w, https:\/\/mairieassinie.com\/web\/wp-content\/uploads\/2024\/03\/PM-PR-342x228.jpeg 342w, https:\/\/mairieassinie.com\/web\/wp-content\/uploads\/2024\/03\/PM-PR-1536x1024.jpeg 1536w, https:\/\/mairieassinie.com\/web\/wp-content\/uploads\/2024\/03\/PM-PR-2048x1365.jpeg 2048w\" sizes=\"(max-width: 1024px) 100vw, 1024px\" \/><\/a><\/figure>\n\n\n\n<figure class=\"wp-block-gallery has-nested-images columns-default is-cropped wp-block-gallery-1 is-layout-flex wp-block-gallery-is-layout-flex\">\n<figure class=\"wp-block-image size-large\"><a href=\"https:\/\/mairieassinie.com\/web\/wp-content\/uploads\/2024\/03\/PM-PR-1.jpg\"><img decoding=\"async\" width=\"1024\" height=\"662\" data-id=\"9048\" src=\"https:\/\/mairieassinie.com\/web\/wp-content\/uploads\/2024\/03\/PM-PR-1-1024x662.jpg\" alt=\"\" class=\"wp-image-9048\" srcset=\"https:\/\/mairieassinie.com\/web\/wp-content\/uploads\/2024\/03\/PM-PR-1-1024x662.jpg 1024w, https:\/\/mairieassinie.com\/web\/wp-content\/uploads\/2024\/03\/PM-PR-1-300x194.jpg 300w, https:\/\/mairieassinie.com\/web\/wp-content\/uploads\/2024\/03\/PM-PR-1-768x496.jpg 768w, https:\/\/mairieassinie.com\/web\/wp-content\/uploads\/2024\/03\/PM-PR-1-353x228.jpg 353w, https:\/\/mairieassinie.com\/web\/wp-content\/uploads\/2024\/03\/PM-PR-1-1536x992.jpg 1536w, https:\/\/mairieassinie.com\/web\/wp-content\/uploads\/2024\/03\/PM-PR-1-2048x1323.jpg 2048w\" sizes=\"(max-width: 1024px) 100vw, 1024px\" \/><\/a><\/figure>\n\n\n\n<figure class=\"wp-block-image size-large\"><a href=\"https:\/\/mairieassinie.com\/web\/wp-content\/uploads\/2024\/03\/PM-PR-2-scaled.jpeg\"><img decoding=\"async\" width=\"1024\" height=\"653\" data-id=\"9049\" src=\"https:\/\/mairieassinie.com\/web\/wp-content\/uploads\/2024\/03\/PM-PR-2-1024x653.jpeg\" alt=\"\" class=\"wp-image-9049\" srcset=\"https:\/\/mairieassinie.com\/web\/wp-content\/uploads\/2024\/03\/PM-PR-2-1024x653.jpeg 1024w, https:\/\/mairieassinie.com\/web\/wp-content\/uploads\/2024\/03\/PM-PR-2-300x191.jpeg 300w, https:\/\/mairieassinie.com\/web\/wp-content\/uploads\/2024\/03\/PM-PR-2-768x490.jpeg 768w, https:\/\/mairieassinie.com\/web\/wp-content\/uploads\/2024\/03\/PM-PR-2-357x228.jpeg 357w, https:\/\/mairieassinie.com\/web\/wp-content\/uploads\/2024\/03\/PM-PR-2-1536x980.jpeg 1536w, https:\/\/mairieassinie.com\/web\/wp-content\/uploads\/2024\/03\/PM-PR-2-2048x1307.jpeg 2048w\" sizes=\"(max-width: 1024px) 100vw, 1024px\" \/><\/a><\/figure>\n<\/figure>\n\n    <div class=\"xs_social_share_widget xs_share_url after_content \t\tmain_content  wslu-style-1 wslu-share-box-shaped wslu-fill-colored wslu-none wslu-share-horizontal wslu-theme-font-no wslu-main_content\">\n\n\t\t\n        <ul>\n\t\t\t        <\/ul>\n    <\/div> \n","protected":false},"excerpt":{"rendered":"<p>Le lundi 11 mars 2024, Monsieur Pierre MAGNE,&nbsp;Maire de la Commune d&rsquo;Assinie-Mafia, a eu l&rsquo;honneur d&lsquo;&ecirc;tre re&ccedil;u par son Excellence le Pr&eacute;sident Alassane OUATTARA&nbsp;afin de lui exprimer sa gratitude, ainsi qu&rsquo;au Parti le RHDP, pour leur soutien lors des &eacute;lections municipales du 1er septembre 2023. Des remerciements tout particuliers de la population lui ont &eacute;t&eacute; [&hellip;]<\/p>\n","protected":false},"author":1,"featured_media":9046,"comment_status":"closed","ping_status":"open","sticky":false,"template":"","format":"standard","meta":{"footnotes":""},"categories":[3,125],"tags":[],"class_list":["post-9045","post","type-post","status-publish","format-standard","has-post-thumbnail","hentry","category-actualite","category-municipalite"],"yoast_head":"<!-- This site is optimized with the Yoast SEO plugin v25.9 - https:\/\/yoast.com\/wordpress\/plugins\/seo\/ -->\n<title>Audience du Pr\u00e9sident au Maire. - Mairie d&#039;Assinie-Mairie<\/title>\n<meta name=\"description\" content=\"Monsieur Pierre MAGNE, Maire de la Commune d\u2019Assinie-Mafia, a eu l\u2019honneur d\u2018\u00eatre re\u00e7u par son Excellence le Pr\u00e9sident Alassane OUATTARA...\" \/>\n<meta name=\"robots\" content=\"index, follow, max-snippet:-1, max-image-preview:large, max-video-preview:-1\" \/>\n<link rel=\"canonical\" href=\"https:\/\/mairieassinie.com\/web\/audience-du-president-de-la-republique-au-maire-dassinie-mafia\/\" \/>\n<meta property=\"og:locale\" content=\"fr_FR\" \/>\n<meta property=\"og:type\" content=\"article\" \/>\n<meta property=\"og:title\" content=\"Mairie d&#039;Assinie-Mairie Audience du Pr\u00e9sident au Maire. Audience du Pr\u00e9sident au Maire.\" \/>\n<meta property=\"og:description\" content=\"Le lundi 11 mars 2024, Monsieur Pierre MAGNE, Maire de la Commune d\u2019Assinie-Mafia, a eu l\u2019honneur d\u2018\u00eatre re\u00e7u par son Excellence le Pr\u00e9sident Alassane OUATTARA afin de lui exprimer sa gratitude, ainsi que celle du Parti le RHDP, pour son soutien lors des \u00e9lections municipales du 1er septembre 2023.\" \/>\n<meta property=\"og:url\" content=\"https:\/\/mairieassinie.com\/web\/audience-du-president-de-la-republique-au-maire-dassinie-mafia\/\" \/>\n<meta property=\"og:site_name\" content=\"Mairie d&#039;Assinie-Mairie\" \/>\n<meta property=\"article:publisher\" content=\"https:\/\/www.facebook.com\/mairieassinie.officiel\" \/>\n<meta property=\"article:published_time\" content=\"2024-03-12T12:04:12+00:00\" \/>\n<meta property=\"article:modified_time\" content=\"2024-06-05T02:40:57+00:00\" \/>\n<meta property=\"og:image\" content=\"https:\/\/mairieassinie.com\/web\/wp-content\/uploads\/2024\/03\/PM-PR-scaled.jpeg\" \/>\n\t<meta property=\"og:image:width\" content=\"2560\" \/>\n\t<meta property=\"og:image:height\" content=\"1706\" \/>\n\t<meta property=\"og:image:type\" content=\"image\/jpeg\" \/>\n<meta name=\"author\" content=\"Mairie d&#039;Assinie\" \/>\n<meta name=\"twitter:card\" content=\"summary_large_image\" \/>\n<meta name=\"twitter:title\" content=\"Mairie d&#039;Assinie-Mairie - Audience du Pr\u00e9sident au Maire.\" \/>\n<meta name=\"twitter:description\" content=\"Le lundi 11 mars 2024, Monsieur Pierre MAGNE, Maire de la Commune d\u2019Assinie-Mafia, a eu l\u2019honneur d\u2018\u00eatre re\u00e7u par son Excellence le Pr\u00e9sident Alassane OUATTARA afin de lui exprimer sa gratitude, ainsi que celle du Parti le RHDP, pour son soutien lors des \u00e9lections municipales du 1er septembre 2023.\" \/>\n<meta name=\"twitter:image\" content=\"https:\/\/mairieassinie.com\/web\/wp-content\/uploads\/2024\/03\/PM-PR-scaled.jpeg\" \/>\n<meta name=\"twitter:label1\" content=\"\u00c9crit par\" \/>\n\t<meta name=\"twitter:data1\" content=\"Mairie d&#039;Assinie\" \/>\n\t<meta name=\"twitter:label2\" content=\"Dur\u00e9e de lecture estim\u00e9e\" \/>\n\t<meta name=\"twitter:data2\" content=\"2 minutes\" \/>\n<script type=\"application\/ld+json\" class=\"yoast-schema-graph\">{\"@context\":\"https:\/\/schema.org\",\"@graph\":[{\"@type\":\"WebPage\",\"@id\":\"https:\/\/mairieassinie.com\/web\/audience-du-president-de-la-republique-au-maire-dassinie-mafia\/\",\"url\":\"https:\/\/mairieassinie.com\/web\/audience-du-president-de-la-republique-au-maire-dassinie-mafia\/\",\"name\":\"Audience du Pr\u00e9sident au Maire. - Mairie d&#039;Assinie-Mairie\",\"isPartOf\":{\"@id\":\"https:\/\/mairieassinie.com\/web\/#website\"},\"primaryImageOfPage\":{\"@id\":\"https:\/\/mairieassinie.com\/web\/audience-du-president-de-la-republique-au-maire-dassinie-mafia\/#primaryimage\"},\"image\":{\"@id\":\"https:\/\/mairieassinie.com\/web\/audience-du-president-de-la-republique-au-maire-dassinie-mafia\/#primaryimage\"},\"thumbnailUrl\":\"https:\/\/mairieassinie.com\/web\/wp-content\/uploads\/2024\/03\/PM-PR-scaled.jpeg\",\"datePublished\":\"2024-03-12T12:04:12+00:00\",\"dateModified\":\"2024-06-05T02:40:57+00:00\",\"author\":{\"@id\":\"https:\/\/mairieassinie.com\/web\/#\/schema\/person\/0ecd83b8a4e17bffe24658c727a93bff\"},\"description\":\"Monsieur Pierre MAGNE, Maire de la Commune d\u2019Assinie-Mafia, a eu l\u2019honneur d\u2018\u00eatre re\u00e7u par son Excellence le Pr\u00e9sident Alassane OUATTARA...\",\"breadcrumb\":{\"@id\":\"https:\/\/mairieassinie.com\/web\/audience-du-president-de-la-republique-au-maire-dassinie-mafia\/#breadcrumb\"},\"inLanguage\":\"fr-FR\",\"potentialAction\":[{\"@type\":\"ReadAction\",\"target\":[\"https:\/\/mairieassinie.com\/web\/audience-du-president-de-la-republique-au-maire-dassinie-mafia\/\"]}]},{\"@type\":\"ImageObject\",\"inLanguage\":\"fr-FR\",\"@id\":\"https:\/\/mairieassinie.com\/web\/audience-du-president-de-la-republique-au-maire-dassinie-mafia\/#primaryimage\",\"url\":\"https:\/\/mairieassinie.com\/web\/wp-content\/uploads\/2024\/03\/PM-PR-scaled.jpeg\",\"contentUrl\":\"https:\/\/mairieassinie.com\/web\/wp-content\/uploads\/2024\/03\/PM-PR-scaled.jpeg\",\"width\":2560,\"height\":1706},{\"@type\":\"BreadcrumbList\",\"@id\":\"https:\/\/mairieassinie.com\/web\/audience-du-president-de-la-republique-au-maire-dassinie-mafia\/#breadcrumb\",\"itemListElement\":[{\"@type\":\"ListItem\",\"position\":1,\"name\":\"Accueil\",\"item\":\"https:\/\/mairieassinie.com\/web\/\"},{\"@type\":\"ListItem\",\"position\":2,\"name\":\"Audience du Pr\u00e9sident au Maire.\"}]},{\"@type\":\"WebSite\",\"@id\":\"https:\/\/mairieassinie.com\/web\/#website\",\"url\":\"https:\/\/mairieassinie.com\/web\/\",\"name\":\"Mairie d'Assinie\",\"description\":\"Une cit\u00e9 baln\u00e9aire exceptionnelle.\",\"potentialAction\":[{\"@type\":\"SearchAction\",\"target\":{\"@type\":\"EntryPoint\",\"urlTemplate\":\"https:\/\/mairieassinie.com\/web\/?s={search_term_string}\"},\"query-input\":{\"@type\":\"PropertyValueSpecification\",\"valueRequired\":true,\"valueName\":\"search_term_string\"}}],\"inLanguage\":\"fr-FR\"},{\"@type\":\"Person\",\"@id\":\"https:\/\/mairieassinie.com\/web\/#\/schema\/person\/0ecd83b8a4e17bffe24658c727a93bff\",\"name\":\"Mairie d'Assinie\",\"image\":{\"@type\":\"ImageObject\",\"inLanguage\":\"fr-FR\",\"@id\":\"https:\/\/mairieassinie.com\/web\/#\/schema\/person\/image\/\",\"url\":\"https:\/\/secure.gravatar.com\/avatar\/1ff5562aa9a808145ec52b36c6c64a4ef0b47ed2ebe0987837fe8ae4577b34c6?s=96&d=mm&r=g\",\"contentUrl\":\"https:\/\/secure.gravatar.com\/avatar\/1ff5562aa9a808145ec52b36c6c64a4ef0b47ed2ebe0987837fe8ae4577b34c6?s=96&d=mm&r=g\",\"caption\":\"Mairie d'Assinie\"},\"url\":\"https:\/\/mairieassinie.com\/web\/author\/mairieassinie\/\"}]}<\/script>\n<!-- \/ Yoast SEO plugin. -->","yoast_head_json":{"title":"Audience du Pr\u00e9sident au Maire. - Mairie d&#039;Assinie-Mairie","description":"Monsieur Pierre MAGNE, Maire de la Commune d\u2019Assinie-Mafia, a eu l\u2019honneur d\u2018\u00eatre re\u00e7u par son Excellence le Pr\u00e9sident Alassane OUATTARA...","robots":{"index":"index","follow":"follow","max-snippet":"max-snippet:-1","max-image-preview":"max-image-preview:large","max-video-preview":"max-video-preview:-1"},"canonical":"https:\/\/mairieassinie.com\/web\/audience-du-president-de-la-republique-au-maire-dassinie-mafia\/","og_locale":"fr_FR","og_type":"article","og_title":"Mairie d&#039;Assinie-Mairie Audience du Pr\u00e9sident au Maire. Audience du Pr\u00e9sident au Maire.","og_description":"Le lundi 11 mars 2024, Monsieur Pierre MAGNE, Maire de la Commune d\u2019Assinie-Mafia, a eu l\u2019honneur d\u2018\u00eatre re\u00e7u par son Excellence le Pr\u00e9sident Alassane OUATTARA afin de lui exprimer sa gratitude, ainsi que celle du Parti le RHDP, pour son soutien lors des \u00e9lections municipales du 1er septembre 2023.","og_url":"https:\/\/mairieassinie.com\/web\/audience-du-president-de-la-republique-au-maire-dassinie-mafia\/","og_site_name":"Mairie d&#039;Assinie-Mairie","article_publisher":"https:\/\/www.facebook.com\/mairieassinie.officiel","article_published_time":"2024-03-12T12:04:12+00:00","article_modified_time":"2024-06-05T02:40:57+00:00","og_image":[{"width":2560,"height":1706,"url":"https:\/\/mairieassinie.com\/web\/wp-content\/uploads\/2024\/03\/PM-PR-scaled.jpeg","type":"image\/jpeg"}],"author":"Mairie d'Assinie","twitter_card":"summary_large_image","twitter_title":"Mairie d&#039;Assinie-Mairie - Audience du Pr\u00e9sident au Maire.","twitter_description":"Le lundi 11 mars 2024, Monsieur Pierre MAGNE, Maire de la Commune d\u2019Assinie-Mafia, a eu l\u2019honneur d\u2018\u00eatre re\u00e7u par son Excellence le Pr\u00e9sident Alassane OUATTARA afin de lui exprimer sa gratitude, ainsi que celle du Parti le RHDP, pour son soutien lors des \u00e9lections municipales du 1er septembre 2023.","twitter_image":"https:\/\/mairieassinie.com\/web\/wp-content\/uploads\/2024\/03\/PM-PR-scaled.jpeg","twitter_misc":{"\u00c9crit par":"Mairie d'Assinie","Dur\u00e9e de lecture estim\u00e9e":"2 minutes"},"schema":{"@context":"https:\/\/schema.org","@graph":[{"@type":"WebPage","@id":"https:\/\/mairieassinie.com\/web\/audience-du-president-de-la-republique-au-maire-dassinie-mafia\/","url":"https:\/\/mairieassinie.com\/web\/audience-du-president-de-la-republique-au-maire-dassinie-mafia\/","name":"Audience du Pr\u00e9sident au Maire. - Mairie d&#039;Assinie-Mairie","isPartOf":{"@id":"https:\/\/mairieassinie.com\/web\/#website"},"primaryImageOfPage":{"@id":"https:\/\/mairieassinie.com\/web\/audience-du-president-de-la-republique-au-maire-dassinie-mafia\/#primaryimage"},"image":{"@id":"https:\/\/mairieassinie.com\/web\/audience-du-president-de-la-republique-au-maire-dassinie-mafia\/#primaryimage"},"thumbnailUrl":"https:\/\/mairieassinie.com\/web\/wp-content\/uploads\/2024\/03\/PM-PR-scaled.jpeg","datePublished":"2024-03-12T12:04:12+00:00","dateModified":"2024-06-05T02:40:57+00:00","author":{"@id":"https:\/\/mairieassinie.com\/web\/#\/schema\/person\/0ecd83b8a4e17bffe24658c727a93bff"},"description":"Monsieur Pierre MAGNE, Maire de la Commune d\u2019Assinie-Mafia, a eu l\u2019honneur d\u2018\u00eatre re\u00e7u par son Excellence le Pr\u00e9sident Alassane OUATTARA...","breadcrumb":{"@id":"https:\/\/mairieassinie.com\/web\/audience-du-president-de-la-republique-au-maire-dassinie-mafia\/#breadcrumb"},"inLanguage":"fr-FR","potentialAction":[{"@type":"ReadAction","target":["https:\/\/mairieassinie.com\/web\/audience-du-president-de-la-republique-au-maire-dassinie-mafia\/"]}]},{"@type":"ImageObject","inLanguage":"fr-FR","@id":"https:\/\/mairieassinie.com\/web\/audience-du-president-de-la-republique-au-maire-dassinie-mafia\/#primaryimage","url":"https:\/\/mairieassinie.com\/web\/wp-content\/uploads\/2024\/03\/PM-PR-scaled.jpeg","contentUrl":"https:\/\/mairieassinie.com\/web\/wp-content\/uploads\/2024\/03\/PM-PR-scaled.jpeg","width":2560,"height":1706},{"@type":"BreadcrumbList","@id":"https:\/\/mairieassinie.com\/web\/audience-du-president-de-la-republique-au-maire-dassinie-mafia\/#breadcrumb","itemListElement":[{"@type":"ListItem","position":1,"name":"Accueil","item":"https:\/\/mairieassinie.com\/web\/"},{"@type":"ListItem","position":2,"name":"Audience du Pr\u00e9sident au Maire."}]},{"@type":"WebSite","@id":"https:\/\/mairieassinie.com\/web\/#website","url":"https:\/\/mairieassinie.com\/web\/","name":"Mairie d'Assinie","description":"Une cit\u00e9 baln\u00e9aire exceptionnelle.","potentialAction":[{"@type":"SearchAction","target":{"@type":"EntryPoint","urlTemplate":"https:\/\/mairieassinie.com\/web\/?s={search_term_string}"},"query-input":{"@type":"PropertyValueSpecification","valueRequired":true,"valueName":"search_term_string"}}],"inLanguage":"fr-FR"},{"@type":"Person","@id":"https:\/\/mairieassinie.com\/web\/#\/schema\/person\/0ecd83b8a4e17bffe24658c727a93bff","name":"Mairie d'Assinie","image":{"@type":"ImageObject","inLanguage":"fr-FR","@id":"https:\/\/mairieassinie.com\/web\/#\/schema\/person\/image\/","url":"https:\/\/secure.gravatar.com\/avatar\/1ff5562aa9a808145ec52b36c6c64a4ef0b47ed2ebe0987837fe8ae4577b34c6?s=96&d=mm&r=g","contentUrl":"https:\/\/secure.gravatar.com\/avatar\/1ff5562aa9a808145ec52b36c6c64a4ef0b47ed2ebe0987837fe8ae4577b34c6?s=96&d=mm&r=g","caption":"Mairie d'Assinie"},"url":"https:\/\/mairieassinie.com\/web\/author\/mairieassinie\/"}]}},"_links":{"self":[{"href":"https:\/\/mairieassinie.com\/web\/wp-json\/wp\/v2\/posts\/9045","targetHints":{"allow":["GET"]}}],"collection":[{"href":"https:\/\/mairieassinie.com\/web\/wp-json\/wp\/v2\/posts"}],"about":[{"href":"https:\/\/mairieassinie.com\/web\/wp-json\/wp\/v2\/types\/post"}],"author":[{"embeddable":true,"href":"https:\/\/mairieassinie.com\/web\/wp-json\/wp\/v2\/users\/1"}],"replies":[{"embeddable":true,"href":"https:\/\/mairieassinie.com\/web\/wp-json\/wp\/v2\/comments?post=9045"}],"version-history":[{"count":8,"href":"https:\/\/mairieassinie.com\/web\/wp-json\/wp\/v2\/posts\/9045\/revisions"}],"predecessor-version":[{"id":9317,"href":"https:\/\/mairieassinie.com\/web\/wp-json\/wp\/v2\/posts\/9045\/revisions\/9317"}],"wp:featuredmedia":[{"embeddable":true,"href":"https:\/\/mairieassinie.com\/web\/wp-json\/wp\/v2\/media\/9046"}],"wp:attachment":[{"href":"https:\/\/mairieassinie.com\/web\/wp-json\/wp\/v2\/media?parent=9045"}],"wp:term":[{"taxonomy":"category","embeddable":true,"href":"https:\/\/mairieassinie.com\/web\/wp-json\/wp\/v2\/categories?post=9045"},{"taxonomy":"post_tag","embeddable":true,"href":"https:\/\/mairieassinie.com\/web\/wp-json\/wp\/v2\/tags?post=9045"}],"curies":[{"name":"wp","href":"https:\/\/api.w.org\/{rel}","templated":true}]}}