{"id":9056,"date":"2024-03-27T15:06:54","date_gmt":"2024-03-27T14:06:54","guid":{"rendered":"https:\/\/mairieassinie.com\/web\/?p=9056"},"modified":"2024-06-05T03:25:12","modified_gmt":"2024-06-05T01:25:12","slug":"presentation-du-projet-e-commune","status":"publish","type":"post","link":"https:\/\/mairieassinie.com\/web\/presentation-du-projet-e-commune\/","title":{"rendered":"Pr\u00e9sentation du projet E-commune."},"content":{"rendered":"\n<p>La Mairie d\u2019Assinie a souscrit \u00e0 la Solution E-Commune du CNTIG (Comit\u00e9 National de T\u00e9l\u00e9d\u00e9tection et d\u2019Information G\u00e9ographique) qui va lui permettre de collecter, g\u00e9rer et analyser entre autres l&rsquo;affichage de donn\u00e9es spatiales pour r\u00e9soudre des probl\u00e8mes d&rsquo;am\u00e9nagement et de gestion de la commune.<\/p>\n\n\n\n<p>A cet effet, une pr\u00e9sentation officielle de cette solution de gestion a eu lieu ce Mardi 26 mars 2024 \u00e0 la Mairie d\u2019Assinie-Mafia, en pr\u00e9sence du corps Pr\u00e9fectoral du D\u00e9partement d\u2019Adiak\u00e9, du Sous-Pr\u00e9fet d\u2019Assinie, du Maire et son conseil Municipal ainsi que les chefs Coutumiers de la commune.<\/p>\n\n\n\n<p>De mani\u00e8re d\u00e9taill\u00e9e, le syst\u00e8me E-commune va permettre aux maires une meilleure connaissance de leur territoire (\u00e9tendue, population, caract\u00e9ristiques, etc.) ; une am\u00e9lioration de leur collecte des taxes en recensant et en g\u00e9olocalisant les activit\u00e9s men\u00e9es sur l&rsquo;espace communal, la planification du d\u00e9veloppement de leur localit\u00e9 ; la s\u00e9curisation de l&rsquo;\u00e9tat civil.<\/p>\n\n\n\n<p>Parmi les nombreuses fonctionnalit\u00e9s qui composent le syst\u00e8me E-commune figurent le suivi et contr\u00f4le des recettes ; l&rsquo;affichage et l&rsquo;\u00e9dition de donn\u00e9es sur les parcelles, l&rsquo;affichage de cartes et images satellites ; la cr\u00e9ation et la mise \u00e0 jour de base de donn\u00e9es (\u00e9quipements publics, commerce, march\u00e9s, etc.) ; l&rsquo;affichage de plan de raccordement en eau et \u00e9lectricit\u00e9, la g\u00e9olocalisation des commerces et autres activit\u00e9s. <\/p>\n\n\n\n<p>Le syst\u00e8me E-commune est accessible via l&rsquo;internet \u00e0 partir de n&rsquo;importe quel endroit de la terre, il est m\u00eame compatible avec le mobile. Cartes et plans ; cadastre ; secours et s\u00e9curit\u00e9 publique ; \u00e9lections, planification et d\u00e9veloppement local sont les cinq grands modules qui le composent.<\/p>\n\n\n\n<p><\/p>\n\n\n\n<p><\/p>\n\n\n\n<figure class=\"wp-block-gallery has-nested-images columns-default is-cropped wp-block-gallery-1 is-layout-flex wp-block-gallery-is-layout-flex\">\n<figure class=\"wp-block-image size-large\"><a href=\"https:\/\/mairieassinie.com\/web\/wp-content\/uploads\/2024\/03\/WhatsApp-Image-2024-03-26-a-23.01.31_fbff7414.jpg\"><img fetchpriority=\"high\" decoding=\"async\" width=\"1024\" height=\"683\" data-id=\"9058\" src=\"https:\/\/mairieassinie.com\/web\/wp-content\/uploads\/2024\/03\/WhatsApp-Image-2024-03-26-a-23.01.31_fbff7414-1024x683.jpg\" alt=\"\" class=\"wp-image-9058\" srcset=\"https:\/\/mairieassinie.com\/web\/wp-content\/uploads\/2024\/03\/WhatsApp-Image-2024-03-26-a-23.01.31_fbff7414-1024x683.jpg 1024w, https:\/\/mairieassinie.com\/web\/wp-content\/uploads\/2024\/03\/WhatsApp-Image-2024-03-26-a-23.01.31_fbff7414-300x200.jpg 300w, https:\/\/mairieassinie.com\/web\/wp-content\/uploads\/2024\/03\/WhatsApp-Image-2024-03-26-a-23.01.31_fbff7414-768x512.jpg 768w, https:\/\/mairieassinie.com\/web\/wp-content\/uploads\/2024\/03\/WhatsApp-Image-2024-03-26-a-23.01.31_fbff7414-342x228.jpg 342w, https:\/\/mairieassinie.com\/web\/wp-content\/uploads\/2024\/03\/WhatsApp-Image-2024-03-26-a-23.01.31_fbff7414.jpg 1080w\" sizes=\"(max-width: 1024px) 100vw, 1024px\" \/><\/a><\/figure>\n<\/figure>\n\n\n<div class=\"wp-block-image\">\n<figure class=\"aligncenter size-large\"><a href=\"https:\/\/mairieassinie.com\/web\/wp-content\/uploads\/2024\/03\/WhatsApp-Image-2024-03-26-a-23.01.45_4fc1aba6.jpg\"><img decoding=\"async\" width=\"1024\" height=\"683\" src=\"https:\/\/mairieassinie.com\/web\/wp-content\/uploads\/2024\/03\/WhatsApp-Image-2024-03-26-a-23.01.45_4fc1aba6-1024x683.jpg\" alt=\"\" class=\"wp-image-9059\" srcset=\"https:\/\/mairieassinie.com\/web\/wp-content\/uploads\/2024\/03\/WhatsApp-Image-2024-03-26-a-23.01.45_4fc1aba6-1024x683.jpg 1024w, https:\/\/mairieassinie.com\/web\/wp-content\/uploads\/2024\/03\/WhatsApp-Image-2024-03-26-a-23.01.45_4fc1aba6-300x200.jpg 300w, https:\/\/mairieassinie.com\/web\/wp-content\/uploads\/2024\/03\/WhatsApp-Image-2024-03-26-a-23.01.45_4fc1aba6-768x512.jpg 768w, https:\/\/mairieassinie.com\/web\/wp-content\/uploads\/2024\/03\/WhatsApp-Image-2024-03-26-a-23.01.45_4fc1aba6-342x228.jpg 342w, https:\/\/mairieassinie.com\/web\/wp-content\/uploads\/2024\/03\/WhatsApp-Image-2024-03-26-a-23.01.45_4fc1aba6.jpg 1080w\" sizes=\"(max-width: 1024px) 100vw, 1024px\" \/><\/a><\/figure>\n<\/div>\n\n\n<figure class=\"wp-block-gallery has-nested-images columns-default is-cropped wp-block-gallery-2 is-layout-flex wp-block-gallery-is-layout-flex\"><\/figure>\n\n    <div class=\"xs_social_share_widget xs_share_url after_content \t\tmain_content  wslu-style-1 wslu-share-box-shaped wslu-fill-colored wslu-none wslu-share-horizontal wslu-theme-font-no wslu-main_content\">\n\n\t\t\n        <ul>\n\t\t\t        <\/ul>\n    <\/div> \n","protected":false},"excerpt":{"rendered":"<p>La Mairie d&rsquo;Assinie a souscrit &agrave; la Solution E-Commune du CNTIG (Comit&eacute; National de T&eacute;l&eacute;d&eacute;tection et d&rsquo;Information G&eacute;ographique) qui va lui permettre de collecter, g&eacute;rer et analyser entre autres l&rsquo;affichage de donn&eacute;es spatiales pour r&eacute;soudre des probl&egrave;mes d&rsquo;am&eacute;nagement et de gestion de la commune. A cet effet, une pr&eacute;sentation officielle de cette solution de gestion [&hellip;]<\/p>\n","protected":false},"author":2,"featured_media":9057,"comment_status":"closed","ping_status":"open","sticky":false,"template":"","format":"standard","meta":{"footnotes":""},"categories":[3,129],"tags":[],"class_list":["post-9056","post","type-post","status-publish","format-standard","has-post-thumbnail","hentry","category-actualite","category-infos"],"yoast_head":"<!-- This site is optimized with the Yoast SEO plugin v25.9 - https:\/\/yoast.com\/wordpress\/plugins\/seo\/ -->\n<title>Pr\u00e9sentation du projet E-commune. - Mairie d&#039;Assinie-Mairie<\/title>\n<meta name=\"robots\" content=\"index, follow, max-snippet:-1, max-image-preview:large, max-video-preview:-1\" \/>\n<link rel=\"canonical\" href=\"https:\/\/mairieassinie.com\/web\/presentation-du-projet-e-commune\/\" \/>\n<meta property=\"og:locale\" content=\"fr_FR\" \/>\n<meta property=\"og:type\" content=\"article\" \/>\n<meta property=\"og:title\" content=\"Pr\u00e9sentation du projet E-commune. - Mairie d&#039;Assinie-Mairie\" \/>\n<meta property=\"og:description\" content=\"La Mairie d&rsquo;Assinie a souscrit &agrave; la Solution E-Commune du CNTIG (Comit&eacute; National de T&eacute;l&eacute;d&eacute;tection et d&rsquo;Information G&eacute;ographique) qui va lui permettre de collecter, g&eacute;rer et analyser entre autres l&rsquo;affichage de donn&eacute;es spatiales pour r&eacute;soudre des probl&egrave;mes d&rsquo;am&eacute;nagement et de gestion de la commune. A cet effet, une pr&eacute;sentation officielle de cette solution de gestion [&hellip;]\" \/>\n<meta property=\"og:url\" content=\"https:\/\/mairieassinie.com\/web\/presentation-du-projet-e-commune\/\" \/>\n<meta property=\"og:site_name\" content=\"Mairie d&#039;Assinie-Mairie\" \/>\n<meta property=\"article:publisher\" content=\"https:\/\/www.facebook.com\/mairieassinie.officiel\" \/>\n<meta property=\"article:published_time\" content=\"2024-03-27T14:06:54+00:00\" \/>\n<meta property=\"article:modified_time\" content=\"2024-06-05T01:25:12+00:00\" \/>\n<meta property=\"og:image\" content=\"https:\/\/mairieassinie.com\/web\/wp-content\/uploads\/2024\/03\/cccfe85f-7837-4d2e-ad5b-d4a97c963765.jpeg\" \/>\n\t<meta property=\"og:image:width\" content=\"1600\" \/>\n\t<meta property=\"og:image:height\" content=\"1107\" \/>\n\t<meta property=\"og:image:type\" content=\"image\/jpeg\" \/>\n<meta name=\"author\" content=\"Mairie d&#039;Assinie\" \/>\n<meta name=\"twitter:card\" content=\"summary_large_image\" \/>\n<meta name=\"twitter:label1\" content=\"\u00c9crit par\" \/>\n\t<meta name=\"twitter:data1\" content=\"Mairie d&#039;Assinie\" \/>\n\t<meta name=\"twitter:label2\" content=\"Dur\u00e9e de lecture estim\u00e9e\" \/>\n\t<meta name=\"twitter:data2\" content=\"2 minutes\" \/>\n<script type=\"application\/ld+json\" class=\"yoast-schema-graph\">{\"@context\":\"https:\/\/schema.org\",\"@graph\":[{\"@type\":\"WebPage\",\"@id\":\"https:\/\/mairieassinie.com\/web\/presentation-du-projet-e-commune\/\",\"url\":\"https:\/\/mairieassinie.com\/web\/presentation-du-projet-e-commune\/\",\"name\":\"Pr\u00e9sentation du projet E-commune. - Mairie d&#039;Assinie-Mairie\",\"isPartOf\":{\"@id\":\"https:\/\/mairieassinie.com\/web\/#website\"},\"primaryImageOfPage\":{\"@id\":\"https:\/\/mairieassinie.com\/web\/presentation-du-projet-e-commune\/#primaryimage\"},\"image\":{\"@id\":\"https:\/\/mairieassinie.com\/web\/presentation-du-projet-e-commune\/#primaryimage\"},\"thumbnailUrl\":\"https:\/\/mairieassinie.com\/web\/wp-content\/uploads\/2024\/03\/cccfe85f-7837-4d2e-ad5b-d4a97c963765.jpeg\",\"datePublished\":\"2024-03-27T14:06:54+00:00\",\"dateModified\":\"2024-06-05T01:25:12+00:00\",\"author\":{\"@id\":\"https:\/\/mairieassinie.com\/web\/#\/schema\/person\/ec7ccc40765baa860f4f4018fc599539\"},\"breadcrumb\":{\"@id\":\"https:\/\/mairieassinie.com\/web\/presentation-du-projet-e-commune\/#breadcrumb\"},\"inLanguage\":\"fr-FR\",\"potentialAction\":[{\"@type\":\"ReadAction\",\"target\":[\"https:\/\/mairieassinie.com\/web\/presentation-du-projet-e-commune\/\"]}]},{\"@type\":\"ImageObject\",\"inLanguage\":\"fr-FR\",\"@id\":\"https:\/\/mairieassinie.com\/web\/presentation-du-projet-e-commune\/#primaryimage\",\"url\":\"https:\/\/mairieassinie.com\/web\/wp-content\/uploads\/2024\/03\/cccfe85f-7837-4d2e-ad5b-d4a97c963765.jpeg\",\"contentUrl\":\"https:\/\/mairieassinie.com\/web\/wp-content\/uploads\/2024\/03\/cccfe85f-7837-4d2e-ad5b-d4a97c963765.jpeg\",\"width\":1600,\"height\":1107},{\"@type\":\"BreadcrumbList\",\"@id\":\"https:\/\/mairieassinie.com\/web\/presentation-du-projet-e-commune\/#breadcrumb\",\"itemListElement\":[{\"@type\":\"ListItem\",\"position\":1,\"name\":\"Accueil\",\"item\":\"https:\/\/mairieassinie.com\/web\/\"},{\"@type\":\"ListItem\",\"position\":2,\"name\":\"Pr\u00e9sentation du projet E-commune.\"}]},{\"@type\":\"WebSite\",\"@id\":\"https:\/\/mairieassinie.com\/web\/#website\",\"url\":\"https:\/\/mairieassinie.com\/web\/\",\"name\":\"Mairie d'Assinie\",\"description\":\"Une cit\u00e9 baln\u00e9aire exceptionnelle.\",\"potentialAction\":[{\"@type\":\"SearchAction\",\"target\":{\"@type\":\"EntryPoint\",\"urlTemplate\":\"https:\/\/mairieassinie.com\/web\/?s={search_term_string}\"},\"query-input\":{\"@type\":\"PropertyValueSpecification\",\"valueRequired\":true,\"valueName\":\"search_term_string\"}}],\"inLanguage\":\"fr-FR\"},{\"@type\":\"Person\",\"@id\":\"https:\/\/mairieassinie.com\/web\/#\/schema\/person\/ec7ccc40765baa860f4f4018fc599539\",\"name\":\"Mairie d'Assinie\",\"image\":{\"@type\":\"ImageObject\",\"inLanguage\":\"fr-FR\",\"@id\":\"https:\/\/mairieassinie.com\/web\/#\/schema\/person\/image\/\",\"url\":\"https:\/\/secure.gravatar.com\/avatar\/fc7b38665fad664f31346ac2ed5c06693cf6558ef5a53cc39eb7aa16409fc1b7?s=96&d=mm&r=g\",\"contentUrl\":\"https:\/\/secure.gravatar.com\/avatar\/fc7b38665fad664f31346ac2ed5c06693cf6558ef5a53cc39eb7aa16409fc1b7?s=96&d=mm&r=g\",\"caption\":\"Mairie d'Assinie\"},\"url\":\"https:\/\/mairieassinie.com\/web\/author\/webmaster\/\"}]}<\/script>\n<!-- \/ Yoast SEO plugin. -->","yoast_head_json":{"title":"Pr\u00e9sentation du projet E-commune. - Mairie d&#039;Assinie-Mairie","robots":{"index":"index","follow":"follow","max-snippet":"max-snippet:-1","max-image-preview":"max-image-preview:large","max-video-preview":"max-video-preview:-1"},"canonical":"https:\/\/mairieassinie.com\/web\/presentation-du-projet-e-commune\/","og_locale":"fr_FR","og_type":"article","og_title":"Pr\u00e9sentation du projet E-commune. - Mairie d&#039;Assinie-Mairie","og_description":"La Mairie d&rsquo;Assinie a souscrit &agrave; la Solution E-Commune du CNTIG (Comit&eacute; National de T&eacute;l&eacute;d&eacute;tection et d&rsquo;Information G&eacute;ographique) qui va lui permettre de collecter, g&eacute;rer et analyser entre autres l&rsquo;affichage de donn&eacute;es spatiales pour r&eacute;soudre des probl&egrave;mes d&rsquo;am&eacute;nagement et de gestion de la commune. A cet effet, une pr&eacute;sentation officielle de cette solution de gestion [&hellip;]","og_url":"https:\/\/mairieassinie.com\/web\/presentation-du-projet-e-commune\/","og_site_name":"Mairie d&#039;Assinie-Mairie","article_publisher":"https:\/\/www.facebook.com\/mairieassinie.officiel","article_published_time":"2024-03-27T14:06:54+00:00","article_modified_time":"2024-06-05T01:25:12+00:00","og_image":[{"width":1600,"height":1107,"url":"https:\/\/mairieassinie.com\/web\/wp-content\/uploads\/2024\/03\/cccfe85f-7837-4d2e-ad5b-d4a97c963765.jpeg","type":"image\/jpeg"}],"author":"Mairie d'Assinie","twitter_card":"summary_large_image","twitter_misc":{"\u00c9crit par":"Mairie d'Assinie","Dur\u00e9e de lecture estim\u00e9e":"2 minutes"},"schema":{"@context":"https:\/\/schema.org","@graph":[{"@type":"WebPage","@id":"https:\/\/mairieassinie.com\/web\/presentation-du-projet-e-commune\/","url":"https:\/\/mairieassinie.com\/web\/presentation-du-projet-e-commune\/","name":"Pr\u00e9sentation du projet E-commune. - Mairie d&#039;Assinie-Mairie","isPartOf":{"@id":"https:\/\/mairieassinie.com\/web\/#website"},"primaryImageOfPage":{"@id":"https:\/\/mairieassinie.com\/web\/presentation-du-projet-e-commune\/#primaryimage"},"image":{"@id":"https:\/\/mairieassinie.com\/web\/presentation-du-projet-e-commune\/#primaryimage"},"thumbnailUrl":"https:\/\/mairieassinie.com\/web\/wp-content\/uploads\/2024\/03\/cccfe85f-7837-4d2e-ad5b-d4a97c963765.jpeg","datePublished":"2024-03-27T14:06:54+00:00","dateModified":"2024-06-05T01:25:12+00:00","author":{"@id":"https:\/\/mairieassinie.com\/web\/#\/schema\/person\/ec7ccc40765baa860f4f4018fc599539"},"breadcrumb":{"@id":"https:\/\/mairieassinie.com\/web\/presentation-du-projet-e-commune\/#breadcrumb"},"inLanguage":"fr-FR","potentialAction":[{"@type":"ReadAction","target":["https:\/\/mairieassinie.com\/web\/presentation-du-projet-e-commune\/"]}]},{"@type":"ImageObject","inLanguage":"fr-FR","@id":"https:\/\/mairieassinie.com\/web\/presentation-du-projet-e-commune\/#primaryimage","url":"https:\/\/mairieassinie.com\/web\/wp-content\/uploads\/2024\/03\/cccfe85f-7837-4d2e-ad5b-d4a97c963765.jpeg","contentUrl":"https:\/\/mairieassinie.com\/web\/wp-content\/uploads\/2024\/03\/cccfe85f-7837-4d2e-ad5b-d4a97c963765.jpeg","width":1600,"height":1107},{"@type":"BreadcrumbList","@id":"https:\/\/mairieassinie.com\/web\/presentation-du-projet-e-commune\/#breadcrumb","itemListElement":[{"@type":"ListItem","position":1,"name":"Accueil","item":"https:\/\/mairieassinie.com\/web\/"},{"@type":"ListItem","position":2,"name":"Pr\u00e9sentation du projet E-commune."}]},{"@type":"WebSite","@id":"https:\/\/mairieassinie.com\/web\/#website","url":"https:\/\/mairieassinie.com\/web\/","name":"Mairie d'Assinie","description":"Une cit\u00e9 baln\u00e9aire exceptionnelle.","potentialAction":[{"@type":"SearchAction","target":{"@type":"EntryPoint","urlTemplate":"https:\/\/mairieassinie.com\/web\/?s={search_term_string}"},"query-input":{"@type":"PropertyValueSpecification","valueRequired":true,"valueName":"search_term_string"}}],"inLanguage":"fr-FR"},{"@type":"Person","@id":"https:\/\/mairieassinie.com\/web\/#\/schema\/person\/ec7ccc40765baa860f4f4018fc599539","name":"Mairie d'Assinie","image":{"@type":"ImageObject","inLanguage":"fr-FR","@id":"https:\/\/mairieassinie.com\/web\/#\/schema\/person\/image\/","url":"https:\/\/secure.gravatar.com\/avatar\/fc7b38665fad664f31346ac2ed5c06693cf6558ef5a53cc39eb7aa16409fc1b7?s=96&d=mm&r=g","contentUrl":"https:\/\/secure.gravatar.com\/avatar\/fc7b38665fad664f31346ac2ed5c06693cf6558ef5a53cc39eb7aa16409fc1b7?s=96&d=mm&r=g","caption":"Mairie d'Assinie"},"url":"https:\/\/mairieassinie.com\/web\/author\/webmaster\/"}]}},"_links":{"self":[{"href":"https:\/\/mairieassinie.com\/web\/wp-json\/wp\/v2\/posts\/9056","targetHints":{"allow":["GET"]}}],"collection":[{"href":"https:\/\/mairieassinie.com\/web\/wp-json\/wp\/v2\/posts"}],"about":[{"href":"https:\/\/mairieassinie.com\/web\/wp-json\/wp\/v2\/types\/post"}],"author":[{"embeddable":true,"href":"https:\/\/mairieassinie.com\/web\/wp-json\/wp\/v2\/users\/2"}],"replies":[{"embeddable":true,"href":"https:\/\/mairieassinie.com\/web\/wp-json\/wp\/v2\/comments?post=9056"}],"version-history":[{"count":5,"href":"https:\/\/mairieassinie.com\/web\/wp-json\/wp\/v2\/posts\/9056\/revisions"}],"predecessor-version":[{"id":9278,"href":"https:\/\/mairieassinie.com\/web\/wp-json\/wp\/v2\/posts\/9056\/revisions\/9278"}],"wp:featuredmedia":[{"embeddable":true,"href":"https:\/\/mairieassinie.com\/web\/wp-json\/wp\/v2\/media\/9057"}],"wp:attachment":[{"href":"https:\/\/mairieassinie.com\/web\/wp-json\/wp\/v2\/media?parent=9056"}],"wp:term":[{"taxonomy":"category","embeddable":true,"href":"https:\/\/mairieassinie.com\/web\/wp-json\/wp\/v2\/categories?post=9056"},{"taxonomy":"post_tag","embeddable":true,"href":"https:\/\/mairieassinie.com\/web\/wp-json\/wp\/v2\/tags?post=9056"}],"curies":[{"name":"wp","href":"https:\/\/api.w.org\/{rel}","templated":true}]}}