{"id":9766,"date":"2024-07-26T10:51:32","date_gmt":"2024-07-26T08:51:32","guid":{"rendered":"https:\/\/mairieassinie.com\/web\/?p=9766"},"modified":"2024-07-26T11:47:57","modified_gmt":"2024-07-26T09:47:57","slug":"%f0%9d%90%8b%f0%9d%90%9e-%f0%9d%90%89%f0%9d%90%9a%f0%9d%90%ab%f0%9d%90%9d%f0%9d%90%a2%f0%9d%90%a7-%f0%9d%90%8f%f0%9d%90%ae%f0%9d%90%9b%f0%9d%90%a5%f0%9d%90%a2%f0%9d%90%9c","status":"publish","type":"post","link":"https:\/\/mairieassinie.com\/web\/%f0%9d%90%8b%f0%9d%90%9e-%f0%9d%90%89%f0%9d%90%9a%f0%9d%90%ab%f0%9d%90%9d%f0%9d%90%a2%f0%9d%90%a7-%f0%9d%90%8f%f0%9d%90%ae%f0%9d%90%9b%f0%9d%90%a5%f0%9d%90%a2%f0%9d%90%9c\/","title":{"rendered":"\u2018\u2018\ud835\udc0b\ud835\udc1e \ud835\udc09\ud835\udc1a\ud835\udc2b\ud835\udc1d\ud835\udc22\ud835\udc27 \ud835\udc0f\ud835\udc2e\ud835\udc1b\ud835\udc25\ud835\udc22\ud835\udc1c \ud835\udc0f\ud835\udc2b\ud835\udc1e\ud835\udc27\ud835\udc1d \ud835\udc05\ud835\udc28\ud835\udc2b\ud835\udc26\ud835\udc1e\u2019\u2019"},"content":{"rendered":"\n<p>Depuis deux mois, un projet ambitieux \u00e9merge des terres d&rsquo;Assinie, transformant lentement mais s\u00fbrement le paysage c\u00f4tier.<\/p>\n\n\n\n<p>Le jardin public d\u2019Assinie, longtemps r\u00eav\u00e9 par les r\u00e9sidents et les visiteurs, prend enfin forme \u00e0 travers des travaux d&rsquo;am\u00e9nagement qui avancent \u00e0 un rythme soutenu.<\/p>\n\n\n\n<p>Assinie, d\u00e9j\u00e0 r\u00e9put\u00e9e pour sa beaut\u00e9 naturelle et son atmosph\u00e8re apaisante, semble sur le point de gagner un nouveau joyau qui attirera sans nul doute encore plus de visiteurs et renforcera son charme unique sur la c\u00f4te ivoirienne.<\/p>\n\n\n\n<figure class=\"wp-block-gallery has-nested-images columns-default is-cropped wp-block-gallery-1 is-layout-flex wp-block-gallery-is-layout-flex\">\n<figure class=\"wp-block-image size-large\"><a href=\"https:\/\/mairieassinie.com\/web\/wp-content\/uploads\/2024\/07\/IMG-20240725-WA0873.jpg\"><img fetchpriority=\"high\" decoding=\"async\" width=\"1024\" height=\"683\" data-id=\"9771\" src=\"https:\/\/mairieassinie.com\/web\/wp-content\/uploads\/2024\/07\/IMG-20240725-WA0873-1024x683.jpg\" alt=\"\" class=\"wp-image-9771\" srcset=\"https:\/\/mairieassinie.com\/web\/wp-content\/uploads\/2024\/07\/IMG-20240725-WA0873-1024x683.jpg 1024w, https:\/\/mairieassinie.com\/web\/wp-content\/uploads\/2024\/07\/IMG-20240725-WA0873-300x200.jpg 300w, https:\/\/mairieassinie.com\/web\/wp-content\/uploads\/2024\/07\/IMG-20240725-WA0873-768x512.jpg 768w, https:\/\/mairieassinie.com\/web\/wp-content\/uploads\/2024\/07\/IMG-20240725-WA0873-342x228.jpg 342w, https:\/\/mairieassinie.com\/web\/wp-content\/uploads\/2024\/07\/IMG-20240725-WA0873.jpg 1080w\" sizes=\"(max-width: 1024px) 100vw, 1024px\" \/><\/a><\/figure>\n\n\n\n<figure class=\"wp-block-image size-large\"><a href=\"https:\/\/mairieassinie.com\/web\/wp-content\/uploads\/2024\/07\/IMG-20240725-WA0872.jpg\"><img decoding=\"async\" width=\"1024\" height=\"683\" data-id=\"9769\" src=\"https:\/\/mairieassinie.com\/web\/wp-content\/uploads\/2024\/07\/IMG-20240725-WA0872-1024x683.jpg\" alt=\"\" class=\"wp-image-9769\" srcset=\"https:\/\/mairieassinie.com\/web\/wp-content\/uploads\/2024\/07\/IMG-20240725-WA0872-1024x683.jpg 1024w, https:\/\/mairieassinie.com\/web\/wp-content\/uploads\/2024\/07\/IMG-20240725-WA0872-300x200.jpg 300w, https:\/\/mairieassinie.com\/web\/wp-content\/uploads\/2024\/07\/IMG-20240725-WA0872-768x512.jpg 768w, https:\/\/mairieassinie.com\/web\/wp-content\/uploads\/2024\/07\/IMG-20240725-WA0872-342x228.jpg 342w, https:\/\/mairieassinie.com\/web\/wp-content\/uploads\/2024\/07\/IMG-20240725-WA0872.jpg 1080w\" sizes=\"(max-width: 1024px) 100vw, 1024px\" \/><\/a><\/figure>\n\n\n\n<figure class=\"wp-block-image size-large\"><a href=\"https:\/\/mairieassinie.com\/web\/wp-content\/uploads\/2024\/07\/IMG-20240725-WA0871-1.jpg\"><img decoding=\"async\" width=\"1024\" height=\"683\" data-id=\"9773\" src=\"https:\/\/mairieassinie.com\/web\/wp-content\/uploads\/2024\/07\/IMG-20240725-WA0871-1-1024x683.jpg\" alt=\"\" class=\"wp-image-9773\" srcset=\"https:\/\/mairieassinie.com\/web\/wp-content\/uploads\/2024\/07\/IMG-20240725-WA0871-1-1024x683.jpg 1024w, https:\/\/mairieassinie.com\/web\/wp-content\/uploads\/2024\/07\/IMG-20240725-WA0871-1-300x200.jpg 300w, https:\/\/mairieassinie.com\/web\/wp-content\/uploads\/2024\/07\/IMG-20240725-WA0871-1-768x512.jpg 768w, https:\/\/mairieassinie.com\/web\/wp-content\/uploads\/2024\/07\/IMG-20240725-WA0871-1-342x228.jpg 342w, https:\/\/mairieassinie.com\/web\/wp-content\/uploads\/2024\/07\/IMG-20240725-WA0871-1.jpg 1080w\" sizes=\"(max-width: 1024px) 100vw, 1024px\" \/><\/a><\/figure>\n\n\n\n<figure class=\"wp-block-image size-large\"><a href=\"https:\/\/mairieassinie.com\/web\/wp-content\/uploads\/2024\/07\/IMG-20240725-WA0870.jpg\"><img loading=\"lazy\" decoding=\"async\" width=\"1024\" height=\"683\" data-id=\"9772\" src=\"https:\/\/mairieassinie.com\/web\/wp-content\/uploads\/2024\/07\/IMG-20240725-WA0870-1024x683.jpg\" alt=\"\" class=\"wp-image-9772\" srcset=\"https:\/\/mairieassinie.com\/web\/wp-content\/uploads\/2024\/07\/IMG-20240725-WA0870-1024x683.jpg 1024w, https:\/\/mairieassinie.com\/web\/wp-content\/uploads\/2024\/07\/IMG-20240725-WA0870-300x200.jpg 300w, https:\/\/mairieassinie.com\/web\/wp-content\/uploads\/2024\/07\/IMG-20240725-WA0870-768x512.jpg 768w, https:\/\/mairieassinie.com\/web\/wp-content\/uploads\/2024\/07\/IMG-20240725-WA0870-342x228.jpg 342w, https:\/\/mairieassinie.com\/web\/wp-content\/uploads\/2024\/07\/IMG-20240725-WA0870.jpg 1080w\" sizes=\"(max-width: 1024px) 100vw, 1024px\" \/><\/a><\/figure>\n\n\n\n<figure class=\"wp-block-image size-large\"><a href=\"https:\/\/mairieassinie.com\/web\/wp-content\/uploads\/2024\/07\/IMG-20240725-WA0868.jpg\"><img loading=\"lazy\" decoding=\"async\" width=\"1024\" height=\"683\" data-id=\"9768\" src=\"https:\/\/mairieassinie.com\/web\/wp-content\/uploads\/2024\/07\/IMG-20240725-WA0868-1024x683.jpg\" alt=\"\" class=\"wp-image-9768\" srcset=\"https:\/\/mairieassinie.com\/web\/wp-content\/uploads\/2024\/07\/IMG-20240725-WA0868-1024x683.jpg 1024w, https:\/\/mairieassinie.com\/web\/wp-content\/uploads\/2024\/07\/IMG-20240725-WA0868-300x200.jpg 300w, https:\/\/mairieassinie.com\/web\/wp-content\/uploads\/2024\/07\/IMG-20240725-WA0868-768x512.jpg 768w, https:\/\/mairieassinie.com\/web\/wp-content\/uploads\/2024\/07\/IMG-20240725-WA0868-342x228.jpg 342w, https:\/\/mairieassinie.com\/web\/wp-content\/uploads\/2024\/07\/IMG-20240725-WA0868.jpg 1080w\" sizes=\"(max-width: 1024px) 100vw, 1024px\" \/><\/a><\/figure>\n\n\n\n<figure class=\"wp-block-image size-large\"><a href=\"https:\/\/mairieassinie.com\/web\/wp-content\/uploads\/2024\/07\/IMG-20240725-WA0880-1.jpg\"><img loading=\"lazy\" decoding=\"async\" width=\"1024\" height=\"683\" data-id=\"9770\" src=\"https:\/\/mairieassinie.com\/web\/wp-content\/uploads\/2024\/07\/IMG-20240725-WA0880-1-1024x683.jpg\" alt=\"\" class=\"wp-image-9770\" srcset=\"https:\/\/mairieassinie.com\/web\/wp-content\/uploads\/2024\/07\/IMG-20240725-WA0880-1-1024x683.jpg 1024w, https:\/\/mairieassinie.com\/web\/wp-content\/uploads\/2024\/07\/IMG-20240725-WA0880-1-300x200.jpg 300w, https:\/\/mairieassinie.com\/web\/wp-content\/uploads\/2024\/07\/IMG-20240725-WA0880-1-768x512.jpg 768w, https:\/\/mairieassinie.com\/web\/wp-content\/uploads\/2024\/07\/IMG-20240725-WA0880-1-342x228.jpg 342w, https:\/\/mairieassinie.com\/web\/wp-content\/uploads\/2024\/07\/IMG-20240725-WA0880-1.jpg 1080w\" sizes=\"(max-width: 1024px) 100vw, 1024px\" \/><\/a><\/figure>\n<\/figure>\n\n    <div class=\"xs_social_share_widget xs_share_url after_content \t\tmain_content  wslu-style-1 wslu-share-box-shaped wslu-fill-colored wslu-none wslu-share-horizontal wslu-theme-font-no wslu-main_content\">\n\n\t\t\n        <ul>\n\t\t\t        <\/ul>\n    <\/div> \n","protected":false},"excerpt":{"rendered":"<p>Depuis deux mois, un projet ambitieux &eacute;merge des terres d&rsquo;Assinie, transformant lentement mais s&ucirc;rement le paysage c&ocirc;tier. Le jardin public d&rsquo;Assinie, longtemps r&ecirc;v&eacute; par les r&eacute;sidents et les visiteurs, prend enfin forme &agrave; travers des travaux d&rsquo;am&eacute;nagement qui avancent &agrave; un rythme soutenu. Assinie, d&eacute;j&agrave; r&eacute;put&eacute;e pour sa beaut&eacute; naturelle et son atmosph&egrave;re apaisante, semble [&hellip;]<\/p>\n","protected":false},"author":2,"featured_media":9769,"comment_status":"closed","ping_status":"open","sticky":false,"template":"","format":"standard","meta":{"footnotes":""},"categories":[127,3,129,125],"tags":[],"class_list":["post-9766","post","type-post","status-publish","format-standard","has-post-thumbnail","hentry","category-activites","category-actualite","category-infos","category-municipalite"],"yoast_head":"<!-- This site is optimized with the Yoast SEO plugin v25.9 - https:\/\/yoast.com\/wordpress\/plugins\/seo\/ -->\n<title>\u2018\u2018\ud835\udc0b\ud835\udc1e \ud835\udc09\ud835\udc1a\ud835\udc2b\ud835\udc1d\ud835\udc22\ud835\udc27 \ud835\udc0f\ud835\udc2e\ud835\udc1b\ud835\udc25\ud835\udc22\ud835\udc1c \ud835\udc0f\ud835\udc2b\ud835\udc1e\ud835\udc27\ud835\udc1d \ud835\udc05\ud835\udc28\ud835\udc2b\ud835\udc26\ud835\udc1e\u2019\u2019 - Mairie d&#039;Assinie-Mairie<\/title>\n<meta name=\"robots\" content=\"index, follow, max-snippet:-1, max-image-preview:large, max-video-preview:-1\" \/>\n<link rel=\"canonical\" href=\"https:\/\/mairieassinie.com\/web\/\ud835\udc0b\ud835\udc1e-\ud835\udc09\ud835\udc1a\ud835\udc2b\ud835\udc1d\ud835\udc22\ud835\udc27-\ud835\udc0f\ud835\udc2e\ud835\udc1b\ud835\udc25\ud835\udc22\ud835\udc1c\/\" \/>\n<meta property=\"og:locale\" content=\"fr_FR\" \/>\n<meta property=\"og:type\" content=\"article\" \/>\n<meta property=\"og:title\" content=\"\u2018\u2018\ud835\udc0b\ud835\udc1e \ud835\udc09\ud835\udc1a\ud835\udc2b\ud835\udc1d\ud835\udc22\ud835\udc27 \ud835\udc0f\ud835\udc2e\ud835\udc1b\ud835\udc25\ud835\udc22\ud835\udc1c \ud835\udc0f\ud835\udc2b\ud835\udc1e\ud835\udc27\ud835\udc1d \ud835\udc05\ud835\udc28\ud835\udc2b\ud835\udc26\ud835\udc1e\u2019\u2019 - Mairie d&#039;Assinie-Mairie\" \/>\n<meta property=\"og:description\" content=\"Depuis deux mois, un projet ambitieux &eacute;merge des terres d&rsquo;Assinie, transformant lentement mais s&ucirc;rement le paysage c&ocirc;tier. Le jardin public d&rsquo;Assinie, longtemps r&ecirc;v&eacute; par les r&eacute;sidents et les visiteurs, prend enfin forme &agrave; travers des travaux d&rsquo;am&eacute;nagement qui avancent &agrave; un rythme soutenu. Assinie, d&eacute;j&agrave; r&eacute;put&eacute;e pour sa beaut&eacute; naturelle et son atmosph&egrave;re apaisante, semble [&hellip;]\" \/>\n<meta property=\"og:url\" content=\"https:\/\/mairieassinie.com\/web\/\ud835\udc0b\ud835\udc1e-\ud835\udc09\ud835\udc1a\ud835\udc2b\ud835\udc1d\ud835\udc22\ud835\udc27-\ud835\udc0f\ud835\udc2e\ud835\udc1b\ud835\udc25\ud835\udc22\ud835\udc1c\/\" \/>\n<meta property=\"og:site_name\" content=\"Mairie d&#039;Assinie-Mairie\" \/>\n<meta property=\"article:publisher\" content=\"https:\/\/www.facebook.com\/mairieassinie.officiel\" \/>\n<meta property=\"article:published_time\" content=\"2024-07-26T08:51:32+00:00\" \/>\n<meta property=\"article:modified_time\" content=\"2024-07-26T09:47:57+00:00\" \/>\n<meta property=\"og:image\" content=\"https:\/\/mairieassinie.com\/web\/wp-content\/uploads\/2024\/07\/IMG-20240725-WA0872.jpg\" \/>\n\t<meta property=\"og:image:width\" content=\"1080\" \/>\n\t<meta property=\"og:image:height\" content=\"720\" \/>\n\t<meta property=\"og:image:type\" content=\"image\/jpeg\" \/>\n<meta name=\"author\" content=\"Mairie d&#039;Assinie\" \/>\n<meta name=\"twitter:card\" content=\"summary_large_image\" \/>\n<meta name=\"twitter:label1\" content=\"\u00c9crit par\" \/>\n\t<meta name=\"twitter:data1\" content=\"Mairie d&#039;Assinie\" \/>\n\t<meta name=\"twitter:label2\" content=\"Dur\u00e9e de lecture estim\u00e9e\" \/>\n\t<meta name=\"twitter:data2\" content=\"2 minutes\" \/>\n<script type=\"application\/ld+json\" class=\"yoast-schema-graph\">{\"@context\":\"https:\/\/schema.org\",\"@graph\":[{\"@type\":\"WebPage\",\"@id\":\"https:\/\/mairieassinie.com\/web\/%f0%9d%90%8b%f0%9d%90%9e-%f0%9d%90%89%f0%9d%90%9a%f0%9d%90%ab%f0%9d%90%9d%f0%9d%90%a2%f0%9d%90%a7-%f0%9d%90%8f%f0%9d%90%ae%f0%9d%90%9b%f0%9d%90%a5%f0%9d%90%a2%f0%9d%90%9c\/\",\"url\":\"https:\/\/mairieassinie.com\/web\/%f0%9d%90%8b%f0%9d%90%9e-%f0%9d%90%89%f0%9d%90%9a%f0%9d%90%ab%f0%9d%90%9d%f0%9d%90%a2%f0%9d%90%a7-%f0%9d%90%8f%f0%9d%90%ae%f0%9d%90%9b%f0%9d%90%a5%f0%9d%90%a2%f0%9d%90%9c\/\",\"name\":\"\u2018\u2018\ud835\udc0b\ud835\udc1e \ud835\udc09\ud835\udc1a\ud835\udc2b\ud835\udc1d\ud835\udc22\ud835\udc27 \ud835\udc0f\ud835\udc2e\ud835\udc1b\ud835\udc25\ud835\udc22\ud835\udc1c \ud835\udc0f\ud835\udc2b\ud835\udc1e\ud835\udc27\ud835\udc1d \ud835\udc05\ud835\udc28\ud835\udc2b\ud835\udc26\ud835\udc1e\u2019\u2019 - Mairie d&#039;Assinie-Mairie\",\"isPartOf\":{\"@id\":\"https:\/\/mairieassinie.com\/web\/#website\"},\"primaryImageOfPage\":{\"@id\":\"https:\/\/mairieassinie.com\/web\/%f0%9d%90%8b%f0%9d%90%9e-%f0%9d%90%89%f0%9d%90%9a%f0%9d%90%ab%f0%9d%90%9d%f0%9d%90%a2%f0%9d%90%a7-%f0%9d%90%8f%f0%9d%90%ae%f0%9d%90%9b%f0%9d%90%a5%f0%9d%90%a2%f0%9d%90%9c\/#primaryimage\"},\"image\":{\"@id\":\"https:\/\/mairieassinie.com\/web\/%f0%9d%90%8b%f0%9d%90%9e-%f0%9d%90%89%f0%9d%90%9a%f0%9d%90%ab%f0%9d%90%9d%f0%9d%90%a2%f0%9d%90%a7-%f0%9d%90%8f%f0%9d%90%ae%f0%9d%90%9b%f0%9d%90%a5%f0%9d%90%a2%f0%9d%90%9c\/#primaryimage\"},\"thumbnailUrl\":\"https:\/\/mairieassinie.com\/web\/wp-content\/uploads\/2024\/07\/IMG-20240725-WA0872.jpg\",\"datePublished\":\"2024-07-26T08:51:32+00:00\",\"dateModified\":\"2024-07-26T09:47:57+00:00\",\"author\":{\"@id\":\"https:\/\/mairieassinie.com\/web\/#\/schema\/person\/ec7ccc40765baa860f4f4018fc599539\"},\"breadcrumb\":{\"@id\":\"https:\/\/mairieassinie.com\/web\/%f0%9d%90%8b%f0%9d%90%9e-%f0%9d%90%89%f0%9d%90%9a%f0%9d%90%ab%f0%9d%90%9d%f0%9d%90%a2%f0%9d%90%a7-%f0%9d%90%8f%f0%9d%90%ae%f0%9d%90%9b%f0%9d%90%a5%f0%9d%90%a2%f0%9d%90%9c\/#breadcrumb\"},\"inLanguage\":\"fr-FR\",\"potentialAction\":[{\"@type\":\"ReadAction\",\"target\":[\"https:\/\/mairieassinie.com\/web\/%f0%9d%90%8b%f0%9d%90%9e-%f0%9d%90%89%f0%9d%90%9a%f0%9d%90%ab%f0%9d%90%9d%f0%9d%90%a2%f0%9d%90%a7-%f0%9d%90%8f%f0%9d%90%ae%f0%9d%90%9b%f0%9d%90%a5%f0%9d%90%a2%f0%9d%90%9c\/\"]}]},{\"@type\":\"ImageObject\",\"inLanguage\":\"fr-FR\",\"@id\":\"https:\/\/mairieassinie.com\/web\/%f0%9d%90%8b%f0%9d%90%9e-%f0%9d%90%89%f0%9d%90%9a%f0%9d%90%ab%f0%9d%90%9d%f0%9d%90%a2%f0%9d%90%a7-%f0%9d%90%8f%f0%9d%90%ae%f0%9d%90%9b%f0%9d%90%a5%f0%9d%90%a2%f0%9d%90%9c\/#primaryimage\",\"url\":\"https:\/\/mairieassinie.com\/web\/wp-content\/uploads\/2024\/07\/IMG-20240725-WA0872.jpg\",\"contentUrl\":\"https:\/\/mairieassinie.com\/web\/wp-content\/uploads\/2024\/07\/IMG-20240725-WA0872.jpg\",\"width\":1080,\"height\":720},{\"@type\":\"BreadcrumbList\",\"@id\":\"https:\/\/mairieassinie.com\/web\/%f0%9d%90%8b%f0%9d%90%9e-%f0%9d%90%89%f0%9d%90%9a%f0%9d%90%ab%f0%9d%90%9d%f0%9d%90%a2%f0%9d%90%a7-%f0%9d%90%8f%f0%9d%90%ae%f0%9d%90%9b%f0%9d%90%a5%f0%9d%90%a2%f0%9d%90%9c\/#breadcrumb\",\"itemListElement\":[{\"@type\":\"ListItem\",\"position\":1,\"name\":\"Accueil\",\"item\":\"https:\/\/mairieassinie.com\/web\/\"},{\"@type\":\"ListItem\",\"position\":2,\"name\":\"\u2018\u2018\ud835\udc0b\ud835\udc1e \ud835\udc09\ud835\udc1a\ud835\udc2b\ud835\udc1d\ud835\udc22\ud835\udc27 \ud835\udc0f\ud835\udc2e\ud835\udc1b\ud835\udc25\ud835\udc22\ud835\udc1c \ud835\udc0f\ud835\udc2b\ud835\udc1e\ud835\udc27\ud835\udc1d \ud835\udc05\ud835\udc28\ud835\udc2b\ud835\udc26\ud835\udc1e\u2019\u2019\"}]},{\"@type\":\"WebSite\",\"@id\":\"https:\/\/mairieassinie.com\/web\/#website\",\"url\":\"https:\/\/mairieassinie.com\/web\/\",\"name\":\"Mairie d'Assinie\",\"description\":\"Une cit\u00e9 baln\u00e9aire exceptionnelle.\",\"potentialAction\":[{\"@type\":\"SearchAction\",\"target\":{\"@type\":\"EntryPoint\",\"urlTemplate\":\"https:\/\/mairieassinie.com\/web\/?s={search_term_string}\"},\"query-input\":{\"@type\":\"PropertyValueSpecification\",\"valueRequired\":true,\"valueName\":\"search_term_string\"}}],\"inLanguage\":\"fr-FR\"},{\"@type\":\"Person\",\"@id\":\"https:\/\/mairieassinie.com\/web\/#\/schema\/person\/ec7ccc40765baa860f4f4018fc599539\",\"name\":\"Mairie d'Assinie\",\"image\":{\"@type\":\"ImageObject\",\"inLanguage\":\"fr-FR\",\"@id\":\"https:\/\/mairieassinie.com\/web\/#\/schema\/person\/image\/\",\"url\":\"https:\/\/secure.gravatar.com\/avatar\/fc7b38665fad664f31346ac2ed5c06693cf6558ef5a53cc39eb7aa16409fc1b7?s=96&d=mm&r=g\",\"contentUrl\":\"https:\/\/secure.gravatar.com\/avatar\/fc7b38665fad664f31346ac2ed5c06693cf6558ef5a53cc39eb7aa16409fc1b7?s=96&d=mm&r=g\",\"caption\":\"Mairie d'Assinie\"},\"url\":\"https:\/\/mairieassinie.com\/web\/author\/webmaster\/\"}]}<\/script>\n<!-- \/ Yoast SEO plugin. -->","yoast_head_json":{"title":"\u2018\u2018\ud835\udc0b\ud835\udc1e \ud835\udc09\ud835\udc1a\ud835\udc2b\ud835\udc1d\ud835\udc22\ud835\udc27 \ud835\udc0f\ud835\udc2e\ud835\udc1b\ud835\udc25\ud835\udc22\ud835\udc1c \ud835\udc0f\ud835\udc2b\ud835\udc1e\ud835\udc27\ud835\udc1d \ud835\udc05\ud835\udc28\ud835\udc2b\ud835\udc26\ud835\udc1e\u2019\u2019 - Mairie d&#039;Assinie-Mairie","robots":{"index":"index","follow":"follow","max-snippet":"max-snippet:-1","max-image-preview":"max-image-preview:large","max-video-preview":"max-video-preview:-1"},"canonical":"https:\/\/mairieassinie.com\/web\/\ud835\udc0b\ud835\udc1e-\ud835\udc09\ud835\udc1a\ud835\udc2b\ud835\udc1d\ud835\udc22\ud835\udc27-\ud835\udc0f\ud835\udc2e\ud835\udc1b\ud835\udc25\ud835\udc22\ud835\udc1c\/","og_locale":"fr_FR","og_type":"article","og_title":"\u2018\u2018\ud835\udc0b\ud835\udc1e \ud835\udc09\ud835\udc1a\ud835\udc2b\ud835\udc1d\ud835\udc22\ud835\udc27 \ud835\udc0f\ud835\udc2e\ud835\udc1b\ud835\udc25\ud835\udc22\ud835\udc1c \ud835\udc0f\ud835\udc2b\ud835\udc1e\ud835\udc27\ud835\udc1d \ud835\udc05\ud835\udc28\ud835\udc2b\ud835\udc26\ud835\udc1e\u2019\u2019 - Mairie d&#039;Assinie-Mairie","og_description":"Depuis deux mois, un projet ambitieux &eacute;merge des terres d&rsquo;Assinie, transformant lentement mais s&ucirc;rement le paysage c&ocirc;tier. Le jardin public d&rsquo;Assinie, longtemps r&ecirc;v&eacute; par les r&eacute;sidents et les visiteurs, prend enfin forme &agrave; travers des travaux d&rsquo;am&eacute;nagement qui avancent &agrave; un rythme soutenu. Assinie, d&eacute;j&agrave; r&eacute;put&eacute;e pour sa beaut&eacute; naturelle et son atmosph&egrave;re apaisante, semble [&hellip;]","og_url":"https:\/\/mairieassinie.com\/web\/\ud835\udc0b\ud835\udc1e-\ud835\udc09\ud835\udc1a\ud835\udc2b\ud835\udc1d\ud835\udc22\ud835\udc27-\ud835\udc0f\ud835\udc2e\ud835\udc1b\ud835\udc25\ud835\udc22\ud835\udc1c\/","og_site_name":"Mairie d&#039;Assinie-Mairie","article_publisher":"https:\/\/www.facebook.com\/mairieassinie.officiel","article_published_time":"2024-07-26T08:51:32+00:00","article_modified_time":"2024-07-26T09:47:57+00:00","og_image":[{"width":1080,"height":720,"url":"https:\/\/mairieassinie.com\/web\/wp-content\/uploads\/2024\/07\/IMG-20240725-WA0872.jpg","type":"image\/jpeg"}],"author":"Mairie d'Assinie","twitter_card":"summary_large_image","twitter_misc":{"\u00c9crit par":"Mairie d'Assinie","Dur\u00e9e de lecture estim\u00e9e":"2 minutes"},"schema":{"@context":"https:\/\/schema.org","@graph":[{"@type":"WebPage","@id":"https:\/\/mairieassinie.com\/web\/%f0%9d%90%8b%f0%9d%90%9e-%f0%9d%90%89%f0%9d%90%9a%f0%9d%90%ab%f0%9d%90%9d%f0%9d%90%a2%f0%9d%90%a7-%f0%9d%90%8f%f0%9d%90%ae%f0%9d%90%9b%f0%9d%90%a5%f0%9d%90%a2%f0%9d%90%9c\/","url":"https:\/\/mairieassinie.com\/web\/%f0%9d%90%8b%f0%9d%90%9e-%f0%9d%90%89%f0%9d%90%9a%f0%9d%90%ab%f0%9d%90%9d%f0%9d%90%a2%f0%9d%90%a7-%f0%9d%90%8f%f0%9d%90%ae%f0%9d%90%9b%f0%9d%90%a5%f0%9d%90%a2%f0%9d%90%9c\/","name":"\u2018\u2018\ud835\udc0b\ud835\udc1e \ud835\udc09\ud835\udc1a\ud835\udc2b\ud835\udc1d\ud835\udc22\ud835\udc27 \ud835\udc0f\ud835\udc2e\ud835\udc1b\ud835\udc25\ud835\udc22\ud835\udc1c \ud835\udc0f\ud835\udc2b\ud835\udc1e\ud835\udc27\ud835\udc1d \ud835\udc05\ud835\udc28\ud835\udc2b\ud835\udc26\ud835\udc1e\u2019\u2019 - Mairie d&#039;Assinie-Mairie","isPartOf":{"@id":"https:\/\/mairieassinie.com\/web\/#website"},"primaryImageOfPage":{"@id":"https:\/\/mairieassinie.com\/web\/%f0%9d%90%8b%f0%9d%90%9e-%f0%9d%90%89%f0%9d%90%9a%f0%9d%90%ab%f0%9d%90%9d%f0%9d%90%a2%f0%9d%90%a7-%f0%9d%90%8f%f0%9d%90%ae%f0%9d%90%9b%f0%9d%90%a5%f0%9d%90%a2%f0%9d%90%9c\/#primaryimage"},"image":{"@id":"https:\/\/mairieassinie.com\/web\/%f0%9d%90%8b%f0%9d%90%9e-%f0%9d%90%89%f0%9d%90%9a%f0%9d%90%ab%f0%9d%90%9d%f0%9d%90%a2%f0%9d%90%a7-%f0%9d%90%8f%f0%9d%90%ae%f0%9d%90%9b%f0%9d%90%a5%f0%9d%90%a2%f0%9d%90%9c\/#primaryimage"},"thumbnailUrl":"https:\/\/mairieassinie.com\/web\/wp-content\/uploads\/2024\/07\/IMG-20240725-WA0872.jpg","datePublished":"2024-07-26T08:51:32+00:00","dateModified":"2024-07-26T09:47:57+00:00","author":{"@id":"https:\/\/mairieassinie.com\/web\/#\/schema\/person\/ec7ccc40765baa860f4f4018fc599539"},"breadcrumb":{"@id":"https:\/\/mairieassinie.com\/web\/%f0%9d%90%8b%f0%9d%90%9e-%f0%9d%90%89%f0%9d%90%9a%f0%9d%90%ab%f0%9d%90%9d%f0%9d%90%a2%f0%9d%90%a7-%f0%9d%90%8f%f0%9d%90%ae%f0%9d%90%9b%f0%9d%90%a5%f0%9d%90%a2%f0%9d%90%9c\/#breadcrumb"},"inLanguage":"fr-FR","potentialAction":[{"@type":"ReadAction","target":["https:\/\/mairieassinie.com\/web\/%f0%9d%90%8b%f0%9d%90%9e-%f0%9d%90%89%f0%9d%90%9a%f0%9d%90%ab%f0%9d%90%9d%f0%9d%90%a2%f0%9d%90%a7-%f0%9d%90%8f%f0%9d%90%ae%f0%9d%90%9b%f0%9d%90%a5%f0%9d%90%a2%f0%9d%90%9c\/"]}]},{"@type":"ImageObject","inLanguage":"fr-FR","@id":"https:\/\/mairieassinie.com\/web\/%f0%9d%90%8b%f0%9d%90%9e-%f0%9d%90%89%f0%9d%90%9a%f0%9d%90%ab%f0%9d%90%9d%f0%9d%90%a2%f0%9d%90%a7-%f0%9d%90%8f%f0%9d%90%ae%f0%9d%90%9b%f0%9d%90%a5%f0%9d%90%a2%f0%9d%90%9c\/#primaryimage","url":"https:\/\/mairieassinie.com\/web\/wp-content\/uploads\/2024\/07\/IMG-20240725-WA0872.jpg","contentUrl":"https:\/\/mairieassinie.com\/web\/wp-content\/uploads\/2024\/07\/IMG-20240725-WA0872.jpg","width":1080,"height":720},{"@type":"BreadcrumbList","@id":"https:\/\/mairieassinie.com\/web\/%f0%9d%90%8b%f0%9d%90%9e-%f0%9d%90%89%f0%9d%90%9a%f0%9d%90%ab%f0%9d%90%9d%f0%9d%90%a2%f0%9d%90%a7-%f0%9d%90%8f%f0%9d%90%ae%f0%9d%90%9b%f0%9d%90%a5%f0%9d%90%a2%f0%9d%90%9c\/#breadcrumb","itemListElement":[{"@type":"ListItem","position":1,"name":"Accueil","item":"https:\/\/mairieassinie.com\/web\/"},{"@type":"ListItem","position":2,"name":"\u2018\u2018\ud835\udc0b\ud835\udc1e \ud835\udc09\ud835\udc1a\ud835\udc2b\ud835\udc1d\ud835\udc22\ud835\udc27 \ud835\udc0f\ud835\udc2e\ud835\udc1b\ud835\udc25\ud835\udc22\ud835\udc1c \ud835\udc0f\ud835\udc2b\ud835\udc1e\ud835\udc27\ud835\udc1d \ud835\udc05\ud835\udc28\ud835\udc2b\ud835\udc26\ud835\udc1e\u2019\u2019"}]},{"@type":"WebSite","@id":"https:\/\/mairieassinie.com\/web\/#website","url":"https:\/\/mairieassinie.com\/web\/","name":"Mairie d'Assinie","description":"Une cit\u00e9 baln\u00e9aire exceptionnelle.","potentialAction":[{"@type":"SearchAction","target":{"@type":"EntryPoint","urlTemplate":"https:\/\/mairieassinie.com\/web\/?s={search_term_string}"},"query-input":{"@type":"PropertyValueSpecification","valueRequired":true,"valueName":"search_term_string"}}],"inLanguage":"fr-FR"},{"@type":"Person","@id":"https:\/\/mairieassinie.com\/web\/#\/schema\/person\/ec7ccc40765baa860f4f4018fc599539","name":"Mairie d'Assinie","image":{"@type":"ImageObject","inLanguage":"fr-FR","@id":"https:\/\/mairieassinie.com\/web\/#\/schema\/person\/image\/","url":"https:\/\/secure.gravatar.com\/avatar\/fc7b38665fad664f31346ac2ed5c06693cf6558ef5a53cc39eb7aa16409fc1b7?s=96&d=mm&r=g","contentUrl":"https:\/\/secure.gravatar.com\/avatar\/fc7b38665fad664f31346ac2ed5c06693cf6558ef5a53cc39eb7aa16409fc1b7?s=96&d=mm&r=g","caption":"Mairie d'Assinie"},"url":"https:\/\/mairieassinie.com\/web\/author\/webmaster\/"}]}},"_links":{"self":[{"href":"https:\/\/mairieassinie.com\/web\/wp-json\/wp\/v2\/posts\/9766","targetHints":{"allow":["GET"]}}],"collection":[{"href":"https:\/\/mairieassinie.com\/web\/wp-json\/wp\/v2\/posts"}],"about":[{"href":"https:\/\/mairieassinie.com\/web\/wp-json\/wp\/v2\/types\/post"}],"author":[{"embeddable":true,"href":"https:\/\/mairieassinie.com\/web\/wp-json\/wp\/v2\/users\/2"}],"replies":[{"embeddable":true,"href":"https:\/\/mairieassinie.com\/web\/wp-json\/wp\/v2\/comments?post=9766"}],"version-history":[{"count":1,"href":"https:\/\/mairieassinie.com\/web\/wp-json\/wp\/v2\/posts\/9766\/revisions"}],"predecessor-version":[{"id":9774,"href":"https:\/\/mairieassinie.com\/web\/wp-json\/wp\/v2\/posts\/9766\/revisions\/9774"}],"wp:featuredmedia":[{"embeddable":true,"href":"https:\/\/mairieassinie.com\/web\/wp-json\/wp\/v2\/media\/9769"}],"wp:attachment":[{"href":"https:\/\/mairieassinie.com\/web\/wp-json\/wp\/v2\/media?parent=9766"}],"wp:term":[{"taxonomy":"category","embeddable":true,"href":"https:\/\/mairieassinie.com\/web\/wp-json\/wp\/v2\/categories?post=9766"},{"taxonomy":"post_tag","embeddable":true,"href":"https:\/\/mairieassinie.com\/web\/wp-json\/wp\/v2\/tags?post=9766"}],"curies":[{"name":"wp","href":"https:\/\/api.w.org\/{rel}","templated":true}]}}