{"id":9782,"date":"2024-08-05T09:44:00","date_gmt":"2024-08-05T07:44:00","guid":{"rendered":"https:\/\/mairieassinie.com\/web\/?p=9782"},"modified":"2024-08-16T13:22:16","modified_gmt":"2024-08-16T11:22:16","slug":"%e2%9d%9d%f0%9d%90%83%f0%9d%90%9e%f0%9d%90%ab%f0%9d%90%a7%f0%9d%90%a2%f0%9d%90%9e%f0%9d%90%ab-%f0%9d%90%87%f0%9d%90%a8%f0%9d%90%a6%f0%9d%90%a6%f0%9d%90%9a%f0%9d%90%a0%f0%9d%90%9e-a-%f0%9d%90%95","status":"publish","type":"post","link":"https:\/\/mairieassinie.com\/web\/%e2%9d%9d%f0%9d%90%83%f0%9d%90%9e%f0%9d%90%ab%f0%9d%90%a7%f0%9d%90%a2%f0%9d%90%9e%f0%9d%90%ab-%f0%9d%90%87%f0%9d%90%a8%f0%9d%90%a6%f0%9d%90%a6%f0%9d%90%9a%f0%9d%90%a0%f0%9d%90%9e-a-%f0%9d%90%95\/","title":{"rendered":"\u275d\ud835\udc03\ud835\udc1e\ud835\udc2b\ud835\udc27\ud835\udc22\ud835\udc1e\ud835\udc2b \ud835\udc07\ud835\udc28\ud835\udc26\ud835\udc26\ud835\udc1a\ud835\udc20\ud835\udc1e \u00e0 \ud835\udc15\ud835\udc22\ud835\udc2b\ud835\udc20\ud835\udc22\ud835\udc27\ud835\udc22\ud835\udc1e \ud835\udc04\ud835\udc1d\ud835\udc22\ud835\udc2d\ud835\udc21 \ud835\udc0a\ud835\udc28\ud835\udc2e\ud835\udc1a\ud835\udc26\ud835\udc1e \ud835\udc00\ud835\udc2c\ud835\udc2c\ud835\udc28\ud835\udc2e\ud835\udc1a\ud835\udc27 : \ud835\udc14\ud835\udc27 \ud835\udc00\ud835\udc1d\ud835\udc22\ud835\udc1e\ud835\udc2e \ud835\udc04\ud835\udc26\ud835\udc28\ud835\udc2e\ud835\udc2f\ud835\udc1a\ud835\udc27\ud835\udc2d\u275e"},"content":{"rendered":"\n<p>La communaut\u00e9 s&rsquo;est r\u00e9unie le vendredi 2 ao\u00fbt 2024, pour rendre un dernier hommage \u00e0 Virginie Edith Kouam\u00e9 Assouan, ancienne conseill\u00e8re respect\u00e9e et admir\u00e9e. Le cort\u00e8ge fun\u00e9raire a marqu\u00e9 une pause significative \u00e0 la mairie, o\u00f9 un hommage solennel a \u00e9t\u00e9 organis\u00e9 pour c\u00e9l\u00e9brer la vie et le travail de cette figure \u00e9minente.<\/p>\n\n\n\n<p>Virginie Edith Kouam\u00e9 Assouan, <a><\/a>connue pour son d\u00e9vouement et son engagement envers sa communaut\u00e9, a laiss\u00e9 un impact ind\u00e9l\u00e9bile. Durant son mandat, elle a collabor\u00e9 \u00e9troitement avec le premier magistrat, qui a d\u00e9crit leur partenariat comme \u00ab plus que parfait \u00bb. Ce moment de recueillement \u00e0 la mairie a permis de reconna\u00eetre publiquement ses contributions pr\u00e9cieuses.<\/p>\n\n\n\n<p>Le premier magistrat, profond\u00e9ment \u00e9mu, a exprim\u00e9 sa gratitude pour le travail de Virginie Edith Kouam\u00e9 Assouan, soulignant son professionnalisme et sa passion in\u00e9branlable pour le service public. Cette pause \u00e0 la mairie a \u00e9t\u00e9 l&rsquo;occasion pour tous de rendre un hommage collectif \u00e0 une femme qui a laiss\u00e9 une empreinte positive durable dans les c\u0153urs et les esprits.<\/p>\n\n\n\n<figure class=\"wp-block-gallery has-nested-images columns-default is-cropped wp-block-gallery-1 is-layout-flex wp-block-gallery-is-layout-flex\"><div class=\"wp-block-image\">\n<figure class=\"aligncenter size-large\"><a href=\"https:\/\/mairieassinie.com\/web\/wp-content\/uploads\/2024\/08\/WhatsApp-Image-2024-08-03-a-19.00.24_ce6233d4.jpg\"><img fetchpriority=\"high\" decoding=\"async\" width=\"1024\" height=\"683\" data-id=\"9785\" src=\"https:\/\/mairieassinie.com\/web\/wp-content\/uploads\/2024\/08\/WhatsApp-Image-2024-08-03-a-19.00.24_ce6233d4-1024x683.jpg\" alt=\"\" class=\"wp-image-9785\" srcset=\"https:\/\/mairieassinie.com\/web\/wp-content\/uploads\/2024\/08\/WhatsApp-Image-2024-08-03-a-19.00.24_ce6233d4-1024x683.jpg 1024w, https:\/\/mairieassinie.com\/web\/wp-content\/uploads\/2024\/08\/WhatsApp-Image-2024-08-03-a-19.00.24_ce6233d4-300x200.jpg 300w, https:\/\/mairieassinie.com\/web\/wp-content\/uploads\/2024\/08\/WhatsApp-Image-2024-08-03-a-19.00.24_ce6233d4-768x512.jpg 768w, https:\/\/mairieassinie.com\/web\/wp-content\/uploads\/2024\/08\/WhatsApp-Image-2024-08-03-a-19.00.24_ce6233d4-342x228.jpg 342w, https:\/\/mairieassinie.com\/web\/wp-content\/uploads\/2024\/08\/WhatsApp-Image-2024-08-03-a-19.00.24_ce6233d4.jpg 1080w\" sizes=\"(max-width: 1024px) 100vw, 1024px\" \/><\/a><\/figure>\n<\/div>\n\n\n<figure class=\"wp-block-image size-large\"><a href=\"https:\/\/mairieassinie.com\/web\/wp-content\/uploads\/2024\/08\/WhatsApp-Image-2024-08-03-a-19.00.24_2e278242.jpg\"><img decoding=\"async\" width=\"1024\" height=\"683\" data-id=\"9791\" src=\"https:\/\/mairieassinie.com\/web\/wp-content\/uploads\/2024\/08\/WhatsApp-Image-2024-08-03-a-19.00.24_2e278242-1024x683.jpg\" alt=\"\" class=\"wp-image-9791\" srcset=\"https:\/\/mairieassinie.com\/web\/wp-content\/uploads\/2024\/08\/WhatsApp-Image-2024-08-03-a-19.00.24_2e278242-1024x683.jpg 1024w, https:\/\/mairieassinie.com\/web\/wp-content\/uploads\/2024\/08\/WhatsApp-Image-2024-08-03-a-19.00.24_2e278242-300x200.jpg 300w, https:\/\/mairieassinie.com\/web\/wp-content\/uploads\/2024\/08\/WhatsApp-Image-2024-08-03-a-19.00.24_2e278242-768x512.jpg 768w, https:\/\/mairieassinie.com\/web\/wp-content\/uploads\/2024\/08\/WhatsApp-Image-2024-08-03-a-19.00.24_2e278242-342x228.jpg 342w, https:\/\/mairieassinie.com\/web\/wp-content\/uploads\/2024\/08\/WhatsApp-Image-2024-08-03-a-19.00.24_2e278242.jpg 1080w\" sizes=\"(max-width: 1024px) 100vw, 1024px\" \/><\/a><\/figure>\n\n\n\n<figure class=\"wp-block-image size-large\"><a href=\"https:\/\/mairieassinie.com\/web\/wp-content\/uploads\/2024\/08\/WhatsApp-Image-2024-08-03-a-19.00.22_2ea605a2.jpg\"><img decoding=\"async\" width=\"1024\" height=\"683\" data-id=\"9787\" src=\"https:\/\/mairieassinie.com\/web\/wp-content\/uploads\/2024\/08\/WhatsApp-Image-2024-08-03-a-19.00.22_2ea605a2-1024x683.jpg\" alt=\"\" class=\"wp-image-9787\" srcset=\"https:\/\/mairieassinie.com\/web\/wp-content\/uploads\/2024\/08\/WhatsApp-Image-2024-08-03-a-19.00.22_2ea605a2-1024x683.jpg 1024w, https:\/\/mairieassinie.com\/web\/wp-content\/uploads\/2024\/08\/WhatsApp-Image-2024-08-03-a-19.00.22_2ea605a2-300x200.jpg 300w, https:\/\/mairieassinie.com\/web\/wp-content\/uploads\/2024\/08\/WhatsApp-Image-2024-08-03-a-19.00.22_2ea605a2-768x512.jpg 768w, https:\/\/mairieassinie.com\/web\/wp-content\/uploads\/2024\/08\/WhatsApp-Image-2024-08-03-a-19.00.22_2ea605a2-342x228.jpg 342w, https:\/\/mairieassinie.com\/web\/wp-content\/uploads\/2024\/08\/WhatsApp-Image-2024-08-03-a-19.00.22_2ea605a2.jpg 1080w\" sizes=\"(max-width: 1024px) 100vw, 1024px\" \/><\/a><\/figure>\n\n\n\n<figure class=\"wp-block-image size-large\"><a href=\"https:\/\/mairieassinie.com\/web\/wp-content\/uploads\/2024\/08\/WhatsApp-Image-2024-08-03-a-19.00.22_c5d7322f.jpg\"><img loading=\"lazy\" decoding=\"async\" width=\"1024\" height=\"683\" data-id=\"9784\" src=\"https:\/\/mairieassinie.com\/web\/wp-content\/uploads\/2024\/08\/WhatsApp-Image-2024-08-03-a-19.00.22_c5d7322f-1024x683.jpg\" alt=\"\" class=\"wp-image-9784\" srcset=\"https:\/\/mairieassinie.com\/web\/wp-content\/uploads\/2024\/08\/WhatsApp-Image-2024-08-03-a-19.00.22_c5d7322f-1024x683.jpg 1024w, https:\/\/mairieassinie.com\/web\/wp-content\/uploads\/2024\/08\/WhatsApp-Image-2024-08-03-a-19.00.22_c5d7322f-300x200.jpg 300w, https:\/\/mairieassinie.com\/web\/wp-content\/uploads\/2024\/08\/WhatsApp-Image-2024-08-03-a-19.00.22_c5d7322f-768x512.jpg 768w, https:\/\/mairieassinie.com\/web\/wp-content\/uploads\/2024\/08\/WhatsApp-Image-2024-08-03-a-19.00.22_c5d7322f-342x228.jpg 342w, https:\/\/mairieassinie.com\/web\/wp-content\/uploads\/2024\/08\/WhatsApp-Image-2024-08-03-a-19.00.22_c5d7322f.jpg 1080w\" sizes=\"(max-width: 1024px) 100vw, 1024px\" \/><\/a><\/figure>\n\n\n\n<figure class=\"wp-block-image size-large\"><a href=\"https:\/\/mairieassinie.com\/web\/wp-content\/uploads\/2024\/08\/WhatsApp-Image-2024-08-03-a-19.00.22_60076d02.jpg\"><img loading=\"lazy\" decoding=\"async\" width=\"1024\" height=\"683\" data-id=\"9786\" src=\"https:\/\/mairieassinie.com\/web\/wp-content\/uploads\/2024\/08\/WhatsApp-Image-2024-08-03-a-19.00.22_60076d02-1024x683.jpg\" alt=\"\" class=\"wp-image-9786\" srcset=\"https:\/\/mairieassinie.com\/web\/wp-content\/uploads\/2024\/08\/WhatsApp-Image-2024-08-03-a-19.00.22_60076d02-1024x683.jpg 1024w, https:\/\/mairieassinie.com\/web\/wp-content\/uploads\/2024\/08\/WhatsApp-Image-2024-08-03-a-19.00.22_60076d02-300x200.jpg 300w, https:\/\/mairieassinie.com\/web\/wp-content\/uploads\/2024\/08\/WhatsApp-Image-2024-08-03-a-19.00.22_60076d02-768x512.jpg 768w, https:\/\/mairieassinie.com\/web\/wp-content\/uploads\/2024\/08\/WhatsApp-Image-2024-08-03-a-19.00.22_60076d02-342x228.jpg 342w, https:\/\/mairieassinie.com\/web\/wp-content\/uploads\/2024\/08\/WhatsApp-Image-2024-08-03-a-19.00.22_60076d02.jpg 1080w\" sizes=\"(max-width: 1024px) 100vw, 1024px\" \/><\/a><\/figure>\n\n\n\n<figure class=\"wp-block-image size-large\"><a href=\"https:\/\/mairieassinie.com\/web\/wp-content\/uploads\/2024\/08\/WhatsApp-Image-2024-08-03-a-19.00.22_4e307f3f.jpg\"><img loading=\"lazy\" decoding=\"async\" width=\"1024\" height=\"683\" data-id=\"9788\" src=\"https:\/\/mairieassinie.com\/web\/wp-content\/uploads\/2024\/08\/WhatsApp-Image-2024-08-03-a-19.00.22_4e307f3f-1024x683.jpg\" alt=\"\" class=\"wp-image-9788\" srcset=\"https:\/\/mairieassinie.com\/web\/wp-content\/uploads\/2024\/08\/WhatsApp-Image-2024-08-03-a-19.00.22_4e307f3f-1024x683.jpg 1024w, https:\/\/mairieassinie.com\/web\/wp-content\/uploads\/2024\/08\/WhatsApp-Image-2024-08-03-a-19.00.22_4e307f3f-300x200.jpg 300w, https:\/\/mairieassinie.com\/web\/wp-content\/uploads\/2024\/08\/WhatsApp-Image-2024-08-03-a-19.00.22_4e307f3f-768x512.jpg 768w, https:\/\/mairieassinie.com\/web\/wp-content\/uploads\/2024\/08\/WhatsApp-Image-2024-08-03-a-19.00.22_4e307f3f-342x228.jpg 342w, https:\/\/mairieassinie.com\/web\/wp-content\/uploads\/2024\/08\/WhatsApp-Image-2024-08-03-a-19.00.22_4e307f3f.jpg 1080w\" sizes=\"(max-width: 1024px) 100vw, 1024px\" \/><\/a><\/figure>\n\n\n\n<figure class=\"wp-block-image size-large\"><a href=\"https:\/\/mairieassinie.com\/web\/wp-content\/uploads\/2024\/08\/WhatsApp-Image-2024-08-03-a-19.00.22_e223e628.jpg\"><img loading=\"lazy\" decoding=\"async\" width=\"1024\" height=\"683\" data-id=\"9790\" src=\"https:\/\/mairieassinie.com\/web\/wp-content\/uploads\/2024\/08\/WhatsApp-Image-2024-08-03-a-19.00.22_e223e628-1024x683.jpg\" alt=\"\" class=\"wp-image-9790\" srcset=\"https:\/\/mairieassinie.com\/web\/wp-content\/uploads\/2024\/08\/WhatsApp-Image-2024-08-03-a-19.00.22_e223e628-1024x683.jpg 1024w, https:\/\/mairieassinie.com\/web\/wp-content\/uploads\/2024\/08\/WhatsApp-Image-2024-08-03-a-19.00.22_e223e628-300x200.jpg 300w, https:\/\/mairieassinie.com\/web\/wp-content\/uploads\/2024\/08\/WhatsApp-Image-2024-08-03-a-19.00.22_e223e628-768x512.jpg 768w, https:\/\/mairieassinie.com\/web\/wp-content\/uploads\/2024\/08\/WhatsApp-Image-2024-08-03-a-19.00.22_e223e628-342x228.jpg 342w, https:\/\/mairieassinie.com\/web\/wp-content\/uploads\/2024\/08\/WhatsApp-Image-2024-08-03-a-19.00.22_e223e628.jpg 1080w\" sizes=\"(max-width: 1024px) 100vw, 1024px\" \/><\/a><\/figure>\n\n\n\n<figure class=\"wp-block-image size-large\"><a href=\"https:\/\/mairieassinie.com\/web\/wp-content\/uploads\/2024\/08\/WhatsApp-Image-2024-08-03-a-19.00.21_090efb60.jpg\"><img loading=\"lazy\" decoding=\"async\" width=\"1024\" height=\"683\" data-id=\"9789\" src=\"https:\/\/mairieassinie.com\/web\/wp-content\/uploads\/2024\/08\/WhatsApp-Image-2024-08-03-a-19.00.21_090efb60-1024x683.jpg\" alt=\"\" class=\"wp-image-9789\" srcset=\"https:\/\/mairieassinie.com\/web\/wp-content\/uploads\/2024\/08\/WhatsApp-Image-2024-08-03-a-19.00.21_090efb60-1024x683.jpg 1024w, https:\/\/mairieassinie.com\/web\/wp-content\/uploads\/2024\/08\/WhatsApp-Image-2024-08-03-a-19.00.21_090efb60-300x200.jpg 300w, https:\/\/mairieassinie.com\/web\/wp-content\/uploads\/2024\/08\/WhatsApp-Image-2024-08-03-a-19.00.21_090efb60-768x512.jpg 768w, https:\/\/mairieassinie.com\/web\/wp-content\/uploads\/2024\/08\/WhatsApp-Image-2024-08-03-a-19.00.21_090efb60-342x228.jpg 342w, https:\/\/mairieassinie.com\/web\/wp-content\/uploads\/2024\/08\/WhatsApp-Image-2024-08-03-a-19.00.21_090efb60.jpg 1080w\" sizes=\"(max-width: 1024px) 100vw, 1024px\" \/><\/a><\/figure>\n<\/figure>\n\n    <div class=\"xs_social_share_widget xs_share_url after_content \t\tmain_content  wslu-style-1 wslu-share-box-shaped wslu-fill-colored wslu-none wslu-share-horizontal wslu-theme-font-no wslu-main_content\">\n\n\t\t\n        <ul>\n\t\t\t        <\/ul>\n    <\/div> \n","protected":false},"excerpt":{"rendered":"<p>La communaut&eacute; s&rsquo;est r&eacute;unie le vendredi 2 ao&ucirc;t 2024, pour rendre un dernier hommage &agrave; Virginie Edith Kouam&eacute; Assouan, ancienne conseill&egrave;re respect&eacute;e et admir&eacute;e. Le cort&egrave;ge fun&eacute;raire a marqu&eacute; une pause significative &agrave; la mairie, o&ugrave; un hommage solennel a &eacute;t&eacute; organis&eacute; pour c&eacute;l&eacute;brer la vie et le travail de cette figure &eacute;minente. Virginie Edith [&hellip;]<\/p>\n","protected":false},"author":2,"featured_media":9791,"comment_status":"closed","ping_status":"open","sticky":false,"template":"","format":"standard","meta":{"footnotes":""},"categories":[127,129],"tags":[],"class_list":["post-9782","post","type-post","status-publish","format-standard","has-post-thumbnail","hentry","category-activites","category-infos"],"yoast_head":"<!-- This site is optimized with the Yoast SEO plugin v25.9 - https:\/\/yoast.com\/wordpress\/plugins\/seo\/ -->\n<title>\u275d\ud835\udc03\ud835\udc1e\ud835\udc2b\ud835\udc27\ud835\udc22\ud835\udc1e\ud835\udc2b \ud835\udc07\ud835\udc28\ud835\udc26\ud835\udc26\ud835\udc1a\ud835\udc20\ud835\udc1e \u00e0 \ud835\udc15\ud835\udc22\ud835\udc2b\ud835\udc20\ud835\udc22\ud835\udc27\ud835\udc22\ud835\udc1e \ud835\udc04\ud835\udc1d\ud835\udc22\ud835\udc2d\ud835\udc21 \ud835\udc0a\ud835\udc28\ud835\udc2e\ud835\udc1a\ud835\udc26\ud835\udc1e \ud835\udc00\ud835\udc2c\ud835\udc2c\ud835\udc28\ud835\udc2e\ud835\udc1a\ud835\udc27 : \ud835\udc14\ud835\udc27 \ud835\udc00\ud835\udc1d\ud835\udc22\ud835\udc1e\ud835\udc2e \ud835\udc04\ud835\udc26\ud835\udc28\ud835\udc2e\ud835\udc2f\ud835\udc1a\ud835\udc27\ud835\udc2d\u275e - Mairie d&#039;Assinie-Mairie<\/title>\n<meta name=\"robots\" content=\"index, follow, max-snippet:-1, max-image-preview:large, max-video-preview:-1\" \/>\n<link rel=\"canonical\" href=\"https:\/\/mairieassinie.com\/web\/\u275d\ud835\udc03\ud835\udc1e\ud835\udc2b\ud835\udc27\ud835\udc22\ud835\udc1e\ud835\udc2b-\ud835\udc07\ud835\udc28\ud835\udc26\ud835\udc26\ud835\udc1a\ud835\udc20\ud835\udc1e-a-\ud835\udc15\/\" \/>\n<meta property=\"og:locale\" content=\"fr_FR\" \/>\n<meta property=\"og:type\" content=\"article\" \/>\n<meta property=\"og:title\" content=\"\u275d\ud835\udc03\ud835\udc1e\ud835\udc2b\ud835\udc27\ud835\udc22\ud835\udc1e\ud835\udc2b \ud835\udc07\ud835\udc28\ud835\udc26\ud835\udc26\ud835\udc1a\ud835\udc20\ud835\udc1e \u00e0 \ud835\udc15\ud835\udc22\ud835\udc2b\ud835\udc20\ud835\udc22\ud835\udc27\ud835\udc22\ud835\udc1e \ud835\udc04\ud835\udc1d\ud835\udc22\ud835\udc2d\ud835\udc21 \ud835\udc0a\ud835\udc28\ud835\udc2e\ud835\udc1a\ud835\udc26\ud835\udc1e \ud835\udc00\ud835\udc2c\ud835\udc2c\ud835\udc28\ud835\udc2e\ud835\udc1a\ud835\udc27 : \ud835\udc14\ud835\udc27 \ud835\udc00\ud835\udc1d\ud835\udc22\ud835\udc1e\ud835\udc2e \ud835\udc04\ud835\udc26\ud835\udc28\ud835\udc2e\ud835\udc2f\ud835\udc1a\ud835\udc27\ud835\udc2d\u275e - Mairie d&#039;Assinie-Mairie\" \/>\n<meta property=\"og:description\" content=\"La communaut&eacute; s&rsquo;est r&eacute;unie le vendredi 2 ao&ucirc;t 2024, pour rendre un dernier hommage &agrave; Virginie Edith Kouam&eacute; Assouan, ancienne conseill&egrave;re respect&eacute;e et admir&eacute;e. Le cort&egrave;ge fun&eacute;raire a marqu&eacute; une pause significative &agrave; la mairie, o&ugrave; un hommage solennel a &eacute;t&eacute; organis&eacute; pour c&eacute;l&eacute;brer la vie et le travail de cette figure &eacute;minente. Virginie Edith [&hellip;]\" \/>\n<meta property=\"og:url\" content=\"https:\/\/mairieassinie.com\/web\/\u275d\ud835\udc03\ud835\udc1e\ud835\udc2b\ud835\udc27\ud835\udc22\ud835\udc1e\ud835\udc2b-\ud835\udc07\ud835\udc28\ud835\udc26\ud835\udc26\ud835\udc1a\ud835\udc20\ud835\udc1e-a-\ud835\udc15\/\" \/>\n<meta property=\"og:site_name\" content=\"Mairie d&#039;Assinie-Mairie\" \/>\n<meta property=\"article:publisher\" content=\"https:\/\/www.facebook.com\/mairieassinie.officiel\" \/>\n<meta property=\"article:published_time\" content=\"2024-08-05T07:44:00+00:00\" \/>\n<meta property=\"article:modified_time\" content=\"2024-08-16T11:22:16+00:00\" \/>\n<meta property=\"og:image\" content=\"https:\/\/mairieassinie.com\/web\/wp-content\/uploads\/2024\/08\/WhatsApp-Image-2024-08-03-a-19.00.24_2e278242.jpg\" \/>\n\t<meta property=\"og:image:width\" content=\"1080\" \/>\n\t<meta property=\"og:image:height\" content=\"720\" \/>\n\t<meta property=\"og:image:type\" content=\"image\/jpeg\" \/>\n<meta name=\"author\" content=\"Mairie d&#039;Assinie\" \/>\n<meta name=\"twitter:card\" content=\"summary_large_image\" \/>\n<meta name=\"twitter:label1\" content=\"\u00c9crit par\" \/>\n\t<meta name=\"twitter:data1\" content=\"Mairie d&#039;Assinie\" \/>\n\t<meta name=\"twitter:label2\" content=\"Dur\u00e9e de lecture estim\u00e9e\" \/>\n\t<meta name=\"twitter:data2\" content=\"3 minutes\" \/>\n<script type=\"application\/ld+json\" class=\"yoast-schema-graph\">{\"@context\":\"https:\/\/schema.org\",\"@graph\":[{\"@type\":\"WebPage\",\"@id\":\"https:\/\/mairieassinie.com\/web\/%e2%9d%9d%f0%9d%90%83%f0%9d%90%9e%f0%9d%90%ab%f0%9d%90%a7%f0%9d%90%a2%f0%9d%90%9e%f0%9d%90%ab-%f0%9d%90%87%f0%9d%90%a8%f0%9d%90%a6%f0%9d%90%a6%f0%9d%90%9a%f0%9d%90%a0%f0%9d%90%9e-a-%f0%9d%90%95\/\",\"url\":\"https:\/\/mairieassinie.com\/web\/%e2%9d%9d%f0%9d%90%83%f0%9d%90%9e%f0%9d%90%ab%f0%9d%90%a7%f0%9d%90%a2%f0%9d%90%9e%f0%9d%90%ab-%f0%9d%90%87%f0%9d%90%a8%f0%9d%90%a6%f0%9d%90%a6%f0%9d%90%9a%f0%9d%90%a0%f0%9d%90%9e-a-%f0%9d%90%95\/\",\"name\":\"\u275d\ud835\udc03\ud835\udc1e\ud835\udc2b\ud835\udc27\ud835\udc22\ud835\udc1e\ud835\udc2b \ud835\udc07\ud835\udc28\ud835\udc26\ud835\udc26\ud835\udc1a\ud835\udc20\ud835\udc1e \u00e0 \ud835\udc15\ud835\udc22\ud835\udc2b\ud835\udc20\ud835\udc22\ud835\udc27\ud835\udc22\ud835\udc1e \ud835\udc04\ud835\udc1d\ud835\udc22\ud835\udc2d\ud835\udc21 \ud835\udc0a\ud835\udc28\ud835\udc2e\ud835\udc1a\ud835\udc26\ud835\udc1e \ud835\udc00\ud835\udc2c\ud835\udc2c\ud835\udc28\ud835\udc2e\ud835\udc1a\ud835\udc27 : \ud835\udc14\ud835\udc27 \ud835\udc00\ud835\udc1d\ud835\udc22\ud835\udc1e\ud835\udc2e \ud835\udc04\ud835\udc26\ud835\udc28\ud835\udc2e\ud835\udc2f\ud835\udc1a\ud835\udc27\ud835\udc2d\u275e - Mairie d&#039;Assinie-Mairie\",\"isPartOf\":{\"@id\":\"https:\/\/mairieassinie.com\/web\/#website\"},\"primaryImageOfPage\":{\"@id\":\"https:\/\/mairieassinie.com\/web\/%e2%9d%9d%f0%9d%90%83%f0%9d%90%9e%f0%9d%90%ab%f0%9d%90%a7%f0%9d%90%a2%f0%9d%90%9e%f0%9d%90%ab-%f0%9d%90%87%f0%9d%90%a8%f0%9d%90%a6%f0%9d%90%a6%f0%9d%90%9a%f0%9d%90%a0%f0%9d%90%9e-a-%f0%9d%90%95\/#primaryimage\"},\"image\":{\"@id\":\"https:\/\/mairieassinie.com\/web\/%e2%9d%9d%f0%9d%90%83%f0%9d%90%9e%f0%9d%90%ab%f0%9d%90%a7%f0%9d%90%a2%f0%9d%90%9e%f0%9d%90%ab-%f0%9d%90%87%f0%9d%90%a8%f0%9d%90%a6%f0%9d%90%a6%f0%9d%90%9a%f0%9d%90%a0%f0%9d%90%9e-a-%f0%9d%90%95\/#primaryimage\"},\"thumbnailUrl\":\"https:\/\/mairieassinie.com\/web\/wp-content\/uploads\/2024\/08\/WhatsApp-Image-2024-08-03-a-19.00.24_2e278242.jpg\",\"datePublished\":\"2024-08-05T07:44:00+00:00\",\"dateModified\":\"2024-08-16T11:22:16+00:00\",\"author\":{\"@id\":\"https:\/\/mairieassinie.com\/web\/#\/schema\/person\/ec7ccc40765baa860f4f4018fc599539\"},\"breadcrumb\":{\"@id\":\"https:\/\/mairieassinie.com\/web\/%e2%9d%9d%f0%9d%90%83%f0%9d%90%9e%f0%9d%90%ab%f0%9d%90%a7%f0%9d%90%a2%f0%9d%90%9e%f0%9d%90%ab-%f0%9d%90%87%f0%9d%90%a8%f0%9d%90%a6%f0%9d%90%a6%f0%9d%90%9a%f0%9d%90%a0%f0%9d%90%9e-a-%f0%9d%90%95\/#breadcrumb\"},\"inLanguage\":\"fr-FR\",\"potentialAction\":[{\"@type\":\"ReadAction\",\"target\":[\"https:\/\/mairieassinie.com\/web\/%e2%9d%9d%f0%9d%90%83%f0%9d%90%9e%f0%9d%90%ab%f0%9d%90%a7%f0%9d%90%a2%f0%9d%90%9e%f0%9d%90%ab-%f0%9d%90%87%f0%9d%90%a8%f0%9d%90%a6%f0%9d%90%a6%f0%9d%90%9a%f0%9d%90%a0%f0%9d%90%9e-a-%f0%9d%90%95\/\"]}]},{\"@type\":\"ImageObject\",\"inLanguage\":\"fr-FR\",\"@id\":\"https:\/\/mairieassinie.com\/web\/%e2%9d%9d%f0%9d%90%83%f0%9d%90%9e%f0%9d%90%ab%f0%9d%90%a7%f0%9d%90%a2%f0%9d%90%9e%f0%9d%90%ab-%f0%9d%90%87%f0%9d%90%a8%f0%9d%90%a6%f0%9d%90%a6%f0%9d%90%9a%f0%9d%90%a0%f0%9d%90%9e-a-%f0%9d%90%95\/#primaryimage\",\"url\":\"https:\/\/mairieassinie.com\/web\/wp-content\/uploads\/2024\/08\/WhatsApp-Image-2024-08-03-a-19.00.24_2e278242.jpg\",\"contentUrl\":\"https:\/\/mairieassinie.com\/web\/wp-content\/uploads\/2024\/08\/WhatsApp-Image-2024-08-03-a-19.00.24_2e278242.jpg\",\"width\":1080,\"height\":720},{\"@type\":\"BreadcrumbList\",\"@id\":\"https:\/\/mairieassinie.com\/web\/%e2%9d%9d%f0%9d%90%83%f0%9d%90%9e%f0%9d%90%ab%f0%9d%90%a7%f0%9d%90%a2%f0%9d%90%9e%f0%9d%90%ab-%f0%9d%90%87%f0%9d%90%a8%f0%9d%90%a6%f0%9d%90%a6%f0%9d%90%9a%f0%9d%90%a0%f0%9d%90%9e-a-%f0%9d%90%95\/#breadcrumb\",\"itemListElement\":[{\"@type\":\"ListItem\",\"position\":1,\"name\":\"Accueil\",\"item\":\"https:\/\/mairieassinie.com\/web\/\"},{\"@type\":\"ListItem\",\"position\":2,\"name\":\"\u275d\ud835\udc03\ud835\udc1e\ud835\udc2b\ud835\udc27\ud835\udc22\ud835\udc1e\ud835\udc2b \ud835\udc07\ud835\udc28\ud835\udc26\ud835\udc26\ud835\udc1a\ud835\udc20\ud835\udc1e \u00e0 \ud835\udc15\ud835\udc22\ud835\udc2b\ud835\udc20\ud835\udc22\ud835\udc27\ud835\udc22\ud835\udc1e \ud835\udc04\ud835\udc1d\ud835\udc22\ud835\udc2d\ud835\udc21 \ud835\udc0a\ud835\udc28\ud835\udc2e\ud835\udc1a\ud835\udc26\ud835\udc1e \ud835\udc00\ud835\udc2c\ud835\udc2c\ud835\udc28\ud835\udc2e\ud835\udc1a\ud835\udc27 : \ud835\udc14\ud835\udc27 \ud835\udc00\ud835\udc1d\ud835\udc22\ud835\udc1e\ud835\udc2e \ud835\udc04\ud835\udc26\ud835\udc28\ud835\udc2e\ud835\udc2f\ud835\udc1a\ud835\udc27\ud835\udc2d\u275e\"}]},{\"@type\":\"WebSite\",\"@id\":\"https:\/\/mairieassinie.com\/web\/#website\",\"url\":\"https:\/\/mairieassinie.com\/web\/\",\"name\":\"Mairie d'Assinie\",\"description\":\"Une cit\u00e9 baln\u00e9aire exceptionnelle.\",\"potentialAction\":[{\"@type\":\"SearchAction\",\"target\":{\"@type\":\"EntryPoint\",\"urlTemplate\":\"https:\/\/mairieassinie.com\/web\/?s={search_term_string}\"},\"query-input\":{\"@type\":\"PropertyValueSpecification\",\"valueRequired\":true,\"valueName\":\"search_term_string\"}}],\"inLanguage\":\"fr-FR\"},{\"@type\":\"Person\",\"@id\":\"https:\/\/mairieassinie.com\/web\/#\/schema\/person\/ec7ccc40765baa860f4f4018fc599539\",\"name\":\"Mairie d'Assinie\",\"image\":{\"@type\":\"ImageObject\",\"inLanguage\":\"fr-FR\",\"@id\":\"https:\/\/mairieassinie.com\/web\/#\/schema\/person\/image\/\",\"url\":\"https:\/\/secure.gravatar.com\/avatar\/fc7b38665fad664f31346ac2ed5c06693cf6558ef5a53cc39eb7aa16409fc1b7?s=96&d=mm&r=g\",\"contentUrl\":\"https:\/\/secure.gravatar.com\/avatar\/fc7b38665fad664f31346ac2ed5c06693cf6558ef5a53cc39eb7aa16409fc1b7?s=96&d=mm&r=g\",\"caption\":\"Mairie d'Assinie\"},\"url\":\"https:\/\/mairieassinie.com\/web\/author\/webmaster\/\"}]}<\/script>\n<!-- \/ Yoast SEO plugin. -->","yoast_head_json":{"title":"\u275d\ud835\udc03\ud835\udc1e\ud835\udc2b\ud835\udc27\ud835\udc22\ud835\udc1e\ud835\udc2b \ud835\udc07\ud835\udc28\ud835\udc26\ud835\udc26\ud835\udc1a\ud835\udc20\ud835\udc1e \u00e0 \ud835\udc15\ud835\udc22\ud835\udc2b\ud835\udc20\ud835\udc22\ud835\udc27\ud835\udc22\ud835\udc1e \ud835\udc04\ud835\udc1d\ud835\udc22\ud835\udc2d\ud835\udc21 \ud835\udc0a\ud835\udc28\ud835\udc2e\ud835\udc1a\ud835\udc26\ud835\udc1e \ud835\udc00\ud835\udc2c\ud835\udc2c\ud835\udc28\ud835\udc2e\ud835\udc1a\ud835\udc27 : \ud835\udc14\ud835\udc27 \ud835\udc00\ud835\udc1d\ud835\udc22\ud835\udc1e\ud835\udc2e \ud835\udc04\ud835\udc26\ud835\udc28\ud835\udc2e\ud835\udc2f\ud835\udc1a\ud835\udc27\ud835\udc2d\u275e - Mairie d&#039;Assinie-Mairie","robots":{"index":"index","follow":"follow","max-snippet":"max-snippet:-1","max-image-preview":"max-image-preview:large","max-video-preview":"max-video-preview:-1"},"canonical":"https:\/\/mairieassinie.com\/web\/\u275d\ud835\udc03\ud835\udc1e\ud835\udc2b\ud835\udc27\ud835\udc22\ud835\udc1e\ud835\udc2b-\ud835\udc07\ud835\udc28\ud835\udc26\ud835\udc26\ud835\udc1a\ud835\udc20\ud835\udc1e-a-\ud835\udc15\/","og_locale":"fr_FR","og_type":"article","og_title":"\u275d\ud835\udc03\ud835\udc1e\ud835\udc2b\ud835\udc27\ud835\udc22\ud835\udc1e\ud835\udc2b \ud835\udc07\ud835\udc28\ud835\udc26\ud835\udc26\ud835\udc1a\ud835\udc20\ud835\udc1e \u00e0 \ud835\udc15\ud835\udc22\ud835\udc2b\ud835\udc20\ud835\udc22\ud835\udc27\ud835\udc22\ud835\udc1e \ud835\udc04\ud835\udc1d\ud835\udc22\ud835\udc2d\ud835\udc21 \ud835\udc0a\ud835\udc28\ud835\udc2e\ud835\udc1a\ud835\udc26\ud835\udc1e \ud835\udc00\ud835\udc2c\ud835\udc2c\ud835\udc28\ud835\udc2e\ud835\udc1a\ud835\udc27 : \ud835\udc14\ud835\udc27 \ud835\udc00\ud835\udc1d\ud835\udc22\ud835\udc1e\ud835\udc2e \ud835\udc04\ud835\udc26\ud835\udc28\ud835\udc2e\ud835\udc2f\ud835\udc1a\ud835\udc27\ud835\udc2d\u275e - Mairie d&#039;Assinie-Mairie","og_description":"La communaut&eacute; s&rsquo;est r&eacute;unie le vendredi 2 ao&ucirc;t 2024, pour rendre un dernier hommage &agrave; Virginie Edith Kouam&eacute; Assouan, ancienne conseill&egrave;re respect&eacute;e et admir&eacute;e. Le cort&egrave;ge fun&eacute;raire a marqu&eacute; une pause significative &agrave; la mairie, o&ugrave; un hommage solennel a &eacute;t&eacute; organis&eacute; pour c&eacute;l&eacute;brer la vie et le travail de cette figure &eacute;minente. Virginie Edith [&hellip;]","og_url":"https:\/\/mairieassinie.com\/web\/\u275d\ud835\udc03\ud835\udc1e\ud835\udc2b\ud835\udc27\ud835\udc22\ud835\udc1e\ud835\udc2b-\ud835\udc07\ud835\udc28\ud835\udc26\ud835\udc26\ud835\udc1a\ud835\udc20\ud835\udc1e-a-\ud835\udc15\/","og_site_name":"Mairie d&#039;Assinie-Mairie","article_publisher":"https:\/\/www.facebook.com\/mairieassinie.officiel","article_published_time":"2024-08-05T07:44:00+00:00","article_modified_time":"2024-08-16T11:22:16+00:00","og_image":[{"width":1080,"height":720,"url":"https:\/\/mairieassinie.com\/web\/wp-content\/uploads\/2024\/08\/WhatsApp-Image-2024-08-03-a-19.00.24_2e278242.jpg","type":"image\/jpeg"}],"author":"Mairie d'Assinie","twitter_card":"summary_large_image","twitter_misc":{"\u00c9crit par":"Mairie d'Assinie","Dur\u00e9e de lecture estim\u00e9e":"3 minutes"},"schema":{"@context":"https:\/\/schema.org","@graph":[{"@type":"WebPage","@id":"https:\/\/mairieassinie.com\/web\/%e2%9d%9d%f0%9d%90%83%f0%9d%90%9e%f0%9d%90%ab%f0%9d%90%a7%f0%9d%90%a2%f0%9d%90%9e%f0%9d%90%ab-%f0%9d%90%87%f0%9d%90%a8%f0%9d%90%a6%f0%9d%90%a6%f0%9d%90%9a%f0%9d%90%a0%f0%9d%90%9e-a-%f0%9d%90%95\/","url":"https:\/\/mairieassinie.com\/web\/%e2%9d%9d%f0%9d%90%83%f0%9d%90%9e%f0%9d%90%ab%f0%9d%90%a7%f0%9d%90%a2%f0%9d%90%9e%f0%9d%90%ab-%f0%9d%90%87%f0%9d%90%a8%f0%9d%90%a6%f0%9d%90%a6%f0%9d%90%9a%f0%9d%90%a0%f0%9d%90%9e-a-%f0%9d%90%95\/","name":"\u275d\ud835\udc03\ud835\udc1e\ud835\udc2b\ud835\udc27\ud835\udc22\ud835\udc1e\ud835\udc2b \ud835\udc07\ud835\udc28\ud835\udc26\ud835\udc26\ud835\udc1a\ud835\udc20\ud835\udc1e \u00e0 \ud835\udc15\ud835\udc22\ud835\udc2b\ud835\udc20\ud835\udc22\ud835\udc27\ud835\udc22\ud835\udc1e \ud835\udc04\ud835\udc1d\ud835\udc22\ud835\udc2d\ud835\udc21 \ud835\udc0a\ud835\udc28\ud835\udc2e\ud835\udc1a\ud835\udc26\ud835\udc1e \ud835\udc00\ud835\udc2c\ud835\udc2c\ud835\udc28\ud835\udc2e\ud835\udc1a\ud835\udc27 : \ud835\udc14\ud835\udc27 \ud835\udc00\ud835\udc1d\ud835\udc22\ud835\udc1e\ud835\udc2e \ud835\udc04\ud835\udc26\ud835\udc28\ud835\udc2e\ud835\udc2f\ud835\udc1a\ud835\udc27\ud835\udc2d\u275e - Mairie d&#039;Assinie-Mairie","isPartOf":{"@id":"https:\/\/mairieassinie.com\/web\/#website"},"primaryImageOfPage":{"@id":"https:\/\/mairieassinie.com\/web\/%e2%9d%9d%f0%9d%90%83%f0%9d%90%9e%f0%9d%90%ab%f0%9d%90%a7%f0%9d%90%a2%f0%9d%90%9e%f0%9d%90%ab-%f0%9d%90%87%f0%9d%90%a8%f0%9d%90%a6%f0%9d%90%a6%f0%9d%90%9a%f0%9d%90%a0%f0%9d%90%9e-a-%f0%9d%90%95\/#primaryimage"},"image":{"@id":"https:\/\/mairieassinie.com\/web\/%e2%9d%9d%f0%9d%90%83%f0%9d%90%9e%f0%9d%90%ab%f0%9d%90%a7%f0%9d%90%a2%f0%9d%90%9e%f0%9d%90%ab-%f0%9d%90%87%f0%9d%90%a8%f0%9d%90%a6%f0%9d%90%a6%f0%9d%90%9a%f0%9d%90%a0%f0%9d%90%9e-a-%f0%9d%90%95\/#primaryimage"},"thumbnailUrl":"https:\/\/mairieassinie.com\/web\/wp-content\/uploads\/2024\/08\/WhatsApp-Image-2024-08-03-a-19.00.24_2e278242.jpg","datePublished":"2024-08-05T07:44:00+00:00","dateModified":"2024-08-16T11:22:16+00:00","author":{"@id":"https:\/\/mairieassinie.com\/web\/#\/schema\/person\/ec7ccc40765baa860f4f4018fc599539"},"breadcrumb":{"@id":"https:\/\/mairieassinie.com\/web\/%e2%9d%9d%f0%9d%90%83%f0%9d%90%9e%f0%9d%90%ab%f0%9d%90%a7%f0%9d%90%a2%f0%9d%90%9e%f0%9d%90%ab-%f0%9d%90%87%f0%9d%90%a8%f0%9d%90%a6%f0%9d%90%a6%f0%9d%90%9a%f0%9d%90%a0%f0%9d%90%9e-a-%f0%9d%90%95\/#breadcrumb"},"inLanguage":"fr-FR","potentialAction":[{"@type":"ReadAction","target":["https:\/\/mairieassinie.com\/web\/%e2%9d%9d%f0%9d%90%83%f0%9d%90%9e%f0%9d%90%ab%f0%9d%90%a7%f0%9d%90%a2%f0%9d%90%9e%f0%9d%90%ab-%f0%9d%90%87%f0%9d%90%a8%f0%9d%90%a6%f0%9d%90%a6%f0%9d%90%9a%f0%9d%90%a0%f0%9d%90%9e-a-%f0%9d%90%95\/"]}]},{"@type":"ImageObject","inLanguage":"fr-FR","@id":"https:\/\/mairieassinie.com\/web\/%e2%9d%9d%f0%9d%90%83%f0%9d%90%9e%f0%9d%90%ab%f0%9d%90%a7%f0%9d%90%a2%f0%9d%90%9e%f0%9d%90%ab-%f0%9d%90%87%f0%9d%90%a8%f0%9d%90%a6%f0%9d%90%a6%f0%9d%90%9a%f0%9d%90%a0%f0%9d%90%9e-a-%f0%9d%90%95\/#primaryimage","url":"https:\/\/mairieassinie.com\/web\/wp-content\/uploads\/2024\/08\/WhatsApp-Image-2024-08-03-a-19.00.24_2e278242.jpg","contentUrl":"https:\/\/mairieassinie.com\/web\/wp-content\/uploads\/2024\/08\/WhatsApp-Image-2024-08-03-a-19.00.24_2e278242.jpg","width":1080,"height":720},{"@type":"BreadcrumbList","@id":"https:\/\/mairieassinie.com\/web\/%e2%9d%9d%f0%9d%90%83%f0%9d%90%9e%f0%9d%90%ab%f0%9d%90%a7%f0%9d%90%a2%f0%9d%90%9e%f0%9d%90%ab-%f0%9d%90%87%f0%9d%90%a8%f0%9d%90%a6%f0%9d%90%a6%f0%9d%90%9a%f0%9d%90%a0%f0%9d%90%9e-a-%f0%9d%90%95\/#breadcrumb","itemListElement":[{"@type":"ListItem","position":1,"name":"Accueil","item":"https:\/\/mairieassinie.com\/web\/"},{"@type":"ListItem","position":2,"name":"\u275d\ud835\udc03\ud835\udc1e\ud835\udc2b\ud835\udc27\ud835\udc22\ud835\udc1e\ud835\udc2b \ud835\udc07\ud835\udc28\ud835\udc26\ud835\udc26\ud835\udc1a\ud835\udc20\ud835\udc1e \u00e0 \ud835\udc15\ud835\udc22\ud835\udc2b\ud835\udc20\ud835\udc22\ud835\udc27\ud835\udc22\ud835\udc1e \ud835\udc04\ud835\udc1d\ud835\udc22\ud835\udc2d\ud835\udc21 \ud835\udc0a\ud835\udc28\ud835\udc2e\ud835\udc1a\ud835\udc26\ud835\udc1e \ud835\udc00\ud835\udc2c\ud835\udc2c\ud835\udc28\ud835\udc2e\ud835\udc1a\ud835\udc27 : \ud835\udc14\ud835\udc27 \ud835\udc00\ud835\udc1d\ud835\udc22\ud835\udc1e\ud835\udc2e \ud835\udc04\ud835\udc26\ud835\udc28\ud835\udc2e\ud835\udc2f\ud835\udc1a\ud835\udc27\ud835\udc2d\u275e"}]},{"@type":"WebSite","@id":"https:\/\/mairieassinie.com\/web\/#website","url":"https:\/\/mairieassinie.com\/web\/","name":"Mairie d'Assinie","description":"Une cit\u00e9 baln\u00e9aire exceptionnelle.","potentialAction":[{"@type":"SearchAction","target":{"@type":"EntryPoint","urlTemplate":"https:\/\/mairieassinie.com\/web\/?s={search_term_string}"},"query-input":{"@type":"PropertyValueSpecification","valueRequired":true,"valueName":"search_term_string"}}],"inLanguage":"fr-FR"},{"@type":"Person","@id":"https:\/\/mairieassinie.com\/web\/#\/schema\/person\/ec7ccc40765baa860f4f4018fc599539","name":"Mairie d'Assinie","image":{"@type":"ImageObject","inLanguage":"fr-FR","@id":"https:\/\/mairieassinie.com\/web\/#\/schema\/person\/image\/","url":"https:\/\/secure.gravatar.com\/avatar\/fc7b38665fad664f31346ac2ed5c06693cf6558ef5a53cc39eb7aa16409fc1b7?s=96&d=mm&r=g","contentUrl":"https:\/\/secure.gravatar.com\/avatar\/fc7b38665fad664f31346ac2ed5c06693cf6558ef5a53cc39eb7aa16409fc1b7?s=96&d=mm&r=g","caption":"Mairie d'Assinie"},"url":"https:\/\/mairieassinie.com\/web\/author\/webmaster\/"}]}},"_links":{"self":[{"href":"https:\/\/mairieassinie.com\/web\/wp-json\/wp\/v2\/posts\/9782","targetHints":{"allow":["GET"]}}],"collection":[{"href":"https:\/\/mairieassinie.com\/web\/wp-json\/wp\/v2\/posts"}],"about":[{"href":"https:\/\/mairieassinie.com\/web\/wp-json\/wp\/v2\/types\/post"}],"author":[{"embeddable":true,"href":"https:\/\/mairieassinie.com\/web\/wp-json\/wp\/v2\/users\/2"}],"replies":[{"embeddable":true,"href":"https:\/\/mairieassinie.com\/web\/wp-json\/wp\/v2\/comments?post=9782"}],"version-history":[{"count":1,"href":"https:\/\/mairieassinie.com\/web\/wp-json\/wp\/v2\/posts\/9782\/revisions"}],"predecessor-version":[{"id":9792,"href":"https:\/\/mairieassinie.com\/web\/wp-json\/wp\/v2\/posts\/9782\/revisions\/9792"}],"wp:featuredmedia":[{"embeddable":true,"href":"https:\/\/mairieassinie.com\/web\/wp-json\/wp\/v2\/media\/9791"}],"wp:attachment":[{"href":"https:\/\/mairieassinie.com\/web\/wp-json\/wp\/v2\/media?parent=9782"}],"wp:term":[{"taxonomy":"category","embeddable":true,"href":"https:\/\/mairieassinie.com\/web\/wp-json\/wp\/v2\/categories?post=9782"},{"taxonomy":"post_tag","embeddable":true,"href":"https:\/\/mairieassinie.com\/web\/wp-json\/wp\/v2\/tags?post=9782"}],"curies":[{"name":"wp","href":"https:\/\/api.w.org\/{rel}","templated":true}]}}